{"id":18098,"date":"2020-04-21T12:07:55","date_gmt":"2020-04-21T12:07:55","guid":{"rendered":"http:\/\/www.friaguinee.net\/?p=18098"},"modified":"2020-04-21T12:07:56","modified_gmt":"2020-04-21T12:07:56","slug":"guinee-assemblee-nationale-amadou-damaro-camara-elu-president","status":"publish","type":"post","link":"https:\/\/www.friaguinee.net\/index.php\/2020\/04\/21\/guinee-assemblee-nationale-amadou-damaro-camara-elu-president\/","title":{"rendered":"Guin\u00e9e\/Assembl\u00e9e Nationale: Amadou Damaro Camara \u00e9lu Pr\u00e9sident"},"content":{"rendered":"\n<p>Comme annonc\u00e9 par le Pr\u00e9sident de la R\u00e9publique, la session inaugurale de l&rsquo;Assembl\u00e9e Nationale s&rsquo;est ouvert ce mardi 21 avril 2020 au palais du peuple.<\/p>\n\n\n\n<p>Au cours de cette session, les d\u00e9put\u00e9s ont proc\u00e9d\u00e9 \u00e0 l&rsquo;\u00e9lection de leur pr\u00e9sident. Pour le perchoir, Damaro Camara du RPG \u00e9tait face \u00e0 Mohamed Lamine Kaba du parti Fidel.<\/p>\n\n\n\n<p>A l&rsquo;issue des votes, Amadou Damaro Camara, ancien pr\u00e9sident du groupe parlementaire de la majorit\u00e9 pr\u00e9sidentielle, a \u00e9t\u00e9 \u00e9lu avec 98 voix. Il devient ainsi le Presindent de la 9\u00e9me l\u00e9gislature de la R\u00e9publique de Guin\u00e9e, le premier de la nouvelle R\u00e9publique. <\/p>\n\n\n\n<p>A noter que l&rsquo;ancien Pr\u00e9sident Claude Kory Kondiano \u00e9tait absent \u00e0 cette session.<\/p>\n\n\n\n<p><strong>N\u00e8n\u00e8 Aissatou Bald\u00e9 pour friaguinee.net <\/strong><\/p>\n","protected":false},"excerpt":{"rendered":"<p>Comme annonc\u00e9 par le Pr\u00e9sident de la R\u00e9publique, la session inaugurale de l&rsquo;Assembl\u00e9e Nationale s&rsquo;est ouvert ce mardi 21 avril 2020 au palais du peuple. Au cours de cette session, les d\u00e9put\u00e9s ont proc\u00e9d\u00e9 \u00e0 l&rsquo;\u00e9lection de leur pr\u00e9sident. Pour le perchoir, Damaro Camara du RPG \u00e9tait face \u00e0 Mohamed Lamine Kaba du parti Fidel. [&hellip;]<\/p>\n","protected":false},"author":2,"featured_media":18099,"comment_status":"open","ping_status":"open","sticky":false,"template":"","format":"standard","meta":{"footnotes":""},"categories":[2],"tags":[1905,2958,2112,148,138,2903],"class_list":["post-18098","post","type-post","status-publish","format-standard","has-post-thumbnail","hentry","category-actualites","tag-1905","tag-amadou-damaro-camara","tag-assemblee-nationale","tag-guinee","tag-president","tag-session-inaugurale"],"_links":{"self":[{"href":"https:\/\/www.friaguinee.net\/index.php\/wp-json\/wp\/v2\/posts\/18098","targetHints":{"allow":["GET"]}}],"collection":[{"href":"https:\/\/www.friaguinee.net\/index.php\/wp-json\/wp\/v2\/posts"}],"about":[{"href":"https:\/\/www.friaguinee.net\/index.php\/wp-json\/wp\/v2\/types\/post"}],"author":[{"embeddable":true,"href":"https:\/\/www.friaguinee.net\/index.php\/wp-json\/wp\/v2\/users\/2"}],"replies":[{"embeddable":true,"href":"https:\/\/www.friaguinee.net\/index.php\/wp-json\/wp\/v2\/comments?post=18098"}],"version-history":[{"count":1,"href":"https:\/\/www.friaguinee.net\/index.php\/wp-json\/wp\/v2\/posts\/18098\/revisions"}],"predecessor-version":[{"id":18100,"href":"https:\/\/www.friaguinee.net\/index.php\/wp-json\/wp\/v2\/posts\/18098\/revisions\/18100"}],"wp:featuredmedia":[{"embeddable":true,"href":"https:\/\/www.friaguinee.net\/index.php\/wp-json\/wp\/v2\/media\/18099"}],"wp:attachment":[{"href":"https:\/\/www.friaguinee.net\/index.php\/wp-json\/wp\/v2\/media?parent=18098"}],"wp:term":[{"taxonomy":"category","embeddable":true,"href":"https:\/\/www.friaguinee.net\/index.php\/wp-json\/wp\/v2\/categories?post=18098"},{"taxonomy":"post_tag","embeddable":true,"href":"https:\/\/www.friaguinee.net\/index.php\/wp-json\/wp\/v2\/tags?post=18098"}],"curies":[{"name":"wp","href":"https:\/\/api.w.org\/{rel}","templated":true}]}}