{"id":17999,"date":"2020-04-20T13:26:30","date_gmt":"2020-04-20T13:26:30","guid":{"rendered":"http:\/\/www.friaguinee.net\/?p=17999"},"modified":"2020-04-20T13:35:34","modified_gmt":"2020-04-20T13:35:34","slug":"boke-une-partie-de-peche-tourne-au-drame","status":"publish","type":"post","link":"https:\/\/www.friaguinee.net\/index.php\/2020\/04\/20\/boke-une-partie-de-peche-tourne-au-drame\/","title":{"rendered":"Bok\u00e9: une partie de p\u00eache tourne au drame"},"content":{"rendered":"\n<p>C&rsquo;est aux environs de 10 heures ce lundi que les riverains du bras de mer du Rio Nunez ont \u00e9t\u00e9 alert\u00e9s par les amis du jeune gar\u00e7on surnomm\u00e9 Imam. <\/p>\n\n\n\n<p>Ce dernier est d\u00e9c\u00e9d\u00e9 noy\u00e9 alors qu&rsquo;il participait \u00e0 une partie de p\u00eache avec ses camarades.<\/p>\n\n\n\n<p>Selon les t\u00e9moins, le gar\u00e7on \u00e2g\u00e9 de 11 ans, est venu de la sous-pr\u00e9fecture de Kolaboui pour assister au mariage de sa s\u0153ur dans la commune urbaine de Bok\u00e9.  Apr\u00e8s la c\u00e9r\u00e9monie, des amis l&rsquo;ont invit\u00e9 \u00e0 aller p\u00eacher sur le bras de mer du Rio Nunez. Imam lan\u00e7a sa corde qui s&rsquo;est retrouv\u00e9e coinc\u00e9e \u00e0 un objet dont on ignore. C&rsquo;est dans sa tentative de r\u00e9cup\u00e9rer sa corde avec force, qu&rsquo;il a gliss\u00e9 pour se retrouver dans l&rsquo;eau. Apr\u00e8s quelques minutes de lutte contre la mort, Imam a rendu l&rsquo;\u00e2me.<\/p>\n\n\n\n<p>Son corps a \u00e9t\u00e9 rep\u00each\u00e9 et rendu \u00e0 ses parents pour l&rsquo;inhumation.<\/p>\n\n\n\n<p>L&rsquo;absence des services de protection civile, de la police, de la gendarmerie et des autorit\u00e9s locales, \u00e9tait remarquable sur les lieux. <\/p>\n\n\n\n<p><strong>Aboubacar Finance Barry pour friaguinee.net <\/strong><\/p>\n","protected":false},"excerpt":{"rendered":"<p>C&rsquo;est aux environs de 10 heures ce lundi que les riverains du bras de mer du Rio Nunez ont \u00e9t\u00e9 alert\u00e9s par les amis du jeune gar\u00e7on surnomm\u00e9 Imam. Ce dernier est d\u00e9c\u00e9d\u00e9 noy\u00e9 alors qu&rsquo;il participait \u00e0 une partie de p\u00eache avec ses camarades. Selon les t\u00e9moins, le gar\u00e7on \u00e2g\u00e9 de 11 ans, est [&hellip;]<\/p>\n","protected":false},"author":2,"featured_media":18002,"comment_status":"open","ping_status":"open","sticky":false,"template":"","format":"standard","meta":{"footnotes":""},"categories":[208],"tags":[236,2943,246,2942],"class_list":["post-17999","post","type-post","status-publish","format-standard","has-post-thumbnail","hentry","category-faits-divers","tag-boke","tag-drame","tag-noyade","tag-partie-de-peche"],"_links":{"self":[{"href":"https:\/\/www.friaguinee.net\/index.php\/wp-json\/wp\/v2\/posts\/17999","targetHints":{"allow":["GET"]}}],"collection":[{"href":"https:\/\/www.friaguinee.net\/index.php\/wp-json\/wp\/v2\/posts"}],"about":[{"href":"https:\/\/www.friaguinee.net\/index.php\/wp-json\/wp\/v2\/types\/post"}],"author":[{"embeddable":true,"href":"https:\/\/www.friaguinee.net\/index.php\/wp-json\/wp\/v2\/users\/2"}],"replies":[{"embeddable":true,"href":"https:\/\/www.friaguinee.net\/index.php\/wp-json\/wp\/v2\/comments?post=17999"}],"version-history":[{"count":4,"href":"https:\/\/www.friaguinee.net\/index.php\/wp-json\/wp\/v2\/posts\/17999\/revisions"}],"predecessor-version":[{"id":18004,"href":"https:\/\/www.friaguinee.net\/index.php\/wp-json\/wp\/v2\/posts\/17999\/revisions\/18004"}],"wp:featuredmedia":[{"embeddable":true,"href":"https:\/\/www.friaguinee.net\/index.php\/wp-json\/wp\/v2\/media\/18002"}],"wp:attachment":[{"href":"https:\/\/www.friaguinee.net\/index.php\/wp-json\/wp\/v2\/media?parent=17999"}],"wp:term":[{"taxonomy":"category","embeddable":true,"href":"https:\/\/www.friaguinee.net\/index.php\/wp-json\/wp\/v2\/categories?post=17999"},{"taxonomy":"post_tag","embeddable":true,"href":"https:\/\/www.friaguinee.net\/index.php\/wp-json\/wp\/v2\/tags?post=17999"}],"curies":[{"name":"wp","href":"https:\/\/api.w.org\/{rel}","templated":true}]}}