{"id":17897,"date":"2020-04-18T14:09:30","date_gmt":"2020-04-18T14:09:30","guid":{"rendered":"http:\/\/www.friaguinee.net\/?p=17897"},"modified":"2020-04-18T14:09:32","modified_gmt":"2020-04-18T14:09:32","slug":"fria-port-obligatoire-du-masque-la-mesure-a-peine-respectee-la-police-menace","status":"publish","type":"post","link":"https:\/\/www.friaguinee.net\/index.php\/2020\/04\/18\/fria-port-obligatoire-du-masque-la-mesure-a-peine-respectee-la-police-menace\/","title":{"rendered":"Fria\/Port obligatoire du masque: la mesure \u00e0 peine respect\u00e9e, la police menace"},"content":{"rendered":"\n<p>Conform\u00e9ment aux derni\u00e8res\nmesures prises par le Chef de l\u2019Etat dans son dernier d\u00e9cret s\u2019inscrivant dans\nla riposte contre le covid-19, le port obligatoire du masque entre en vigueur\nce samedi 18 avril 2020, sur toute l\u2019\u00e9tendue du territoire national.<\/p>\n\n\n\n<figure class=\"wp-block-image\"><img loading=\"lazy\" decoding=\"async\" width=\"896\" height=\"672\" src=\"http:\/\/www.friaguinee.net\/wp-content\/uploads\/2020\/04\/93959419_674022406730043_3495689417111109632_n-1.jpg\" alt=\"\" class=\"wp-image-17901\" srcset=\"https:\/\/www.friaguinee.net\/wp-content\/uploads\/2020\/04\/93959419_674022406730043_3495689417111109632_n-1.jpg 896w, https:\/\/www.friaguinee.net\/wp-content\/uploads\/2020\/04\/93959419_674022406730043_3495689417111109632_n-1-300x225.jpg 300w, https:\/\/www.friaguinee.net\/wp-content\/uploads\/2020\/04\/93959419_674022406730043_3495689417111109632_n-1-768x576.jpg 768w, https:\/\/www.friaguinee.net\/wp-content\/uploads\/2020\/04\/93959419_674022406730043_3495689417111109632_n-1-80x60.jpg 80w, https:\/\/www.friaguinee.net\/wp-content\/uploads\/2020\/04\/93959419_674022406730043_3495689417111109632_n-1-265x198.jpg 265w, https:\/\/www.friaguinee.net\/wp-content\/uploads\/2020\/04\/93959419_674022406730043_3495689417111109632_n-1-696x522.jpg 696w, https:\/\/www.friaguinee.net\/wp-content\/uploads\/2020\/04\/93959419_674022406730043_3495689417111109632_n-1-560x420.jpg 560w\" sizes=\"auto, (max-width: 896px) 100vw, 896px\" \/><\/figure>\n\n\n\n<p>Dans la ville de Fria, la population dans sa grande majorit\u00e9 s\u2019est soumise \u00e0 cette id\u00e9e. Compte tenu de la situation financi\u00e8re, plusieurs citoyens se sont tourn\u00e9s vers les masques alternatifs faits en tissus par les couturiers, vendus \u00e0 vil prix. Ceux qui ont accept\u00e9 de respecter cette mesure, se disent conscients du danger auquel ils sont expos\u00e9s.<\/p>\n\n\n\n<p>&lt;&lt; <strong><em>Je\nsuis vraiment inquiet des nombreux cas confirm\u00e9s dans la capitale en trois\njours. J\u2019ai vraiment peur, c\u2019est pourquoi je porte le masque et demande \u00e0 tout\nle monde de le porter pour se prot\u00e9ger et prot\u00e9ger les proches. Cette d\u00e9cision\ndu &nbsp;Pr\u00e9sident de la R\u00e9publique est\nsalutaire, il a raison de nous imposer le port du masque sinon ce n\u2019est pas bon\npour le pays<\/em><\/strong> &gt;&gt; a d\u00e9clar\u00e9 M.Diallo.<\/p>\n\n\n\n<figure class=\"wp-block-image\"><img loading=\"lazy\" decoding=\"async\" width=\"945\" height=\"709\" src=\"http:\/\/www.friaguinee.net\/wp-content\/uploads\/2020\/04\/52794033_310463259665601_5162946367949111296_n.jpg\" alt=\"\" class=\"wp-image-17899\" srcset=\"https:\/\/www.friaguinee.net\/wp-content\/uploads\/2020\/04\/52794033_310463259665601_5162946367949111296_n.jpg 945w, https:\/\/www.friaguinee.net\/wp-content\/uploads\/2020\/04\/52794033_310463259665601_5162946367949111296_n-300x225.jpg 300w, https:\/\/www.friaguinee.net\/wp-content\/uploads\/2020\/04\/52794033_310463259665601_5162946367949111296_n-768x576.jpg 768w, https:\/\/www.friaguinee.net\/wp-content\/uploads\/2020\/04\/52794033_310463259665601_5162946367949111296_n-80x60.jpg 80w, https:\/\/www.friaguinee.net\/wp-content\/uploads\/2020\/04\/52794033_310463259665601_5162946367949111296_n-265x198.jpg 265w, https:\/\/www.friaguinee.net\/wp-content\/uploads\/2020\/04\/52794033_310463259665601_5162946367949111296_n-696x522.jpg 696w, https:\/\/www.friaguinee.net\/wp-content\/uploads\/2020\/04\/52794033_310463259665601_5162946367949111296_n-560x420.jpg 560w\" sizes=\"auto, (max-width: 945px) 100vw, 945px\" \/><\/figure>\n\n\n\n<p>Par contre, dans le grand march\u00e9, l\u2019appel semble \u00eatre tomb\u00e9 dans des oreilles de sourds. A certains endroits, notamment les kiosques de vente de caf\u00e9, les stations de taxi moto, chez&nbsp; les femmes \u00e9talagistes, plusieurs personnes ont le visage d\u00e9couvert et certains policiers cens\u00e9s faire respecter la mesure, les laissent passer sans inqui\u00e9tude.<\/p>\n\n\n\n<p>Contact\u00e9 pour la\ncirconstance, le Commissaire adjoint de la police centrale de Fria assure que\ntout est mis en \u0153uvre pour faire respecter les mesures, mais soutient que ces\ndeux premiers jours sont consacr\u00e9s \u00e0 la sensibilisation.<\/p>\n\n\n\n<p>&lt;&lt; <em style=\"\"><b>Depuis le premi\u00e8re jour jusqu\u2019\u00e0 maintenant nous veillons \u00e0 ce que toutes les mesures prises soit respect\u00e9es. On a mis en place une commission compos\u00e9e de la pr\u00e9fecture, la commune, l\u2019h\u00f4pital et chaque jour nous tenons des r\u00e9unions pour que ces mesures soient appliqu\u00e9es conform\u00e9ment aux r\u00e8glements. Pour la journ\u00e9e d\u2019aujourd\u2019hui, vous savez que le d\u00e9cret portant sur le port obligatoire du masque rentre en vigueur, on a d\u00e9ploy\u00e9 des agents au niveau des points strat\u00e9giques, nous allons consacrer la journ\u00e9e <\/b><\/em><strong><em>d&rsquo;aujourd\u2019hui et demain dimanche \u00e0 la sensibilisation, mais le lundi nous passerons \u00e0 la r\u00e9pression<\/em><\/strong> &gt;&gt; a-t-il annonc\u00e9.<\/p>\n\n\n\n<figure class=\"wp-block-image\"><img loading=\"lazy\" decoding=\"async\" width=\"945\" height=\"709\" src=\"http:\/\/www.friaguinee.net\/wp-content\/uploads\/2020\/04\/94243634_657218951513846_8367879731915259904_n.jpg\" alt=\"\" class=\"wp-image-17902\" srcset=\"https:\/\/www.friaguinee.net\/wp-content\/uploads\/2020\/04\/94243634_657218951513846_8367879731915259904_n.jpg 945w, https:\/\/www.friaguinee.net\/wp-content\/uploads\/2020\/04\/94243634_657218951513846_8367879731915259904_n-300x225.jpg 300w, https:\/\/www.friaguinee.net\/wp-content\/uploads\/2020\/04\/94243634_657218951513846_8367879731915259904_n-768x576.jpg 768w, https:\/\/www.friaguinee.net\/wp-content\/uploads\/2020\/04\/94243634_657218951513846_8367879731915259904_n-80x60.jpg 80w, https:\/\/www.friaguinee.net\/wp-content\/uploads\/2020\/04\/94243634_657218951513846_8367879731915259904_n-265x198.jpg 265w, https:\/\/www.friaguinee.net\/wp-content\/uploads\/2020\/04\/94243634_657218951513846_8367879731915259904_n-696x522.jpg 696w, https:\/\/www.friaguinee.net\/wp-content\/uploads\/2020\/04\/94243634_657218951513846_8367879731915259904_n-560x420.jpg 560w\" sizes=\"auto, (max-width: 945px) 100vw, 945px\" \/><\/figure>\n\n\n\n<p>A la mi-journ\u00e9e, aucun incident entre agents des services de s\u00e9curit\u00e9 et citoyens n\u2019est signal\u00e9. Cependant certains citoyens nous ont souffl\u00e9 que des agents leur ont r\u00e9clam\u00e9 50&nbsp;000 FG d\u2019amende au lieu de 30 000  FG  pour non port de masques. Une all\u00e9gation rejet\u00e9e par ces derniers qui promettent de passer \u00e0 la vitesse sup\u00e9rieure d\u00e8s lundi.<\/p>\n\n\n\n<p><strong>Alimou Gaoual Bah pour friaguinee.net<\/strong><\/p>\n","protected":false},"excerpt":{"rendered":"<p>Conform\u00e9ment aux derni\u00e8res mesures prises par le Chef de l\u2019Etat dans son dernier d\u00e9cret s\u2019inscrivant dans la riposte contre le covid-19, le port obligatoire du masque entre en vigueur ce samedi 18 avril 2020, sur toute l\u2019\u00e9tendue du territoire national. Dans la ville de Fria, la population dans sa grande majorit\u00e9 s\u2019est soumise \u00e0 cette [&hellip;]<\/p>\n","protected":false},"author":2,"featured_media":17898,"comment_status":"open","ping_status":"open","sticky":false,"template":"","format":"standard","meta":{"footnotes":""},"categories":[2],"tags":[2582,49,2694,2923,2838,1139],"class_list":["post-17897","post","type-post","status-publish","format-standard","has-post-thumbnail","hentry","category-actualites","tag-covid-19","tag-fria","tag-masque","tag-mesure","tag-obligatoire","tag-port"],"_links":{"self":[{"href":"https:\/\/www.friaguinee.net\/index.php\/wp-json\/wp\/v2\/posts\/17897","targetHints":{"allow":["GET"]}}],"collection":[{"href":"https:\/\/www.friaguinee.net\/index.php\/wp-json\/wp\/v2\/posts"}],"about":[{"href":"https:\/\/www.friaguinee.net\/index.php\/wp-json\/wp\/v2\/types\/post"}],"author":[{"embeddable":true,"href":"https:\/\/www.friaguinee.net\/index.php\/wp-json\/wp\/v2\/users\/2"}],"replies":[{"embeddable":true,"href":"https:\/\/www.friaguinee.net\/index.php\/wp-json\/wp\/v2\/comments?post=17897"}],"version-history":[{"count":4,"href":"https:\/\/www.friaguinee.net\/index.php\/wp-json\/wp\/v2\/posts\/17897\/revisions"}],"predecessor-version":[{"id":17906,"href":"https:\/\/www.friaguinee.net\/index.php\/wp-json\/wp\/v2\/posts\/17897\/revisions\/17906"}],"wp:featuredmedia":[{"embeddable":true,"href":"https:\/\/www.friaguinee.net\/index.php\/wp-json\/wp\/v2\/media\/17898"}],"wp:attachment":[{"href":"https:\/\/www.friaguinee.net\/index.php\/wp-json\/wp\/v2\/media?parent=17897"}],"wp:term":[{"taxonomy":"category","embeddable":true,"href":"https:\/\/www.friaguinee.net\/index.php\/wp-json\/wp\/v2\/categories?post=17897"},{"taxonomy":"post_tag","embeddable":true,"href":"https:\/\/www.friaguinee.net\/index.php\/wp-json\/wp\/v2\/tags?post=17897"}],"curies":[{"name":"wp","href":"https:\/\/api.w.org\/{rel}","templated":true}]}}