{"id":17714,"date":"2020-04-15T17:04:28","date_gmt":"2020-04-15T17:04:28","guid":{"rendered":"http:\/\/www.friaguinee.net\/?p=17714"},"modified":"2020-04-15T17:11:31","modified_gmt":"2020-04-15T17:11:31","slug":"guinee-covid-19-le-cri-de-coeur-des-professionnels-de-la-sante","status":"publish","type":"post","link":"https:\/\/www.friaguinee.net\/index.php\/2020\/04\/15\/guinee-covid-19-le-cri-de-coeur-des-professionnels-de-la-sante\/","title":{"rendered":"Guin\u00e9e\/covid-19: le cri de c\u0153ur des professionnels de la sant\u00e9"},"content":{"rendered":"\n<p><strong>A Monsieur le Pr\u00e9sident de la R\u00e9publique<\/strong>, <strong>Chef de l&rsquo;\u00c9tat, Professeur Alpha Cond\u00e9 <\/strong><\/p>\n\n\n\n<p>Excellence Monsieur le Pr\u00e9sident,<\/p>\n\n\n\n<p>La Guin\u00e9e, \u00e0 l\u2019instar des autres pays du monde est confront\u00e9e depuis mars 2020 \u00e0 une pand\u00e9mie au COVID-19.<\/p>\n\n\n\n<p>Cette maladie infectieuse, virale a d\u00e9j\u00e0 provoqu\u00e9 plus de 100 mille morts dans le monde.EnGuin\u00e9e, plus de 300 personnes sont infect\u00e9es dont 213 hospitalis\u00e9es.<ins><\/ins><\/p>\n\n\n\n<p>Cette situation est devenue angoissante pour la population \u00e0 cause de la progression rapide du virus et pr\u00e9occupante pour le corps m\u00e9dical confront\u00e9\u00e0 la faiblesse de son syst\u00e8me de sant\u00e9 et au sous \u00e9quipement des services de r\u00e9animation.<\/p>\n\n\n\n<p>Le personnel m\u00e9dical se trouve en premi\u00e8re ligne dans la lutte contre cette maladie. Il court le risque d\u2019\u00eatre infect\u00e9, infecter sa famille et ses proches.<\/p>\n\n\n\n<p>En 2014 la maladie \u00e0 virus Ebola avait caus\u00e9 plus de 150 d\u00e9c\u00e8s parmi le personnel m\u00e9dical. Nous sommes au d\u00e9but de la pand\u00e9mie, malheureusement nous constatons une \u00e9volution exponentielle de la maladie marqu\u00e9e par le nombre de cas d\u00e9tect\u00e9 par jour parmi lesquels il y a des professionnels de la sant\u00e9.<\/p>\n\n\n\n<p>Ces professionnels de la sant\u00e9 ont \u00e9t\u00e9 infect\u00e9s dans l\u2019exercice de leur profession en soignant les malades.<\/p>\n\n\n\n<p>Les Ordres Professionnels de la Sant\u00e9 de Guin\u00e9e dans leur mission de service public et de r\u00e9gulation d\u00e9ontologique de la profession m\u00e9dicale pour garantir de la qualit\u00e9 des soins&nbsp;voudraient attirer votre attention sur les probl\u00e8mes actuels de la riposte de COVID 19 en Guin\u00e9e&nbsp;:<\/p>\n\n\n\n<p><strong>Constats :<\/strong><\/p>\n\n\n\n<ul class=\"wp-block-list\"><li>Non implication des&nbsp;<strong>Ordres Professionnels de la Sant\u00e9<\/strong>&nbsp;dans la lutte contre la pand\u00e9mie au coronavirus&nbsp;;<\/li><li><strong>Manque de fluidit\u00e9 de l\u2019information<\/strong>&nbsp;en direction des professionnels sur les strat\u00e9gies de riposte, \u00e0 juste titre \u00e9volutives&nbsp;;Les professionnels de Sant\u00e9 sont des acteurs et des relais incontournables du syst\u00e8me de sant\u00e9 et doivent \u00e0 ce titre b\u00e9n\u00e9ficier d\u2019une&nbsp;<strong>information actualis\u00e9e et approfondie<\/strong>&nbsp;;<\/li><li>Faible fr\u00e9quentation des structures de soins (Maternit\u00e9, P\u00e9diatrie, Odontostomatologie, M\u00e9decine G\u00e9n\u00e9rale, etc\u2026). Cette d\u00e9sertion massive est certainement li\u00e9e \u00e0 la m\u00e9fiance des populations depuis la p\u00e9riode de l\u2019\u00e9pid\u00e9mie de la maladie \u00e0 virus EBOLA qui a profond\u00e9ment affect\u00e9 le moral des patients qui ont alors perdu toute confiance \u00e0 l\u2019endroit de notre syst\u00e8me de sant\u00e9.<\/li><li><strong>Absence de documents de strat\u00e9gie de riposte contre le COVID 19<\/strong>&nbsp;;<\/li><\/ul>\n\n\n\n<p>Un des constats non moins importants est que depuis plus de trois semaines que la maladie a \u00e9t\u00e9 signal\u00e9e dans notre pays, il n\u2019existe aucun document de strat\u00e9gie \u00e9labor\u00e9 qui indique clairement&nbsp;:<\/p>\n\n\n\n<ul class=\"wp-block-list\"><li>Manque d\u2019identification des activit\u00e9s essentielles \u00e0 haut risque&nbsp;;<\/li><li>Les perspectives de d\u00e9centralisation des activit\u00e9s prioritaires selon la pyramide sanitaire&nbsp;;<\/li><li>Manque de m\u00e9canismed\u2019anticipationdes moyens de mise en \u0153uvre \u00e0 savoir :<\/li><\/ul>\n\n\n\n<ul class=\"wp-block-list\"><li>Nombre de structures de prise en charge des malades&nbsp;;<\/li><li>Nombre de kits;<\/li><li>Capacit\u00e9s techniques en termes de r\u00e9animation.<\/li><\/ul>\n\n\n\n<ul class=\"wp-block-list\"><li><strong>Retard des r\u00e9sultats<\/strong>&nbsp;li\u00e9 probablement au nombre \u00e9lev\u00e9 des \u00e9chantillons qui ne prend pas en compte la capacit\u00e9 r\u00e9elle des machines est une source d\u2019angoisse et de stress pour les malades.Cet \u00e9tat de fait n\u2019est pas li\u00e9 \u00e0 la qualification et la motivation du personnel mais \u00e0<strong>une mauvaise organisation et un manque de pr\u00e9vision.<\/strong><\/li><li>Vente illicite et non contr\u00f4l\u00e9e de la chloroquine&nbsp;;<\/li><li>Risque de rupture de produits essentiels pour les maladies graves et incurables et certains vaccins&nbsp;;<\/li><li><strong>N\u00e9cessit\u00e9 de changement de strat\u00e9gie dans la gestion des cas positifs de COVID 19<\/strong>&nbsp;du fait de la progression du nombre de cas et de la limitationdes capacit\u00e9s hospitali\u00e8res. Il n\u2019est pas possible de continuer \u00e0 accueillir tous les cas de Covid-19 positifs y compris ceux qui ne pr\u00e9sentent pas de crit\u00e8res de gravit\u00e9&nbsp;;<\/li><li><strong>Risques \u00e9lev\u00e9s de manque de soins<\/strong>&nbsp;pour tous les malades ayant un probl\u00e8me aigu ou chronique par d\u00e9faut de disponibilit\u00e9 ou d\u2019organisation des services&nbsp;\u00e0 d\u00e9livrer des soins s\u00e9curis\u00e9s et per\u00e7us comme tels par la population ;<\/li><li>Manque d\u2019\u00e9quipements de protection individuelle (masques, gants, solution hydro alcoolique, blouses etc\u2026) chez la plupart des professionnels.<\/li><\/ul>\n\n\n\n<p><strong>Propositions:<\/strong><\/p>\n\n\n\n<ul class=\"wp-block-list\"><li>Rappelle \u00e0 tous les professionnels de sant\u00e9 la validit\u00e9 permanente du Serment d\u2019Hippocrate&nbsp;et son message&nbsp;<strong>d\u2019\u00e9quit\u00e9 dans l\u2019acc\u00e8s aux soins<\/strong>&nbsp;;<\/li><li>Implication effective et constante des Ordres Professionnels de la Sant\u00e9 dans les instances de prise de d\u00e9cision et\u00e0 tous les autres niveaux de la riposte<\/li><li>Encourage les autorit\u00e9s en charge de l\u2019organisation de la riposte \u00e0 former davantage les professionnels de sant\u00e9 sur&nbsp;<strong>l\u2019usage des mat\u00e9riels de protection individuelle<\/strong>&nbsp;notamment les masques, le lavage des mains, l\u2019usage des gants;<\/li><li>Assurer la disponibilit\u00e9 des \u00e9quipements de protection personnel pour tout le personnel m\u00e9dical&nbsp;en quantit\u00e9 suffisante ;<\/li><li>Elaborer et mettre en place un Plan Op\u00e9rationnel de r\u00e9organisation des structures de soins au COVID 19&nbsp;;<\/li><li>Invite les autorit\u00e9s en charge de l\u2019organisation de la riposte \u00e0 diligenter la production et la diffusion des outils pour permettre une&nbsp;<strong>hospitalisation au domicile<\/strong>&nbsp;pour les malades covid-19 positifs&nbsp;;<\/li><li>R\u00e9glementer la prescription, la distribution et la dispensation de la chloroquine&nbsp;;<\/li><li>Approvisionner les pharmacies en produits essentiels pour les maladies graves et incurables et certains vaccins&nbsp;;<\/li><li>Appuyer les H\u00f4pitaux, Services, Cliniques et Centres de Sant\u00e9 dans la mise en place et syst\u00e9matisation des&nbsp;<strong>moyens de communication \u00e9lectroniques<\/strong>&nbsp;(Groupes WhatsApp, Webinar\u2026) pour acc\u00e9l\u00e9rer le partage des informations, des guides de pr\u00e9vention et de prise en charge, et ainsi contribuer plus efficacement \u00e0 la lutte contre l\u2019\u00e9pid\u00e9mie&nbsp;;<\/li><li>Impliquer les cliniques priv\u00e9es pour l\u2019hospitalisation des malades et la surveillance des contacts&nbsp;;<\/li><li>Assurer le versement des primes de risque mensuel au personnel m\u00e9dical&nbsp;;<\/li><li>Invite les professionnels de Sant\u00e9 \u00e0 adopter&nbsp;<strong>les meilleurs standards de soins et de pr\u00e9vention<\/strong>&nbsp;pour eux m\u00eame et pour la population&nbsp;;<\/li><li>Proc\u00e9der \u00e0 un essai clinique sur la chloroquine selon un protocole \u00e9labor\u00e9 approuv\u00e9 par le comit\u00e9 d\u2019\u00e9thique avant son utilisation \u00e0 grande \u00e9chelle&nbsp;;<\/li><li>Proc\u00e9der \u00e0 des essais cliniques des phyto m\u00e9dicaments en collaboration avec le centre de recherche des plantes m\u00e9dicinales de Dubr\u00e9ka.<\/li><\/ul>\n\n\n\n<p>La prise en compte de ces recommandations et l\u2019implication des Professionnels de Sant\u00e9 permettra \u00e0 coup s\u00fbr de vaincre la pand\u00e9mie au COVID 19 dans notre pays.<\/p>\n\n\n\n<p>En vous souhaitant bonne r\u00e9ception, veuillez agr\u00e9er Excellence Monsieur le Pr\u00e9sident de la R\u00e9publique, l\u2019expression de notre gratitude et l\u2019assurance de notre enti\u00e8re et totale disponibilit\u00e9.<\/p>\n\n\n\n<p>Ont sign\u00e9<\/p>\n\n\n\n<p><strong>Ordre des M\u00e9decins:&nbsp;Pr Hassane BAH&nbsp;&nbsp;&nbsp;&nbsp;&nbsp;&nbsp;&nbsp;<\/strong><\/p>\n\n\n\n<p><strong>Ordre des Chirurgiens-dentistes:&nbsp; Dr Alphonse KOUROUMA<\/strong><\/p>\n","protected":false},"excerpt":{"rendered":"<p>A Monsieur le Pr\u00e9sident de la R\u00e9publique, Chef de l&rsquo;\u00c9tat, Professeur Alpha Cond\u00e9 Excellence Monsieur le Pr\u00e9sident, La Guin\u00e9e, \u00e0 l\u2019instar des autres pays du monde est confront\u00e9e depuis mars 2020 \u00e0 une pand\u00e9mie au COVID-19. Cette maladie infectieuse, virale a d\u00e9j\u00e0 provoqu\u00e9 plus de 100 mille morts dans le monde.EnGuin\u00e9e, plus de 300 personnes [&hellip;]<\/p>\n","protected":false},"author":2,"featured_media":17720,"comment_status":"open","ping_status":"open","sticky":false,"template":"","format":"standard","meta":{"footnotes":""},"categories":[4],"tags":[148,152,138,751],"class_list":["post-17714","post","type-post","status-publish","format-standard","has-post-thumbnail","hentry","category-sante","tag-guinee","tag-lettre","tag-president","tag-sante"],"_links":{"self":[{"href":"https:\/\/www.friaguinee.net\/index.php\/wp-json\/wp\/v2\/posts\/17714","targetHints":{"allow":["GET"]}}],"collection":[{"href":"https:\/\/www.friaguinee.net\/index.php\/wp-json\/wp\/v2\/posts"}],"about":[{"href":"https:\/\/www.friaguinee.net\/index.php\/wp-json\/wp\/v2\/types\/post"}],"author":[{"embeddable":true,"href":"https:\/\/www.friaguinee.net\/index.php\/wp-json\/wp\/v2\/users\/2"}],"replies":[{"embeddable":true,"href":"https:\/\/www.friaguinee.net\/index.php\/wp-json\/wp\/v2\/comments?post=17714"}],"version-history":[{"count":4,"href":"https:\/\/www.friaguinee.net\/index.php\/wp-json\/wp\/v2\/posts\/17714\/revisions"}],"predecessor-version":[{"id":17721,"href":"https:\/\/www.friaguinee.net\/index.php\/wp-json\/wp\/v2\/posts\/17714\/revisions\/17721"}],"wp:featuredmedia":[{"embeddable":true,"href":"https:\/\/www.friaguinee.net\/index.php\/wp-json\/wp\/v2\/media\/17720"}],"wp:attachment":[{"href":"https:\/\/www.friaguinee.net\/index.php\/wp-json\/wp\/v2\/media?parent=17714"}],"wp:term":[{"taxonomy":"category","embeddable":true,"href":"https:\/\/www.friaguinee.net\/index.php\/wp-json\/wp\/v2\/categories?post=17714"},{"taxonomy":"post_tag","embeddable":true,"href":"https:\/\/www.friaguinee.net\/index.php\/wp-json\/wp\/v2\/tags?post=17714"}],"curies":[{"name":"wp","href":"https:\/\/api.w.org\/{rel}","templated":true}]}}