{"id":15969,"date":"2020-03-18T20:03:29","date_gmt":"2020-03-18T20:03:29","guid":{"rendered":"http:\/\/www.friaguinee.net\/?p=15969"},"modified":"2020-03-18T20:08:23","modified_gmt":"2020-03-18T20:08:23","slug":"bourema-conde-au-fndc-empecher-une-election-qie-lon-a-boycotter-la-guinee-nen-a-jamais-connu-et-nen-connaitrra-jamais","status":"publish","type":"post","link":"https:\/\/www.friaguinee.net\/index.php\/2020\/03\/18\/bourema-conde-au-fndc-empecher-une-election-qie-lon-a-boycotter-la-guinee-nen-a-jamais-connu-et-nen-connaitrra-jamais\/","title":{"rendered":"Bour\u00e9ma Cond\u00e9 au FNDC: \u00ab\u00a0Emp\u00eacher la tenue d\u2019une \u00e9lection&#8230;la Guin\u00e9e n\u2019en a jamais enregistr\u00e9 et n\u2019en enregistra jamais\u00a0\u00bb"},"content":{"rendered":"\n<p><strong>DECLARATION<\/strong> <\/p>\n\n\n\n<p>Chers concitoyens<\/p>\n\n\n\n<p> Mesdames et Messieurs, <\/p>\n\n\n\n<p>Le dimanche 22 mars 2020, c\u2019est d\u00e9sormais act\u00e9, nous nous rendrons aux urnes pour exprimer nos choix, sur les \u00e9lections l\u00e9gislatives et r\u00e9f\u00e9rendaires. <\/p>\n\n\n\n<p>J\u2019introduis mon intervention par le mot paix, dont chacun de nous a le plus grand besoin, mouvance, opposition, fonctionnaires, ouvriers, artisans, secteur priv\u00e9, paysans, religieux, jeunes, adultes, personnes \u00e2g\u00e9es, handicap\u00e9s et chacun de nous a besoin de la paix.<\/p>\n\n\n\n<p>En cette veill\u00e9e \u00e9lectorale, que n\u2019entend-on pas comme menaces contre des citoyens dont le seul crime, serait de s\u2019acquitter d\u2019un droit constitutionnellement \u00e0 eux reconnu.<\/p>\n\n\n\n<p>Celui de voter comme celui de boycotter les aussi tout autant, se rend-on compte que ces menaces de privation de libert\u00e9s et de droits ont \u00e9t\u00e9 rendues possible jusque maintenant, par la volont\u00e9 du chef de l\u2019\u00c9tat, pr\u00e9sident de la r\u00e9publique professeur Alpha Cond\u00e9, sa volont\u00e9 dis-je de pr\u00e9server la paix comme du temps de sa longue exp\u00e9rience d\u2019opposant historique. Il a toujours clam\u00e9, ceux qui y voient une quelconque faiblesse devraient v\u00e9ritablement se raviser et se rendre \u00e0 l\u2019\u00e9vidence que la violence est loin d\u2019\u00eatre un raccourci, pour acc\u00e9der au pouvoir en 21\u00e8me si\u00e8cle.<\/p>\n\n\n\n<p>Apr\u00e8s trois (3) mois de marches et de marches, de manifestations et de manifestations, apr\u00e8s avoir exp\u00e9di\u00e9 tous les membres du gouvernement \u00e0 la cour p\u00e9nale internationale, qu\u2019on en vienne aujourd\u2019hui \u00e0 demander entre autres trouvailles machiav\u00e9liques aux forces de d\u00e9fense et de s\u00e9curit\u00e9, de se joindre aux manifestants est finalement un aveuglement politique et un d\u00e9dain manifeste de la haute valeur et des grandes vertus de ces braves forces et courageuses r\u00e9publicaines.<\/p>\n\n\n\n<p>Profond\u00e9ment m\u00fbrit, il faut le dire \u00e0 la r\u00e9forme du secteur de s\u00e9curit\u00e9, un des acquis \u00e9galement de la gouvernance Alpha Cond\u00e9.<\/p>\n\n\n\n<p>Ceci \u00e9tant que l\u2019on s\u2019entende bien sur les termes boycotter l\u2019\u00e9lection, la Guin\u00e9e en a connu assez par le pass\u00e9. Emp\u00eacher la tenue d\u2019une \u00e9lection que l\u2019on a boycott\u00e9 la Guin\u00e9e n\u2019en a jamais enregistr\u00e9 et n\u2019en enregistra jamais. Cette d\u00e9marche s\u2019inscrivant contre la volont\u00e9 du peuple.<\/p>\n\n\n\n<p>Le gouvernement guin\u00e9en dans la pl\u00e9nitude de jouissance de ses pr\u00e9rogatives met fermement en garde ceux et celles de nos concitoyens qui, non satisfaits d\u2019avoir incendi\u00e9 des march\u00e9s, des infrastructures administratives et des mat\u00e9riels \u00e9lectoraux par endroit dans le pays, annonce par des propos \u00e0 la limite de la d\u00e9cence et du tol\u00e9rable, le pire pour la Guin\u00e9e et les guin\u00e9ens.<\/p>\n\n\n\n<p>Chers compatriotes, le dimanche 22 mars 2020 donc, vous vous rendrez dans la s\u00e9r\u00e9nit\u00e9 et en toute qui\u00e9tude dans vos bureaux de vote.<\/p>\n\n\n\n<p>L\u2019unit\u00e9 de s\u00e9curisation des \u00e9lections Ussel, assure et rassure, comme vous l\u2019entendrez d\u2019elle-m\u00eame, qu\u2019elle s\u2019acquittera strictement avec les moyens conventionnels dont elle est dot\u00e9e, mais surtout avec la d\u00e9termination et l\u2019engagement qui sont les siens, quelle ne permettra \u00e0 aucun fauteur de trouble aucun, de pi\u00e9tiner les droits des citoyens d\u00e9sireux de s\u2019exprimer ce jour-l\u00e0 sur leurs choix.<\/p>\n\n\n\n<p>Ce message est donc, un rappel \u00e0 la retenue et la retenue dit-on est une grande \u00e9cole de sagesse.<\/p>\n\n\n\n<p>Je termine mon intervention, par son d\u00e9but, c\u2019est-\u00e0-dire par le mot \u00ab\u00a0paix\u00a0\u00bb. Parce que par la paix, je crois en Guin\u00e9e de nos r\u00eaves communs par la paix, l\u2019unit\u00e9 nationale tant souhait\u00e9 dans les villes et campagnes est possible.<\/p>\n\n\n\n<p>Par la paix, le d\u00e9veloppement harmonieux de notre riche pays est possible. Par la paix en fin, un mieux vivre pour le bonheur de tous est possible.<\/p>\n\n\n\n<p>Le 22 mars 2020, le gouvernement guin\u00e9en conform\u00e9ment \u00e0 l\u2019article 23 de la constitution veillera \u00e0 ce que chaque guin\u00e9en jouisse des droits que celui-ci lui conf\u00e8re.<\/p>\n\n\n\n<p><strong>Bour\u00e9ma Cond\u00e9 <\/strong><\/p>\n\n\n\n<p><strong>Ministre de l&rsquo;Administration du territoire et de la D\u00e9centralisation <\/strong><\/p>\n","protected":false},"excerpt":{"rendered":"<p>DECLARATION Chers concitoyens Mesdames et Messieurs, Le dimanche 22 mars 2020, c\u2019est d\u00e9sormais act\u00e9, nous nous rendrons aux urnes pour exprimer nos choix, sur les \u00e9lections l\u00e9gislatives et r\u00e9f\u00e9rendaires. J\u2019introduis mon intervention par le mot paix, dont chacun de nous a le plus grand besoin, mouvance, opposition, fonctionnaires, ouvriers, artisans, secteur priv\u00e9, paysans, religieux, jeunes, [&hellip;]<\/p>\n","protected":false},"author":2,"featured_media":4807,"comment_status":"open","ping_status":"open","sticky":false,"template":"","format":"standard","meta":{"footnotes":""},"categories":[2],"tags":[2334,1520,76,1242,1489,1359],"class_list":["post-15969","post","type-post","status-publish","format-standard","has-post-thumbnail","hentry","category-actualites","tag-22-mars","tag-bourema-conde","tag-elections","tag-fndc","tag-legislatives","tag-referendum"],"_links":{"self":[{"href":"https:\/\/www.friaguinee.net\/index.php\/wp-json\/wp\/v2\/posts\/15969","targetHints":{"allow":["GET"]}}],"collection":[{"href":"https:\/\/www.friaguinee.net\/index.php\/wp-json\/wp\/v2\/posts"}],"about":[{"href":"https:\/\/www.friaguinee.net\/index.php\/wp-json\/wp\/v2\/types\/post"}],"author":[{"embeddable":true,"href":"https:\/\/www.friaguinee.net\/index.php\/wp-json\/wp\/v2\/users\/2"}],"replies":[{"embeddable":true,"href":"https:\/\/www.friaguinee.net\/index.php\/wp-json\/wp\/v2\/comments?post=15969"}],"version-history":[{"count":4,"href":"https:\/\/www.friaguinee.net\/index.php\/wp-json\/wp\/v2\/posts\/15969\/revisions"}],"predecessor-version":[{"id":15973,"href":"https:\/\/www.friaguinee.net\/index.php\/wp-json\/wp\/v2\/posts\/15969\/revisions\/15973"}],"wp:featuredmedia":[{"embeddable":true,"href":"https:\/\/www.friaguinee.net\/index.php\/wp-json\/wp\/v2\/media\/4807"}],"wp:attachment":[{"href":"https:\/\/www.friaguinee.net\/index.php\/wp-json\/wp\/v2\/media?parent=15969"}],"wp:term":[{"taxonomy":"category","embeddable":true,"href":"https:\/\/www.friaguinee.net\/index.php\/wp-json\/wp\/v2\/categories?post=15969"},{"taxonomy":"post_tag","embeddable":true,"href":"https:\/\/www.friaguinee.net\/index.php\/wp-json\/wp\/v2\/tags?post=15969"}],"curies":[{"name":"wp","href":"https:\/\/api.w.org\/{rel}","templated":true}]}}