{"id":15874,"date":"2020-03-17T08:13:11","date_gmt":"2020-03-17T08:13:11","guid":{"rendered":"http:\/\/www.friaguinee.net\/?p=15874"},"modified":"2020-03-17T08:13:19","modified_gmt":"2020-03-17T08:13:19","slug":"guinee-coronavirus-le-ministre-mouctar-diallo-offre-des-kits-de-protection-au-ministere-de-la-sante","status":"publish","type":"post","link":"https:\/\/www.friaguinee.net\/index.php\/2020\/03\/17\/guinee-coronavirus-le-ministre-mouctar-diallo-offre-des-kits-de-protection-au-ministere-de-la-sante\/","title":{"rendered":"Guin\u00e9e\/Coronavirus: le Ministre Mouctar Diallo offre des kits de protection au Minist\u00e8re de la Sant\u00e9"},"content":{"rendered":"\n<p>Le Ministre de la Jeunesse et de l&rsquo;Emploi des Jeunes a proc\u00e9d\u00e9 ce lundi, 16 mars 2020, \u00e0 une remise de kits de protection dont des gants, des masques, des gels hydroalcooliques ainsi que des flyers de sensibilisation au Minist\u00e8re de la sant\u00e9.<\/p>\n\n\n\n<figure class=\"wp-block-image\"><img loading=\"lazy\" decoding=\"async\" width=\"720\" height=\"341\" src=\"http:\/\/www.friaguinee.net\/wp-content\/uploads\/2020\/03\/FB_IMG_1584432371980.jpg\" alt=\"\" class=\"wp-image-15875\" srcset=\"https:\/\/www.friaguinee.net\/wp-content\/uploads\/2020\/03\/FB_IMG_1584432371980.jpg 720w, https:\/\/www.friaguinee.net\/wp-content\/uploads\/2020\/03\/FB_IMG_1584432371980-300x142.jpg 300w, https:\/\/www.friaguinee.net\/wp-content\/uploads\/2020\/03\/FB_IMG_1584432371980-696x330.jpg 696w\" sizes=\"auto, (max-width: 720px) 100vw, 720px\" \/><\/figure>\n\n\n\n<p>En proc\u00e9dant \u00e0 la remise de ce don \u00e0 son homologue de la sant\u00e9, le ministre Mouctar Diallo a d\u00e9clar\u00e9 que l&rsquo;objectif vis\u00e9 par son d\u00e9partement est de contribuer \u00e0 la lutte contre le coronavirus en Guin\u00e9e. Il a aussi exprim\u00e9 la disponibilit\u00e9 de son d\u00e9partement \u00e0 accompagner le minist\u00e8re de la sant\u00e9 dans les campagnes de sensibilisation des populations \u00e0  travers notamment plus de 12 000 jeunes animateurs socio-\u00e9ducatifs r\u00e9partis dans toutes les sous-pr\u00e9fectures de la Guin\u00e9e. Le ministre Mouctar Diallo a fait savoir que ce don a \u00e9t\u00e9 obtenu gr\u00e2ce \u00e0 une ONG allemande.<\/p>\n\n\n\n<figure class=\"wp-block-image\"><img loading=\"lazy\" decoding=\"async\" width=\"720\" height=\"341\" src=\"http:\/\/www.friaguinee.net\/wp-content\/uploads\/2020\/03\/FB_IMG_1584432369174.jpg\" alt=\"\" class=\"wp-image-15876\" srcset=\"https:\/\/www.friaguinee.net\/wp-content\/uploads\/2020\/03\/FB_IMG_1584432369174.jpg 720w, https:\/\/www.friaguinee.net\/wp-content\/uploads\/2020\/03\/FB_IMG_1584432369174-300x142.jpg 300w, https:\/\/www.friaguinee.net\/wp-content\/uploads\/2020\/03\/FB_IMG_1584432369174-696x330.jpg 696w\" sizes=\"auto, (max-width: 720px) 100vw, 720px\" \/><\/figure>\n\n\n\n<p>En retour, le ministre de la sant\u00e9 le m\u00e9decin colonel R\u00e9my Lamah a tout d&rsquo;abord remerci\u00e9 le donateur en pr\u00e9cisant que le ministre de la jeunesse est le premier membre du gouvernement \u00e0 prendre une telle initiative. Il a promis d&rsquo;utiliser \u00e0 bon escient ces kits de protection.<\/p>\n\n\n\n<p><strong>Cellule de communication du MJEJ<\/strong><\/p>\n","protected":false},"excerpt":{"rendered":"<p>Le Ministre de la Jeunesse et de l&rsquo;Emploi des Jeunes a proc\u00e9d\u00e9 ce lundi, 16 mars 2020, \u00e0 une remise de kits de protection dont des gants, des masques, des gels hydroalcooliques ainsi que des flyers de sensibilisation au Minist\u00e8re de la sant\u00e9. En proc\u00e9dant \u00e0 la remise de ce don \u00e0 son homologue de [&hellip;]<\/p>\n","protected":false},"author":2,"featured_media":15877,"comment_status":"open","ping_status":"open","sticky":false,"template":"","format":"standard","meta":{"footnotes":""},"categories":[1],"tags":[50,1733,148,142,141,1784],"class_list":["post-15874","post","type-post","status-publish","format-standard","has-post-thumbnail","hentry","category-non-classe","tag-conakry","tag-coronavirus","tag-guinee","tag-jeunesse","tag-ministre","tag-mouctar-diallo"],"_links":{"self":[{"href":"https:\/\/www.friaguinee.net\/index.php\/wp-json\/wp\/v2\/posts\/15874","targetHints":{"allow":["GET"]}}],"collection":[{"href":"https:\/\/www.friaguinee.net\/index.php\/wp-json\/wp\/v2\/posts"}],"about":[{"href":"https:\/\/www.friaguinee.net\/index.php\/wp-json\/wp\/v2\/types\/post"}],"author":[{"embeddable":true,"href":"https:\/\/www.friaguinee.net\/index.php\/wp-json\/wp\/v2\/users\/2"}],"replies":[{"embeddable":true,"href":"https:\/\/www.friaguinee.net\/index.php\/wp-json\/wp\/v2\/comments?post=15874"}],"version-history":[{"count":1,"href":"https:\/\/www.friaguinee.net\/index.php\/wp-json\/wp\/v2\/posts\/15874\/revisions"}],"predecessor-version":[{"id":15878,"href":"https:\/\/www.friaguinee.net\/index.php\/wp-json\/wp\/v2\/posts\/15874\/revisions\/15878"}],"wp:featuredmedia":[{"embeddable":true,"href":"https:\/\/www.friaguinee.net\/index.php\/wp-json\/wp\/v2\/media\/15877"}],"wp:attachment":[{"href":"https:\/\/www.friaguinee.net\/index.php\/wp-json\/wp\/v2\/media?parent=15874"}],"wp:term":[{"taxonomy":"category","embeddable":true,"href":"https:\/\/www.friaguinee.net\/index.php\/wp-json\/wp\/v2\/categories?post=15874"},{"taxonomy":"post_tag","embeddable":true,"href":"https:\/\/www.friaguinee.net\/index.php\/wp-json\/wp\/v2\/tags?post=15874"}],"curies":[{"name":"wp","href":"https:\/\/api.w.org\/{rel}","templated":true}]}}