{"id":15633,"date":"2020-03-11T15:16:51","date_gmt":"2020-03-11T15:16:51","guid":{"rendered":"http:\/\/www.friaguinee.net\/?p=15633"},"modified":"2020-03-11T15:16:52","modified_gmt":"2020-03-11T15:16:52","slug":"coronavirus-la-cote-divoire-enregistre-un-cas-confirme","status":"publish","type":"post","link":"https:\/\/www.friaguinee.net\/index.php\/2020\/03\/11\/coronavirus-la-cote-divoire-enregistre-un-cas-confirme\/","title":{"rendered":"Coronavirus: la C\u00f4te d&rsquo;Ivoire enregistre un cas confirm\u00e9"},"content":{"rendered":"\n<p><strong>Un ivoirien \u00e2g\u00e9 de 45 ans et ayant s\u00e9journ\u00e9 en Italie pr\u00e9sente le premier cas de coronavirus confirm\u00e9 \u00e0 Abidjan. L\u2019annonce est faite ce 11 mars 2020 par Aka Aou\u00e9l\u00e9, ministre ivoirien de la sant\u00e9<\/strong>.&nbsp;<\/p>\n\n\n\n<p>La C\u00f4te d\u2019Ivoire enregistre le premier cas av\u00e9r\u00e9 de coronavirus. La notification de cas est faite ce 11 mars 2020 par Aka Aou\u00e9l\u00e9, ministre ivoirien de la Sant\u00e9 et de l\u2019hygi\u00e8ne publique.<\/p>\n\n\n\n<p>&nbsp;\u00bb Le mardi 10 mars 2020, le district sanitaire d\u2019Adjam\u00e9-Plateau-Attecoub\u00e9 a notifi\u00e9 un cas suspect de maladie \u00e0 coronavirus (Covid-19). Il s\u2019agit d\u2019un sujet de nationalit\u00e9 ivoirienne, de sexe masculin \u00e2g\u00e9 de 45 ans&nbsp;\u00bb, indique le ministre dans une note rendue publique en d\u00e9but d\u2019apr\u00e8s-midi.<\/p>\n\n\n\n<p>Selon la note, l\u2019individu ayant s\u00e9journ\u00e9 en Italie a pr\u00e9sent\u00e9 une fi\u00e8vre, une toux et un rhume.<\/p>\n\n\n\n<p>\u00ab\u00a0L\u2019analyse au laboratoire du pr\u00e9l\u00e8vement naso-pharing\u00e9 a permis de confirmer le diagnostic\u00a0\u00bb, explique le ministre ivoirien de la Sant\u00e9. Ce dernier se veut rassurant sur l\u2019\u00e9tat \u00ab\u00a0stable\u00a0\u00bb du malade. Aka Aou\u00e9l\u00e9 assure que \u00ab\u00a0les contacts du malade ont ete identifi\u00e9s et font l\u2019objet d\u2019un suivi\u00a0\u00bb<\/p>\n\n\n\n<p><strong>Le Media Citoyen<\/strong><\/p>\n","protected":false},"excerpt":{"rendered":"<p>Un ivoirien \u00e2g\u00e9 de 45 ans et ayant s\u00e9journ\u00e9 en Italie pr\u00e9sente le premier cas de coronavirus confirm\u00e9 \u00e0 Abidjan. L\u2019annonce est faite ce 11 mars 2020 par Aka Aou\u00e9l\u00e9, ministre ivoirien de la sant\u00e9.&nbsp; La C\u00f4te d\u2019Ivoire enregistre le premier cas av\u00e9r\u00e9 de coronavirus. La notification de cas est faite ce 11 mars 2020 [&hellip;]<\/p>\n","protected":false},"author":2,"featured_media":15587,"comment_status":"open","ping_status":"open","sticky":false,"template":"","format":"standard","meta":{"footnotes":""},"categories":[42,4],"tags":[2215,1799,1733,263],"class_list":["post-15633","post","type-post","status-publish","format-standard","has-post-thumbnail","hentry","category-afrique","category-sante","tag-cas","tag-confirme","tag-coronavirus","tag-premier"],"_links":{"self":[{"href":"https:\/\/www.friaguinee.net\/index.php\/wp-json\/wp\/v2\/posts\/15633","targetHints":{"allow":["GET"]}}],"collection":[{"href":"https:\/\/www.friaguinee.net\/index.php\/wp-json\/wp\/v2\/posts"}],"about":[{"href":"https:\/\/www.friaguinee.net\/index.php\/wp-json\/wp\/v2\/types\/post"}],"author":[{"embeddable":true,"href":"https:\/\/www.friaguinee.net\/index.php\/wp-json\/wp\/v2\/users\/2"}],"replies":[{"embeddable":true,"href":"https:\/\/www.friaguinee.net\/index.php\/wp-json\/wp\/v2\/comments?post=15633"}],"version-history":[{"count":1,"href":"https:\/\/www.friaguinee.net\/index.php\/wp-json\/wp\/v2\/posts\/15633\/revisions"}],"predecessor-version":[{"id":15634,"href":"https:\/\/www.friaguinee.net\/index.php\/wp-json\/wp\/v2\/posts\/15633\/revisions\/15634"}],"wp:featuredmedia":[{"embeddable":true,"href":"https:\/\/www.friaguinee.net\/index.php\/wp-json\/wp\/v2\/media\/15587"}],"wp:attachment":[{"href":"https:\/\/www.friaguinee.net\/index.php\/wp-json\/wp\/v2\/media?parent=15633"}],"wp:term":[{"taxonomy":"category","embeddable":true,"href":"https:\/\/www.friaguinee.net\/index.php\/wp-json\/wp\/v2\/categories?post=15633"},{"taxonomy":"post_tag","embeddable":true,"href":"https:\/\/www.friaguinee.net\/index.php\/wp-json\/wp\/v2\/tags?post=15633"}],"curies":[{"name":"wp","href":"https:\/\/api.w.org\/{rel}","templated":true}]}}