{"id":15590,"date":"2020-03-09T16:41:45","date_gmt":"2020-03-09T16:41:45","guid":{"rendered":"http:\/\/www.friaguinee.net\/?p=15590"},"modified":"2020-03-09T16:41:47","modified_gmt":"2020-03-09T16:41:47","slug":"burkina-faso-une-quarantaine-de-civils-tues-dans-des-atttaques","status":"publish","type":"post","link":"https:\/\/www.friaguinee.net\/index.php\/2020\/03\/09\/burkina-faso-une-quarantaine-de-civils-tues-dans-des-atttaques\/","title":{"rendered":"Burkina Faso : une quarantaine de civils tu\u00e9s dans des atttaques"},"content":{"rendered":"\n<p><a href=\"https:\/\/www.facebook.com\/dialog\/share?app_id=121241974571942&amp;href=http%3A%2F%2Ff24.my%2F6GMr.F&amp;redirect_uri=https%3A%2F%2Fwww.france24.com%2Ffr%2F20200309-burkina-faso-au-moins-43-civils-tu%25C3%25A9s-dans-plusieurs-attaques-dans-le-nord-du-pays&amp;locale=fr_FR\" rel=\"noreferrer noopener\" target=\"_blank\"><\/a><a href=\"\/\/share?link=http%3A%2F%2Ff24.my%2F6GMr.S&amp;app_id=121241974571942\" rel=\"noreferrer noopener\" target=\"_blank\"><\/a><a href=\"https:\/\/twitter.com\/intent\/tweet?url=http%3A%2F%2Ff24.my%2F6GMr.T&amp;via=FRANCE24&amp;related=France24_fr&amp;text=Burkina%20Faso%20%3A%20au%20moins%2043%20civils%20tu%C3%A9s%20dans%20plusieurs%20attaques%20dans%20le%20nord%20du%20pays&amp;lang=fr\" rel=\"noreferrer noopener\" target=\"_blank\"><\/a><a href=\"\/\/send?text=Burkina%20Faso%20%3A%20au%20moins%2043%20civils%20tu%C3%A9s%20dans%20plusieurs%20attaques%20dans%20le%20nord%20du%20pays%20-%20http%3A%2F%2Ff24.my%2F6GMr.W\" rel=\"noreferrer noopener\" target=\"_blank\"><\/a><a href=\"https:\/\/www.linkedin.com\/shareArticle?url=http%3A%2F%2Ff24.my%2F6GMr.L&amp;title=Burkina%20Faso%20%3A%20au%20moins%2043%20civils%20tu%C3%A9s%20dans%20plusieurs%20attaques%20dans%20le%20nord%20du%20pays&amp;lang=fr_FR\" rel=\"noreferrer noopener\" target=\"_blank\"><\/a><\/p>\n\n\n\n<p>Au moins 43 personnes ont \u00e9t\u00e9 tu\u00e9es dimanche dans l&rsquo;attaque de deux villages du nord du Burkina Faso, rapporte lundi le gouvernement. Les deux localit\u00e9s, Dinguila et Barga, se trouvent pr\u00e8s de la fronti\u00e8re avec le Mali, dans une r\u00e9gion o\u00f9 des groupes jihadistes et des milices ethniques s&rsquo;en sont d\u00e9j\u00e0 pris \u00e0 plusieurs reprises \u00e0 la population.<\/p>\n\n\n\n<p>Au moins 43 villageois ont \u00e9t\u00e9 tu\u00e9s, dimanche 8 mars, au cours de plusieurs attaques perp\u00e9tr\u00e9es dans des localit\u00e9s de la province du Yatenga, dans le nord&nbsp;<a href=\"https:\/\/www.france24.com\/fr\/tag\/burkina-faso\/\" target=\"_blank\" rel=\"noreferrer noopener\">du Burkina Faso<\/a>, a annonc\u00e9 lundi le gouvernement burkinab\u00e8 dans un communiqu\u00e9.<\/p>\n\n\n\n<p>\u00ab\u00a0Dimanche, des attaques ont \u00e9t\u00e9 perp\u00e9tr\u00e9es dans les villages de Dinguila et Barga situ\u00e9s dans la commune de Barga, province du Yatenga (Nord). Le bilan provisoire fait \u00e9tat de 43 victimes\u00a0\u00bb, selon le ministre de la Communication Remis Fulgance Dandjinou.<\/p>\n\n\n\n<p>\u00ab\u00a0Les bless\u00e9s, au nombre de six, ont \u00e9t\u00e9 r\u00e9f\u00e9r\u00e9s au Centre hospitalier r\u00e9gional de Ouahigouya o\u00f9 ils sont pris en charge. Les Forces de D\u00e9fense et de S\u00e9curit\u00e9 ont \u00e9t\u00e9 imm\u00e9diatement d\u00e9ploy\u00e9es sur les lieux pour s\u00e9curiser les villages attaqu\u00e9s\u00a0\u00bb, a pr\u00e9cis\u00e9 le ministre.<\/p>\n\n\n\n<p>\u00ab\u00a0Le gouvernement condamne avec la plus grande fermet\u00e9 cette attaque odieuse (&#8230;). Le Procureur du Faso pr\u00e8s le Tribunal de Grande instance de Ouahigouya a par ailleurs \u00e9t\u00e9 saisi (&#8230;) tout est mis en \u0153uvre pour ramener le calme et la s\u00e9r\u00e9nit\u00e9 dans les villages touch\u00e9s\u00a0\u00bb, a-t-il ajout\u00e9.<\/p>\n\n\n\n<p>Les ministres charg\u00e9s de la D\u00e9fense nationale et de l&rsquo;Administration territoriale ont \u00e9t\u00e9 envoy\u00e9s \u00ab\u00a0sur les lieux pour apporter le r\u00e9confort du gouvernement aux populations meurtries et faire le point de la situation\u00a0\u00bb.<\/p>\n\n\n\n<p><strong>Villages peuls<\/strong><\/p>\n\n\n\n<p>Des sources locales, jointes par l&rsquo;AFP, indiquent qu&rsquo;il s&rsquo;agit de villages o\u00f9 vivent majoritairement des Peuls, souvent accus\u00e9s d&rsquo;\u00eatre proches des jihadistes. Selon ces sources, il s&rsquo;agit d&rsquo;attaques de groupes d&rsquo;autod\u00e9fense en repr\u00e9sailles aux actions jihadistes.<\/p>\n\n\n\n<p>\u00c0 l&rsquo;instar du Mali, du Niger du Nigeria et m\u00eame de la C\u00f4te d&rsquo;Ivoire, les tensions d\u00e9g\u00e9n\u00e8rent p\u00e9riodiquement en violences entre communaut\u00e9s agricoles et Peuls \u00e9leveurs, souvent nomades, pr\u00e9sents dans toute l&rsquo;Afrique de l&rsquo;Ouest. Certains Peuls ayant rejoint les groupes jihadistes, qui ont tu\u00e9 plus de 800 personnes depuis 2015 au Burkina, il est fr\u00e9quent d&rsquo;entendre des Burkinab\u00e8 faire l&rsquo;amalgame entre jihadistes et Peuls.<\/p>\n\n\n\n<p>Les groupes jihadistes attisent ces tensions, et les repr\u00e9sailles contre les Peuls se sont multipli\u00e9es en 2019.<\/p>\n\n\n\n<p>En janvier 2019, des individus arm\u00e9s non identifi\u00e9s avaient attaqu\u00e9 le village de Yirgou et tu\u00e9 six personnes, dont le chef du village. Cette attaque avait \u00e9t\u00e9 suivie de repr\u00e9sailles intercommunautaires, faisant 46 morts, selon un bilan officiel. Beaucoup plus, selon des ONG.<\/p>\n\n\n\n<p>Les violences jihadistes, souvent entrem\u00eal\u00e9es \u00e0 des conflits intercommunautaires, ont fait quelque 4 000 morts en 2019 au Burkina Faso, au Mali et au Niger, selon l&rsquo;ONU.<\/p>\n\n\n\n<p><em>Avec AFP<\/em><\/p>\n","protected":false},"excerpt":{"rendered":"<p>Au moins 43 personnes ont \u00e9t\u00e9 tu\u00e9es dimanche dans l&rsquo;attaque de deux villages du nord du Burkina Faso, rapporte lundi le gouvernement. Les deux localit\u00e9s, Dinguila et Barga, se trouvent pr\u00e8s de la fronti\u00e8re avec le Mali, dans une r\u00e9gion o\u00f9 des groupes jihadistes et des milices ethniques s&rsquo;en sont d\u00e9j\u00e0 pris \u00e0 plusieurs reprises [&hellip;]<\/p>\n","protected":false},"author":2,"featured_media":15592,"comment_status":"open","ping_status":"open","sticky":false,"template":"","format":"standard","meta":{"footnotes":""},"categories":[42],"tags":[498,1557,2245],"class_list":["post-15590","post","type-post","status-publish","format-standard","has-post-thumbnail","hentry","category-afrique","tag-attaque","tag-burkina","tag-faso"],"_links":{"self":[{"href":"https:\/\/www.friaguinee.net\/index.php\/wp-json\/wp\/v2\/posts\/15590","targetHints":{"allow":["GET"]}}],"collection":[{"href":"https:\/\/www.friaguinee.net\/index.php\/wp-json\/wp\/v2\/posts"}],"about":[{"href":"https:\/\/www.friaguinee.net\/index.php\/wp-json\/wp\/v2\/types\/post"}],"author":[{"embeddable":true,"href":"https:\/\/www.friaguinee.net\/index.php\/wp-json\/wp\/v2\/users\/2"}],"replies":[{"embeddable":true,"href":"https:\/\/www.friaguinee.net\/index.php\/wp-json\/wp\/v2\/comments?post=15590"}],"version-history":[{"count":2,"href":"https:\/\/www.friaguinee.net\/index.php\/wp-json\/wp\/v2\/posts\/15590\/revisions"}],"predecessor-version":[{"id":15593,"href":"https:\/\/www.friaguinee.net\/index.php\/wp-json\/wp\/v2\/posts\/15590\/revisions\/15593"}],"wp:featuredmedia":[{"embeddable":true,"href":"https:\/\/www.friaguinee.net\/index.php\/wp-json\/wp\/v2\/media\/15592"}],"wp:attachment":[{"href":"https:\/\/www.friaguinee.net\/index.php\/wp-json\/wp\/v2\/media?parent=15590"}],"wp:term":[{"taxonomy":"category","embeddable":true,"href":"https:\/\/www.friaguinee.net\/index.php\/wp-json\/wp\/v2\/categories?post=15590"},{"taxonomy":"post_tag","embeddable":true,"href":"https:\/\/www.friaguinee.net\/index.php\/wp-json\/wp\/v2\/tags?post=15590"}],"curies":[{"name":"wp","href":"https:\/\/api.w.org\/{rel}","templated":true}]}}