{"id":14920,"date":"2020-02-25T21:42:56","date_gmt":"2020-02-25T21:42:56","guid":{"rendered":"http:\/\/www.friaguinee.net\/?p=14920"},"modified":"2020-02-25T21:42:59","modified_gmt":"2020-02-25T21:42:59","slug":"guinee-elections-les-eleves-en-conge-exceptionnel-a-partir-du-27-fevrier","status":"publish","type":"post","link":"https:\/\/www.friaguinee.net\/index.php\/2020\/02\/25\/guinee-elections-les-eleves-en-conge-exceptionnel-a-partir-du-27-fevrier\/","title":{"rendered":"Guin\u00e9e\/\u00c9lections: les \u00e9l\u00e8ves en \u00ab\u00a0cong\u00e9 exceptionnel\u00a0\u00bb \u00e0 partir du 27 f\u00e9vrier"},"content":{"rendered":"\n<p>Dans un communiqu\u00e9 conjoint lu sur les ondes de la t\u00e9l\u00e9vision nationale,  les trois minist\u00e8res en charge de l&rsquo;\u00e9ducation d\u00e9cident d&rsquo;accorder un \u00ab\u00a0cong\u00e9 exceptionnel \u00a0\u00bb de six jours \u00e0 tous les \u00e9l\u00e8ves, \u00e9tudiants et encadreurs.<\/p>\n\n\n\n<p>Dans le m\u00eame communiqu\u00e9, ils ont invit\u00e9 les responsables des structures d\u00e9concentr\u00e9es et les institutions universitaires publiques et priv\u00e9es \u00e0 prendre toutes les dispositions aff\u00e9rentes \u00e0 l\u2019ex\u00e9cution correcte des pr\u00e9sentes instructions.<\/p>\n\n\n\n<p>Ce cong\u00e9 qui s&rsquo;\u00e9tendra du  jeudi 27 f\u00e9vrier au mardi 3 mars 2020, s&rsquo;inscrit dans le cadre de la tenue des \u00e9lections l\u00e9gislatives coupl\u00e9es au r\u00e9f\u00e9rendum, pr\u00e9vues le 1er mars 2020.<\/p>\n\n\n\n<p><strong>Laouratou Soumah pour friaguinee.net <\/strong><\/p>\n","protected":false},"excerpt":{"rendered":"<p>Dans un communiqu\u00e9 conjoint lu sur les ondes de la t\u00e9l\u00e9vision nationale, les trois minist\u00e8res en charge de l&rsquo;\u00e9ducation d\u00e9cident d&rsquo;accorder un \u00ab\u00a0cong\u00e9 exceptionnel \u00a0\u00bb de six jours \u00e0 tous les \u00e9l\u00e8ves, \u00e9tudiants et encadreurs. Dans le m\u00eame communiqu\u00e9, ils ont invit\u00e9 les responsables des structures d\u00e9concentr\u00e9es et les institutions universitaires publiques et priv\u00e9es \u00e0 [&hellip;]<\/p>\n","protected":false},"author":2,"featured_media":9585,"comment_status":"open","ping_status":"open","sticky":false,"template":"","format":"standard","meta":{"footnotes":""},"categories":[5],"tags":[2070,76,2071,1359],"class_list":["post-14920","post","type-post","status-publish","format-standard","has-post-thumbnail","hentry","category-education","tag-conges","tag-elections","tag-exceptionnel","tag-referendum"],"_links":{"self":[{"href":"https:\/\/www.friaguinee.net\/index.php\/wp-json\/wp\/v2\/posts\/14920","targetHints":{"allow":["GET"]}}],"collection":[{"href":"https:\/\/www.friaguinee.net\/index.php\/wp-json\/wp\/v2\/posts"}],"about":[{"href":"https:\/\/www.friaguinee.net\/index.php\/wp-json\/wp\/v2\/types\/post"}],"author":[{"embeddable":true,"href":"https:\/\/www.friaguinee.net\/index.php\/wp-json\/wp\/v2\/users\/2"}],"replies":[{"embeddable":true,"href":"https:\/\/www.friaguinee.net\/index.php\/wp-json\/wp\/v2\/comments?post=14920"}],"version-history":[{"count":1,"href":"https:\/\/www.friaguinee.net\/index.php\/wp-json\/wp\/v2\/posts\/14920\/revisions"}],"predecessor-version":[{"id":14921,"href":"https:\/\/www.friaguinee.net\/index.php\/wp-json\/wp\/v2\/posts\/14920\/revisions\/14921"}],"wp:featuredmedia":[{"embeddable":true,"href":"https:\/\/www.friaguinee.net\/index.php\/wp-json\/wp\/v2\/media\/9585"}],"wp:attachment":[{"href":"https:\/\/www.friaguinee.net\/index.php\/wp-json\/wp\/v2\/media?parent=14920"}],"wp:term":[{"taxonomy":"category","embeddable":true,"href":"https:\/\/www.friaguinee.net\/index.php\/wp-json\/wp\/v2\/categories?post=14920"},{"taxonomy":"post_tag","embeddable":true,"href":"https:\/\/www.friaguinee.net\/index.php\/wp-json\/wp\/v2\/tags?post=14920"}],"curies":[{"name":"wp","href":"https:\/\/api.w.org\/{rel}","templated":true}]}}