{"id":13580,"date":"2020-01-26T11:19:32","date_gmt":"2020-01-26T11:19:32","guid":{"rendered":"http:\/\/www.friaguinee.net\/?p=13580"},"modified":"2020-01-26T11:19:33","modified_gmt":"2020-01-26T11:19:33","slug":"urgent-coronavirus-un-cas-suspect-en-cote-divoire","status":"publish","type":"post","link":"https:\/\/www.friaguinee.net\/index.php\/2020\/01\/26\/urgent-coronavirus-un-cas-suspect-en-cote-divoire\/","title":{"rendered":"Urgent\/Coronavirus : un cas suspect en C\u00f4te d&rsquo;ivoire"},"content":{"rendered":"\n<p><strong>Une \u00e9tudiante ivoirienne qui rentrait de Chine est pr\u00e9sent\u00e9e comme un cas suspect de Coronavirus \u00e0 Abidjan. Le minist\u00e8re de la Sant\u00e9 et de l\u2019hygi\u00e8ne publique estime que ce \u00ab&nbsp;cas \u00e0 Abidjan (est) sous contr\u00f4le&nbsp;\u00bb.<\/strong><\/p>\n\n\n\n<p>Le samedi 25 janvier 2020 le Minist\u00e8re de la Sant\u00e9 et de l\u2019Hygi\u00e8ne publique a \u00e9t\u00e9 alert\u00e9 par les autorit\u00e9s a\u00e9roportuaires d\u2019Abidjan de la pr\u00e9sence d\u2019un malade dans un a\u00e9ronef de la compagnie Turkish Airlines en provenance de P\u00e9kin \u00e0 destination d\u2019Abidjan.<\/p>\n\n\n\n<p>Il s\u2019agit d\u2019une \u00e9tudiante Ivoirienne de 34 ans r\u00e9sidant \u00e0 P\u00e9kin depuis cinq ans, qui a pr\u00e9sent\u00e9 un syndrome grippal avec toux, \u00e9ternuement, \u00e9coulement nasal et difficult\u00e9 respiratoire, qui a d\u00e9but\u00e9 le 22 Janvier 2020 \u00e0 P\u00e9kin. Une \u00e9quipe compos\u00e9e de professionnels de la sant\u00e9 de l\u2019Institut National d\u2019Hygi\u00e8ne Publique (INHP), du SAMU, de l\u2019Institut Pasteur de C\u00f4te d\u2019Ivoire (IPCI) et du Service des Maladies Infectieuses du CHU de Treichville s\u2019est rendue \u00e0 l\u2019a\u00e9roport, \u00e0 l\u2019atterrissage de l\u2019avion pour prendre en charge le malade.<\/p>\n\n\n\n<h4 class=\"wp-block-heading\">Suspicion d\u2019un cas coronavirus \u00e0 Abidjan<\/h4>\n\n\n\n<p>Conform\u00e9ment \u00e0 la proc\u00e9dure, le passager a \u00e9t\u00e9 transf\u00e9r\u00e9 \u00e0 la cellule de pand\u00e9mies sise \u00e0 l\u2019a\u00e9roport F\u00e9lix Houphou\u00ebt-Boigny d\u2019Abidjan pour examen m\u00e9dical initial et traitement. Des pr\u00e9l\u00e8vements biologiques ont \u00e9galement \u00e9t\u00e9 r\u00e9alis\u00e9s et achemin\u00e9s \u00e0 l\u2019IPCI pour analyse. A ce jour, son \u00e9tat g\u00e9n\u00e9ral est satisfaisant.<\/p>\n\n\n\n<p>Il s\u2019agit, \u00e0 ce stade, d\u2019une suspicion d\u2019un cas de pneumonie \u00e0 coronavirus. Le diagnostic final sera \u00e9tabli \u00e0 l\u2019issue des r\u00e9sultats de l\u2019analyse des \u00e9chantillons pr\u00e9lev\u00e9s.&nbsp;<a href=\"https:\/\/aip.ci\/cote-divoire-aip-le-gouvernement-annonce-des-mesures-de-prevention-contre-lepidemie-de-pneumonie-communique\/\">Le Minist\u00e8re de la Sant\u00e9 et de l\u2019Hygi\u00e8ne Publique<\/a>&nbsp;rappelle aux populations le respect des mesures de pr\u00e9vention suivantes :<\/p>\n\n\n\n<ul class=\"wp-block-list\"><li>\u00c9viter le contact \u00e9troit avec les personnes souffrant d\u2019infections respiratoires aigu\u00ebs;<\/li><li>Se laver fr\u00e9quemment les mains, en particulier apr\u00e8s un contact direct avec des personnes malades ou leur environnement ;<\/li><li>\u00c9viter tout contact non prot\u00e9g\u00e9 avec des animaux d\u2019\u00e9levage ou sauvages;<\/li><li>Utiliser un mouchoir en papier pour \u00e9ternuer et tousser et le jeter dans une poubelle, \u00e0 d\u00e9faut \u00e9ternuer et tousser dans le pli du coude puis se laver les mains r\u00e9guli\u00e8rement \u00e0 l\u2019eau et au savon.<\/li><li>Se rendre dans le centre de sant\u00e9 le plus proche en cas de survenue de fi\u00e8vre, toux et difficult\u00e9s respiratoires<br>Les populations sont invit\u00e9es \u00e0 ne pas c\u00e9der \u00e0 la panique et \u00e0 appeler le 143 (num\u00e9ro vert gratuit) pour toute information.<\/li><\/ul>\n\n\n\n<p><strong>Dr Eug\u00e8ne Aka Aou\u00e9l\u00e9<\/strong><\/p>\n\n\n\n<p>Source: AFRIKSOIR<\/p>\n","protected":false},"excerpt":{"rendered":"<p>Une \u00e9tudiante ivoirienne qui rentrait de Chine est pr\u00e9sent\u00e9e comme un cas suspect de Coronavirus \u00e0 Abidjan. Le minist\u00e8re de la Sant\u00e9 et de l\u2019hygi\u00e8ne publique estime que ce \u00ab&nbsp;cas \u00e0 Abidjan (est) sous contr\u00f4le&nbsp;\u00bb. Le samedi 25 janvier 2020 le Minist\u00e8re de la Sant\u00e9 et de l\u2019Hygi\u00e8ne publique a \u00e9t\u00e9 alert\u00e9 par les autorit\u00e9s [&hellip;]<\/p>\n","protected":false},"author":2,"featured_media":13582,"comment_status":"open","ping_status":"open","sticky":false,"template":"","format":"standard","meta":{"footnotes":""},"categories":[2,4],"tags":[],"class_list":["post-13580","post","type-post","status-publish","format-standard","has-post-thumbnail","hentry","category-actualites","category-sante"],"_links":{"self":[{"href":"https:\/\/www.friaguinee.net\/index.php\/wp-json\/wp\/v2\/posts\/13580","targetHints":{"allow":["GET"]}}],"collection":[{"href":"https:\/\/www.friaguinee.net\/index.php\/wp-json\/wp\/v2\/posts"}],"about":[{"href":"https:\/\/www.friaguinee.net\/index.php\/wp-json\/wp\/v2\/types\/post"}],"author":[{"embeddable":true,"href":"https:\/\/www.friaguinee.net\/index.php\/wp-json\/wp\/v2\/users\/2"}],"replies":[{"embeddable":true,"href":"https:\/\/www.friaguinee.net\/index.php\/wp-json\/wp\/v2\/comments?post=13580"}],"version-history":[{"count":1,"href":"https:\/\/www.friaguinee.net\/index.php\/wp-json\/wp\/v2\/posts\/13580\/revisions"}],"predecessor-version":[{"id":13581,"href":"https:\/\/www.friaguinee.net\/index.php\/wp-json\/wp\/v2\/posts\/13580\/revisions\/13581"}],"wp:featuredmedia":[{"embeddable":true,"href":"https:\/\/www.friaguinee.net\/index.php\/wp-json\/wp\/v2\/media\/13582"}],"wp:attachment":[{"href":"https:\/\/www.friaguinee.net\/index.php\/wp-json\/wp\/v2\/media?parent=13580"}],"wp:term":[{"taxonomy":"category","embeddable":true,"href":"https:\/\/www.friaguinee.net\/index.php\/wp-json\/wp\/v2\/categories?post=13580"},{"taxonomy":"post_tag","embeddable":true,"href":"https:\/\/www.friaguinee.net\/index.php\/wp-json\/wp\/v2\/tags?post=13580"}],"curies":[{"name":"wp","href":"https:\/\/api.w.org\/{rel}","templated":true}]}}