{"id":13527,"date":"2020-01-25T08:39:22","date_gmt":"2020-01-25T08:39:22","guid":{"rendered":"http:\/\/www.friaguinee.net\/?p=13527"},"modified":"2020-01-25T08:39:29","modified_gmt":"2020-01-25T08:39:29","slug":"25-janvier-1971-25-janvier-2020-49-ans-apres-les-pendaisons-la-douleur-se-fait-toujours-ressentir","status":"publish","type":"post","link":"https:\/\/www.friaguinee.net\/index.php\/2020\/01\/25\/25-janvier-1971-25-janvier-2020-49-ans-apres-les-pendaisons-la-douleur-se-fait-toujours-ressentir\/","title":{"rendered":"25 janvier 1971-25 janvier 2020: 49 ans apr\u00e8s les pendaisons, la douleur se fait toujours ressentir"},"content":{"rendered":"\n<p>Pour comm\u00e9morer le \u00e8me anniversaire des pendaisons qui ont eu lieu le 25 janvier 1971, l&rsquo;association des victimes du camp Boiro a conf\u00e9r\u00e9 avec la presse ce vendredi 24 janvier 2020.<\/p>\n\n\n\n<p>Voici la d\u00e9claration lue par Abdoulaye Cont\u00e9:<\/p>\n\n\n\n<p>Chers compatriotes,<\/p>\n\n\n\n<p>Cela va faire 49 ans, le 25 janvier 2020 qu\u2019une purge sans pr\u00e9c\u00e9dent s\u2019abattit sur notre pays, perp\u00e9tr\u00e9 par S\u00e9kou Tour\u00e9 suit \u00e0 une instrumentalisation de toutes les couches sociales de notre pays. Ainsi, les jeunes, les femmes, les d\u00e9put\u00e9s, les journalistes, le guin\u00e9en inconnu furent embarqu\u00e9s d\u2019\u00e0 s une rh\u00e9torique d\u2019\u00e9limination de ses dignes fils par ce que nantis brillants intellectuels, homme politiques issus de grandes familles. S\u00e9kou Tour\u00e9 d\u00e9cida de les \u00e9liminer en fomentant un complot contre eux et en trompant la population qu\u2019il avait choisie pour d\u00e9fendre les int\u00e9r\u00eats de la Guin\u00e9e. Il mit en place un plan diabolique avec le Portugal pour lib\u00e9rer les prisonniers portugais en Guin\u00e9e et en retour avoir l\u2019occasion d\u2019\u00e9liminer dans une purge sans pr\u00e9c\u00e9dent des centaines de guin\u00e9ens les accusant d\u2019avoir appartenu \u00e0 une 5\u00e8me colonne qui serait, elle, rest\u00e9e \u00e0 l\u2019int\u00e9rieur. S\u00e9kou Tour\u00e9 fit une campagne nationale pour vendre son plan diabolique.<\/p>\n\n\n\n<p>Enfin de compte, les guin\u00e9ens crurent aux mensonges et soutinrent la sale besogne de ce pr\u00e9sident criminel qui ne visait que l\u2019extermination de ce qui pouvait repr\u00e9senter une alternative \u00e0 lui et son PDG. Pouce la S\u00e9kou Tour\u00e9 utilisa l\u2019Assembl\u00e9e Nationale \u00e9rig\u00e9e en tribunal r\u00e9volutionnaire supr\u00eame. Sans autre forme de proc\u00e8s, sur la base du mensonge, de la d\u00e9lation, les accus\u00e9s furent arr\u00eat\u00e9s, conduit dans les camps de la mort et tortur\u00e9s apr\u00e8s une di\u00e8te noire. Ainsi, les complices de S\u00e9kou Tour\u00e9 obtinrent des aveux \u00e9crits ou des d\u00e9clarations enregistr\u00e9es sur bandes magn\u00e9tiques. Ces aveux extorqu\u00e9s sous la torture, dans des violences extr\u00eames et indescriptibles, ne peuvent constituer des preuves mat\u00e9rielles pouvant l\u00e9gitimer les centaines de condamnations \u00e0 mort prononc\u00e9s par le tribunal r\u00e9volutionnaire supr\u00eame.<\/p>\n\n\n\n<p>En effet, ce tribunal constitu\u00e9 des parlementaires du PDG \u00e9taient sous la direction de S\u00e9kou Tour\u00e9. Les accus\u00e9s furent ainsi abandonn\u00e9s \u00e0 leur sort. C\u2019est ainsi que p\u00e9rirent nos parents. La machine \u00e0 tuer a \u00e9t\u00e9 construite, entretenue et les hommes instrumentalis\u00e9s par S\u00e9kou Tour\u00e9 pour assouvir sa domination sanglante sur la Guin\u00e9e. Comme on le voit, le tribunal r\u00e9volutionnaire a \u00e9t\u00e9 un outil de destruction des guin\u00e9ens dans les mains de S\u00e9kou Tour\u00e9. Ce tribunal f\u00fbt ill\u00e9gal et ill\u00e9gitime.<\/p>\n\n\n\n<p>D\u2019ailleurs, \u00e0 la mort de S\u00e9kou Tour\u00e9 en 1984, il n\u2019y avait plus de cadres form\u00e9s aux grandes \u00e9coles \u00e9trang\u00e8res, plis de commer\u00e7ants, plus d\u2019hommes politiques de grande envergure, plus de grands officiers militaires dans le pays. Tous broy\u00e9s par le monstre et sa r\u00e9volution. Aujourd\u2019hui encore, en 2020, on subit en Guin\u00e9e les cons\u00e9quences n\u00e9gatives de la barbarie inhumaine perp\u00e9tr\u00e9e par S\u00e9kou Tour\u00e9 et sa bande d\u2019assassins.<\/p>\n\n\n\n<p>Chers compatriotes, notre lutte est noble. Elle est difficile parce que le tyran a r\u00e9gn\u00e9 pendant 26ans de notre jeune ind\u00e9pendance. Pendant ce temps, il a sem\u00e9 sa haine dans l\u2019esprit de cette g\u00e9n\u00e9ration. D\u00e8s lors, tous ceux qui ont cru \u00e0 ses mensonges repr\u00e9sentent aujourd\u2019hui des inconditionnels de S\u00e9kou Tour\u00e9 et criminels. Mais le combat se poursuivra avec plus de d\u00e9termination. Nous allons adopter des approches de plus en plus visibles pour surmonter ces obstacles.<\/p>\n\n\n\n<p>Chers compatriotes, nous voudrions \u00e0 l\u2019occasion de cette comm\u00e9moration rappeler les objectifs de notre association:<\/p>\n\n\n\n<ul class=\"wp-block-list\"><li>La r\u00e9habilitation des victimes<\/li><li>L\u2019ouverture des diff\u00e9rents charniers \u00e0 travers le pays<\/li><li>La restitution des biens aux familles encore aux mains de l\u2019\u00c9tat guin\u00e9en<\/li><li>La construction des St\u00e8les \u00e0 la m\u00e9moire des victimes<\/li><li>La tenue d\u2019une v\u00e9ritable entreprise de r\u00e9conciliation nationale sur la base de la v\u00e9rit\u00e9 et de la justice.<\/li><\/ul>\n\n\n\n<p>Nous voudrions aussi profiter de ces moments de recueillements pour rappeler au pr\u00e9sident de la R\u00e9publique que les crimes commandit\u00e9s par S\u00e9kou Tour\u00e9 sont imprescriptibles. Il peut \u00eatre celui qui \u0153uvrera pour r\u00e9concilier les guin\u00e9ens en favorisant la r\u00e9conciliation nationale profond\u00e9ment entam\u00e9e par les violences que notre pays conna\u00eet depuis son ind\u00e9pendance. Enfin, nous prions pour une Guin\u00e9e apais\u00e9e avec toutes les filles et ses fils afin que les g\u00e9n\u00e9rations futures connaissent une Guin\u00e9e plurielle mais unie.<\/p>\n\n\n\n<p>Plus jamais \u00e7a.<\/p>\n\n\n\n<p>Le secr\u00e9taire ex\u00e9cutif<\/p>\n\n\n\n<p><\/p>\n","protected":false},"excerpt":{"rendered":"<p>Pour comm\u00e9morer le \u00e8me anniversaire des pendaisons qui ont eu lieu le 25 janvier 1971, l&rsquo;association des victimes du camp Boiro a conf\u00e9r\u00e9 avec la presse ce vendredi 24 janvier 2020. Voici la d\u00e9claration lue par Abdoulaye Cont\u00e9: Chers compatriotes, Cela va faire 49 ans, le 25 janvier 2020 qu\u2019une purge sans pr\u00e9c\u00e9dent s\u2019abattit sur [&hellip;]<\/p>\n","protected":false},"author":2,"featured_media":13531,"comment_status":"open","ping_status":"open","sticky":false,"template":"","format":"standard","meta":{"footnotes":""},"categories":[2],"tags":[],"class_list":["post-13527","post","type-post","status-publish","format-standard","has-post-thumbnail","hentry","category-actualites"],"_links":{"self":[{"href":"https:\/\/www.friaguinee.net\/index.php\/wp-json\/wp\/v2\/posts\/13527","targetHints":{"allow":["GET"]}}],"collection":[{"href":"https:\/\/www.friaguinee.net\/index.php\/wp-json\/wp\/v2\/posts"}],"about":[{"href":"https:\/\/www.friaguinee.net\/index.php\/wp-json\/wp\/v2\/types\/post"}],"author":[{"embeddable":true,"href":"https:\/\/www.friaguinee.net\/index.php\/wp-json\/wp\/v2\/users\/2"}],"replies":[{"embeddable":true,"href":"https:\/\/www.friaguinee.net\/index.php\/wp-json\/wp\/v2\/comments?post=13527"}],"version-history":[{"count":2,"href":"https:\/\/www.friaguinee.net\/index.php\/wp-json\/wp\/v2\/posts\/13527\/revisions"}],"predecessor-version":[{"id":13529,"href":"https:\/\/www.friaguinee.net\/index.php\/wp-json\/wp\/v2\/posts\/13527\/revisions\/13529"}],"wp:featuredmedia":[{"embeddable":true,"href":"https:\/\/www.friaguinee.net\/index.php\/wp-json\/wp\/v2\/media\/13531"}],"wp:attachment":[{"href":"https:\/\/www.friaguinee.net\/index.php\/wp-json\/wp\/v2\/media?parent=13527"}],"wp:term":[{"taxonomy":"category","embeddable":true,"href":"https:\/\/www.friaguinee.net\/index.php\/wp-json\/wp\/v2\/categories?post=13527"},{"taxonomy":"post_tag","embeddable":true,"href":"https:\/\/www.friaguinee.net\/index.php\/wp-json\/wp\/v2\/tags?post=13527"}],"curies":[{"name":"wp","href":"https:\/\/api.w.org\/{rel}","templated":true}]}}