{"id":12592,"date":"2019-12-12T17:46:23","date_gmt":"2019-12-12T17:46:23","guid":{"rendered":"http:\/\/www.friaguinee.net\/?p=12592"},"modified":"2019-12-12T17:46:38","modified_gmt":"2019-12-12T17:46:38","slug":"fria-pollution-a-la-poussiere-dalumine-le-ccflp-sensibilise-les-vendeuses-du-marche-central","status":"publish","type":"post","link":"https:\/\/www.friaguinee.net\/index.php\/2019\/12\/12\/fria-pollution-a-la-poussiere-dalumine-le-ccflp-sensibilise-les-vendeuses-du-marche-central\/","title":{"rendered":"Fria\/Pollution \u00e0 la poussi\u00e8re d&rsquo;alumine: le CCFLP  sensibilise les vendeuses du march\u00e9 central"},"content":{"rendered":"\n<p>Apr\u00e8s avoir rencontr\u00e9 les autorit\u00e9s communales et\npr\u00e9fectorales, le collectif des jeunes de Fria pour la lutte contre la pollution\na, comme pr\u00e9vu, proc\u00e9d\u00e9 ce jeudi \u00e0 la sensibilisation des vendeuses du march\u00e9\ncentral de Fria.<\/p>\n\n\n\n<figure class=\"wp-block-image\"><img loading=\"lazy\" decoding=\"async\" width=\"1024\" height=\"512\" src=\"http:\/\/www.friaguinee.net\/wp-content\/uploads\/2019\/12\/received_575764926321694-1024x512.jpeg\" alt=\"\" class=\"wp-image-12595\" srcset=\"https:\/\/www.friaguinee.net\/wp-content\/uploads\/2019\/12\/received_575764926321694-1024x512.jpeg 1024w, https:\/\/www.friaguinee.net\/wp-content\/uploads\/2019\/12\/received_575764926321694-300x150.jpeg 300w, https:\/\/www.friaguinee.net\/wp-content\/uploads\/2019\/12\/received_575764926321694-768x384.jpeg 768w, https:\/\/www.friaguinee.net\/wp-content\/uploads\/2019\/12\/received_575764926321694-696x348.jpeg 696w, https:\/\/www.friaguinee.net\/wp-content\/uploads\/2019\/12\/received_575764926321694-1068x534.jpeg 1068w, https:\/\/www.friaguinee.net\/wp-content\/uploads\/2019\/12\/received_575764926321694-840x420.jpeg 840w, https:\/\/www.friaguinee.net\/wp-content\/uploads\/2019\/12\/received_575764926321694.jpeg 1404w\" sizes=\"auto, (max-width: 1024px) 100vw, 1024px\" \/><\/figure>\n\n\n\n<p>Cette activit\u00e9 qui s\u2019inscrit dans le cadre de son combat\ncontre la pollution \u00e0 la poussi\u00e8re d\u2019alumine qui mine la cit\u00e9 depuis quelques\nsemaines, s\u2019est d\u00e9roul\u00e9e sous la houlette des administrateurs du march\u00e9.<\/p>\n\n\n\n<p>De l\u2019arri\u00e8re de la Bicigui au Razel, en passant par la\nboucherie et l\u2019ancienne gare routi\u00e8re, les jeunes du collectif ont sillonn\u00e9\ntout le march\u00e9, munis d\u2019un m\u00e9gaphone. Partout o\u00f9 ils sont pass\u00e9s, les membres\ndu collectif ont expliqu\u00e9 aux vendeuses de produits non lavables, les dangers\nauxquels elles exposeraient les consommateurs si les aliments ne sont pas\ncouverts et la n\u00e9cessit\u00e9 pour elles de prendre des dispositions idoines pour\nprot\u00e9ger les citoyens de Fria.<\/p>\n\n\n\n<figure class=\"wp-block-image\"><img loading=\"lazy\" decoding=\"async\" width=\"1024\" height=\"512\" src=\"http:\/\/www.friaguinee.net\/wp-content\/uploads\/2019\/12\/received_761949917656990-1024x512.jpeg\" alt=\"\" class=\"wp-image-12596\" srcset=\"https:\/\/www.friaguinee.net\/wp-content\/uploads\/2019\/12\/received_761949917656990-1024x512.jpeg 1024w, https:\/\/www.friaguinee.net\/wp-content\/uploads\/2019\/12\/received_761949917656990-300x150.jpeg 300w, https:\/\/www.friaguinee.net\/wp-content\/uploads\/2019\/12\/received_761949917656990-768x384.jpeg 768w, https:\/\/www.friaguinee.net\/wp-content\/uploads\/2019\/12\/received_761949917656990-696x348.jpeg 696w, https:\/\/www.friaguinee.net\/wp-content\/uploads\/2019\/12\/received_761949917656990-1068x534.jpeg 1068w, https:\/\/www.friaguinee.net\/wp-content\/uploads\/2019\/12\/received_761949917656990-840x420.jpeg 840w, https:\/\/www.friaguinee.net\/wp-content\/uploads\/2019\/12\/received_761949917656990.jpeg 1404w\" sizes=\"auto, (max-width: 1024px) 100vw, 1024px\" \/><\/figure>\n\n\n\n<p>\u00ab&nbsp;<strong><em>Le collectif a r\u00e9alis\u00e9 une activit\u00e9 de sensibilisation\nau&nbsp; grand march\u00e9 de Fria que nous avons\nenti\u00e8rement parcouru.&nbsp;Nous avons rencontr\u00e9 les hommes, les femmes, tous\nceux qui revendent des produits non lavables notamment le pain, les beignets,\nles huiles, les farines, les p\u00e2tes. Je crois que le message a \u00e9t\u00e9 tr\u00e8s bien\nper\u00e7u, les femmes \u00e9taient tr\u00e8s contentes et se sont engag\u00e9es \u00e0 continuer sur\ncet \u00e9lan bien que nous avons trouv\u00e9 que beaucoup de produits \u00e9taient couverts,\nils ont promis de continuer<\/em><\/strong>&nbsp;\u00bb affirme Alhassane Aissatou Sylla.<\/p>\n\n\n\n<figure class=\"wp-block-image\"><img loading=\"lazy\" decoding=\"async\" width=\"1024\" height=\"576\" src=\"http:\/\/www.friaguinee.net\/wp-content\/uploads\/2019\/12\/received_595692724539264-1-1024x576.jpeg\" alt=\"\" class=\"wp-image-12597\" srcset=\"https:\/\/www.friaguinee.net\/wp-content\/uploads\/2019\/12\/received_595692724539264-1-1024x576.jpeg 1024w, https:\/\/www.friaguinee.net\/wp-content\/uploads\/2019\/12\/received_595692724539264-1-300x169.jpeg 300w, https:\/\/www.friaguinee.net\/wp-content\/uploads\/2019\/12\/received_595692724539264-1-768x432.jpeg 768w, https:\/\/www.friaguinee.net\/wp-content\/uploads\/2019\/12\/received_595692724539264-1-696x392.jpeg 696w, https:\/\/www.friaguinee.net\/wp-content\/uploads\/2019\/12\/received_595692724539264-1-1068x601.jpeg 1068w, https:\/\/www.friaguinee.net\/wp-content\/uploads\/2019\/12\/received_595692724539264-1-747x420.jpeg 747w, https:\/\/www.friaguinee.net\/wp-content\/uploads\/2019\/12\/received_595692724539264-1.jpeg 1200w\" sizes=\"auto, (max-width: 1024px) 100vw, 1024px\" \/><\/figure>\n\n\n\n<p>Inqui\u00e8tes de l\u2019ampleur de cette poussi\u00e8re qui affecte n\u00e9gativement leurs corps, leurs enfants et leurs cultures, les femmes du march\u00e9 central ont elles aussi, exhort\u00e9 les autorit\u00e9s \u00e0 r\u00e9soudre ce probl\u00e8me dans un bref d\u00e9lai.<\/p>\n\n\n\n<p>&nbsp;\u00ab&nbsp;<strong><em>Elles\nont lanc\u00e9 un appel \u00e0 l\u2019endroit des autorit\u00e9s pour r\u00e9soudre ce probl\u00e8me parce que\ncertains se plaignent de probl\u00e8me de vision, de respiration, leurs enfants sont\nmalades, leurs cultures sont menac\u00e9es<\/em><\/strong>&nbsp;\u00bb poursuit le coordinateur\ndu Collectif.<\/p>\n\n\n\n<p>Les jours \u00e0 venir, cette action sera \u00e9largie aux autres march\u00e9\nde la commune urbaine.<\/p>\n\n\n\n<p><strong>Laouratou\nSoumah<\/strong><\/p>\n","protected":false},"excerpt":{"rendered":"<p>Apr\u00e8s avoir rencontr\u00e9 les autorit\u00e9s communales et pr\u00e9fectorales, le collectif des jeunes de Fria pour la lutte contre la pollution a, comme pr\u00e9vu, proc\u00e9d\u00e9 ce jeudi \u00e0 la sensibilisation des vendeuses du march\u00e9 central de Fria. Cette activit\u00e9 qui s\u2019inscrit dans le cadre de son combat contre la pollution \u00e0 la poussi\u00e8re d\u2019alumine qui mine [&hellip;]<\/p>\n","protected":false},"author":2,"featured_media":12594,"comment_status":"open","ping_status":"open","sticky":false,"template":"","format":"standard","meta":{"footnotes":""},"categories":[1],"tags":[],"class_list":["post-12592","post","type-post","status-publish","format-standard","has-post-thumbnail","hentry","category-non-classe"],"_links":{"self":[{"href":"https:\/\/www.friaguinee.net\/index.php\/wp-json\/wp\/v2\/posts\/12592","targetHints":{"allow":["GET"]}}],"collection":[{"href":"https:\/\/www.friaguinee.net\/index.php\/wp-json\/wp\/v2\/posts"}],"about":[{"href":"https:\/\/www.friaguinee.net\/index.php\/wp-json\/wp\/v2\/types\/post"}],"author":[{"embeddable":true,"href":"https:\/\/www.friaguinee.net\/index.php\/wp-json\/wp\/v2\/users\/2"}],"replies":[{"embeddable":true,"href":"https:\/\/www.friaguinee.net\/index.php\/wp-json\/wp\/v2\/comments?post=12592"}],"version-history":[{"count":3,"href":"https:\/\/www.friaguinee.net\/index.php\/wp-json\/wp\/v2\/posts\/12592\/revisions"}],"predecessor-version":[{"id":12599,"href":"https:\/\/www.friaguinee.net\/index.php\/wp-json\/wp\/v2\/posts\/12592\/revisions\/12599"}],"wp:featuredmedia":[{"embeddable":true,"href":"https:\/\/www.friaguinee.net\/index.php\/wp-json\/wp\/v2\/media\/12594"}],"wp:attachment":[{"href":"https:\/\/www.friaguinee.net\/index.php\/wp-json\/wp\/v2\/media?parent=12592"}],"wp:term":[{"taxonomy":"category","embeddable":true,"href":"https:\/\/www.friaguinee.net\/index.php\/wp-json\/wp\/v2\/categories?post=12592"},{"taxonomy":"post_tag","embeddable":true,"href":"https:\/\/www.friaguinee.net\/index.php\/wp-json\/wp\/v2\/tags?post=12592"}],"curies":[{"name":"wp","href":"https:\/\/api.w.org\/{rel}","templated":true}]}}