{"id":12468,"date":"2019-12-06T13:40:07","date_gmt":"2019-12-06T13:40:07","guid":{"rendered":"http:\/\/www.friaguinee.net\/?p=12468"},"modified":"2019-12-06T13:40:08","modified_gmt":"2019-12-06T13:40:08","slug":"boke-celebration-en-differe-de-la-journee-internationale-des-nations-unies","status":"publish","type":"post","link":"https:\/\/www.friaguinee.net\/index.php\/2019\/12\/06\/boke-celebration-en-differe-de-la-journee-internationale-des-nations-unies\/","title":{"rendered":"Bok\u00e9: c\u00e9l\u00e9bration en diff\u00e9r\u00e9 de la journ\u00e9e internationale des Nations-Unies"},"content":{"rendered":"\n<p>La ville\nde Bok\u00e9 a abrit\u00e9 ce jeudi 5 d\u00e9cembre 2019, la c\u00e9l\u00e9bration du 74<sup>\u00e8me<\/sup>\nanniversaire de la journ\u00e9e internationale des Nations Unies.<\/p>\n\n\n\n<p>C\u2019est l\u2019h\u00f4tel Rio Nunez qui a servi de cadre \u00e0 cette c\u00e9l\u00e9bration qui a pour th\u00e8me <strong>\u00abUnis dans l\u2019Action pour r\u00e9aliser les 17 objectifs du D\u00e9veloppement Durable (ODD) en R\u00e9publique de Guin\u00e9e\u00bb, <\/strong>en pr\u00e9sence des autorit\u00e9s r\u00e9gionales, pr\u00e9fectorales, communales.<\/p>\n\n\n\n<figure class=\"wp-block-image\"><img loading=\"lazy\" decoding=\"async\" width=\"1024\" height=\"576\" src=\"http:\/\/www.friaguinee.net\/wp-content\/uploads\/2019\/12\/maire-un-1024x576.jpg\" alt=\"\" class=\"wp-image-12470\" srcset=\"https:\/\/www.friaguinee.net\/wp-content\/uploads\/2019\/12\/maire-un-1024x576.jpg 1024w, https:\/\/www.friaguinee.net\/wp-content\/uploads\/2019\/12\/maire-un-300x169.jpg 300w, https:\/\/www.friaguinee.net\/wp-content\/uploads\/2019\/12\/maire-un-768x432.jpg 768w, https:\/\/www.friaguinee.net\/wp-content\/uploads\/2019\/12\/maire-un-696x392.jpg 696w, https:\/\/www.friaguinee.net\/wp-content\/uploads\/2019\/12\/maire-un-1068x601.jpg 1068w, https:\/\/www.friaguinee.net\/wp-content\/uploads\/2019\/12\/maire-un-747x420.jpg 747w, https:\/\/www.friaguinee.net\/wp-content\/uploads\/2019\/12\/maire-un.jpg 1728w\" sizes=\"auto, (max-width: 1024px) 100vw, 1024px\" \/><\/figure>\n\n\n\n<p>Dans son\nallocution de bienvenue, le Maire de la commune urbaine a remerci\u00e9 les\npartenaires pour le choix port\u00e9 sur sa commune pour abriter cette premi\u00e8re du\ngenre et les a f\u00e9licit\u00e9 pour le soutien total, avant de leur souhaiter un\nagr\u00e9able s\u00e9jour dans le Kakand\u00e9.<\/p>\n\n\n\n<p>Le\ngouverneur &nbsp;de la R\u00e9gion de Bok\u00e9 a quant\n\u00e0 lui demand\u00e9 une minute de silence en la m\u00e9moire de toutes les victimes des\n\u00e9v\u00e9nements avant de s\u2019adresser aux participants.<\/p>\n\n\n\n<p><strong><em>\u00ab\u00a0 \u2026La d\u00e9localisation cette ann\u00e9e de la c\u00e9l\u00e9bration de cette journ\u00e9e, de la capitale pour l\u2019int\u00e9rieur du pays, est la preuve \u00e9loquente de la volont\u00e9 de l\u2019\u00e9quipe pays des Nations-Unies de demeurer dans la dynamique de la r\u00e9solution 27-82 de l\u2019assembl\u00e9e g\u00e9n\u00e9rale, \u00a0\u00bbNe laisser personne derri\u00e8re dans l\u2019atteinte de l\u2019objectif 2020 \u2013 2030&prime;, et sa d\u00e9termination \u00e0 accompagner notre pays dans ses actions de d\u00e9veloppement \u00e0 la base, donc dans sa politique de d\u00e9centralisation. En effet, notre organisation commune en dehors de ses actions visant \u00e0 pr\u00e9server les peuples et les Nations des fl\u00e9aux de la guerre, des catastrophes naturelles et des maladies, accompagne activement les politiques de d\u00e9veloppement \u00e9conomique et social de nos gouvernements. \u2026<\/em><\/strong>\u00a0\u00bb a d\u00e9clar\u00e9 Siba Lohlamou.<\/p>\n\n\n\n<figure class=\"wp-block-image is-resized\"><img loading=\"lazy\" decoding=\"async\" src=\"http:\/\/www.friaguinee.net\/wp-content\/uploads\/2019\/12\/gouv-et-pre-boke.jpg\" alt=\"\" class=\"wp-image-12471\" width=\"584\" height=\"329\" srcset=\"https:\/\/www.friaguinee.net\/wp-content\/uploads\/2019\/12\/gouv-et-pre-boke.jpg 497w, https:\/\/www.friaguinee.net\/wp-content\/uploads\/2019\/12\/gouv-et-pre-boke-300x169.jpg 300w\" sizes=\"auto, (max-width: 584px) 100vw, 584px\" \/><\/figure>\n\n\n\n<p>Le coordinateur\nr\u00e9sidant du syst\u00e8me des Nations-Unies par int\u00e9rim, a mis l\u2019occasion \u00e0 profit pour\nremercier le gouvernement guin\u00e9en pour avoir autoris\u00e9 la c\u00e9l\u00e9bration de cette\njourn\u00e9e dans la pr\u00e9fecture de Bok\u00e9 et rappeler l\u2019historique de la c\u00e9l\u00e9bration\nde cette journ\u00e9e.<\/p>\n\n\n\n<p>\u00ab\u00a0<strong><em>Je remercie le gouvernement de la R\u00e9publique de Guin\u00e9e pour l\u2019autorisation qui nous a \u00e9t\u00e9 donn\u00e9e de c\u00e9l\u00e9brer la journ\u00e9e internationale du syst\u00e8me des Nations-Unies 2019 \u00e0 Bok\u00e9 qui devrait se tenir en octobre mais pour des raisons de convenance a \u00e9t\u00e9 report\u00e9e en ce d\u00e9but de ce mois de d\u00e9cembre&#8230; La journ\u00e9e des Nations-Unies est c\u00e9l\u00e9br\u00e9e chaque ann\u00e9e le 24 octobre pour marquer le jour anniversaire de l\u2019entr\u00e9e de la charte des Nations-Unies en 1945\u00a0; c\u2019est une occasion pour les gouvernements et les peuples de r\u00e9affirmer leur foi dans les buts, valeurs et principes de la charte des Nations-Unies, c\u2019est aussi l\u2019occasion de partager l\u2019impact des actions r\u00e9alis\u00e9es par le syst\u00e8me des Nations-Unies qui n\u2019est rien d\u2019autre qu\u2019un secr\u00e9tariat des Etats membres pour contribuer \u00e0 la promotion de la paix et de l\u2019atteinte des objectifs de d\u00e9veloppement durable \u00e0 travers la s\u00e9curit\u00e9, l\u2019aide au d\u00e9veloppement et l\u2019action humanitaire\u2026\u00a0<\/em><\/strong>\u00bb a indiqu\u00e9 Georges Alfred Kizerbo.<\/p>\n\n\n\n<figure class=\"wp-block-image is-resized\"><img loading=\"lazy\" decoding=\"async\" src=\"http:\/\/www.friaguinee.net\/wp-content\/uploads\/2019\/12\/kizerbo.jpg\" alt=\"\" class=\"wp-image-12472\" width=\"585\" height=\"1038\" srcset=\"https:\/\/www.friaguinee.net\/wp-content\/uploads\/2019\/12\/kizerbo.jpg 280w, https:\/\/www.friaguinee.net\/wp-content\/uploads\/2019\/12\/kizerbo-169x300.jpg 169w, https:\/\/www.friaguinee.net\/wp-content\/uploads\/2019\/12\/kizerbo-237x420.jpg 237w\" sizes=\"auto, (max-width: 585px) 100vw, 585px\" \/><\/figure>\n\n\n\n<p>La c\u00e9l\u00e9bration de cette journ\u00e9e des Nations-Unies qui\npermet de se projeter pour partager un important moment de prospectives en\nconf\u00e9rant avec les autorit\u00e9s et les partenaires sur les enjeux du d\u00e9veloppement\ndurable, s\u2019est poursuivie \u00e0 travers une visite touristique guid\u00e9e au mus\u00e9e\nr\u00e9gional de Bok\u00e9 o\u00f9 des volontaires des Nations-Unies, sont largement revenus\nsur l\u2019importance du volontariat.<\/p>\n\n\n\n<p><strong>De Bok\u00e9,\nAboubacar Finance Barry pour friaguinee.net<\/strong><\/p>\n","protected":false},"excerpt":{"rendered":"<p>La ville de Bok\u00e9 a abrit\u00e9 ce jeudi 5 d\u00e9cembre 2019, la c\u00e9l\u00e9bration du 74\u00e8me anniversaire de la journ\u00e9e internationale des Nations Unies. C\u2019est l\u2019h\u00f4tel Rio Nunez qui a servi de cadre \u00e0 cette c\u00e9l\u00e9bration qui a pour th\u00e8me \u00abUnis dans l\u2019Action pour r\u00e9aliser les 17 objectifs du D\u00e9veloppement Durable (ODD) en R\u00e9publique de Guin\u00e9e\u00bb, [&hellip;]<\/p>\n","protected":false},"author":2,"featured_media":12469,"comment_status":"open","ping_status":"open","sticky":false,"template":"","format":"standard","meta":{"footnotes":""},"categories":[9],"tags":[236,124,477,1465],"class_list":["post-12468","post","type-post","status-publish","format-standard","has-post-thumbnail","hentry","category-publireportage","tag-boke","tag-celebration","tag-journee","tag-nations-unies"],"_links":{"self":[{"href":"https:\/\/www.friaguinee.net\/index.php\/wp-json\/wp\/v2\/posts\/12468","targetHints":{"allow":["GET"]}}],"collection":[{"href":"https:\/\/www.friaguinee.net\/index.php\/wp-json\/wp\/v2\/posts"}],"about":[{"href":"https:\/\/www.friaguinee.net\/index.php\/wp-json\/wp\/v2\/types\/post"}],"author":[{"embeddable":true,"href":"https:\/\/www.friaguinee.net\/index.php\/wp-json\/wp\/v2\/users\/2"}],"replies":[{"embeddable":true,"href":"https:\/\/www.friaguinee.net\/index.php\/wp-json\/wp\/v2\/comments?post=12468"}],"version-history":[{"count":2,"href":"https:\/\/www.friaguinee.net\/index.php\/wp-json\/wp\/v2\/posts\/12468\/revisions"}],"predecessor-version":[{"id":12474,"href":"https:\/\/www.friaguinee.net\/index.php\/wp-json\/wp\/v2\/posts\/12468\/revisions\/12474"}],"wp:featuredmedia":[{"embeddable":true,"href":"https:\/\/www.friaguinee.net\/index.php\/wp-json\/wp\/v2\/media\/12469"}],"wp:attachment":[{"href":"https:\/\/www.friaguinee.net\/index.php\/wp-json\/wp\/v2\/media?parent=12468"}],"wp:term":[{"taxonomy":"category","embeddable":true,"href":"https:\/\/www.friaguinee.net\/index.php\/wp-json\/wp\/v2\/categories?post=12468"},{"taxonomy":"post_tag","embeddable":true,"href":"https:\/\/www.friaguinee.net\/index.php\/wp-json\/wp\/v2\/tags?post=12468"}],"curies":[{"name":"wp","href":"https:\/\/api.w.org\/{rel}","templated":true}]}}