{"id":12232,"date":"2019-11-28T11:50:29","date_gmt":"2019-11-28T11:50:29","guid":{"rendered":"http:\/\/www.friaguinee.net\/?p=12232"},"modified":"2019-11-28T11:50:31","modified_gmt":"2019-11-28T11:50:31","slug":"labe-la-paix-et-la-cohesion-sociale-au-coeur-des-debats-de-la-caravane-nationale-citoyenne","status":"publish","type":"post","link":"https:\/\/www.friaguinee.net\/index.php\/2019\/11\/28\/labe-la-paix-et-la-cohesion-sociale-au-coeur-des-debats-de-la-caravane-nationale-citoyenne\/","title":{"rendered":"Lab\u00e9: la paix et la coh\u00e9sion sociale au c\u0153ur des d\u00e9bats de la caravane nationale citoyenne"},"content":{"rendered":"\n<p>Initi\u00e9e par le Ministre de la Jeunesse et de l&rsquo;Emploi des Jeunes via l&rsquo;Agence Nationale du Volontariat Jeunesse, la caravane nationale citoyenne s&rsquo;est d\u00e9roul\u00e9e ce mercredi, 27 novembre 2019, au Centre d&rsquo;\u00c9coute de Conseil et d&rsquo;Orientation des Jeunes (CECOJE) de Lab\u00e9.<\/p>\n\n\n\n<p>Les autorit\u00e9s administratives notamment le gouverneur de la r\u00e9gion de Lab\u00e9 ont pris part \u00e0 cette c\u00e9r\u00e9monie qui a regroup\u00e9 plusieurs jeunes volontaires.<br>Dans son allocution de circonstance, M. Madifin Dian\u00e9, Gouverneur de Lab\u00e9 a tout d&rsquo;abord remerci\u00e9 le Minist\u00e8re de la Jeunesse et l&rsquo;Emploi Jeune pour avoir organis\u00e9 cette caravane qui permet \u00e0 des jeunes volontaires de sillonner le pays afin d&rsquo;expliquer la n\u00e9cessit\u00e9 de la coh\u00e9sion sociale.<\/p>\n\n\n\n<p>Le gouverneur de Lab\u00e9 s&rsquo;est largement exprim\u00e9 sur les luttes men\u00e9es pour l&rsquo;ind\u00e9pendance de la Guin\u00e9e. Des combats gagn\u00e9s d&rsquo;apr\u00e8s lui gr\u00e2ce \u00e0 l&rsquo;union entre les fils du pays. Selon lui, la jeunesse guin\u00e9enne doit sauvegarder la paix et la coh\u00e9sion sociale.&nbsp;<br>Madifin Dian\u00e9 a \u00e9galement invit\u00e9 les caravaniers \u00e0 bien assimiler les th\u00e8mes abord\u00e9s notamment le Volontariat, la Citoyennet\u00e9 et la protection de l&rsquo;environnement.<\/p>\n\n\n\n<p>\u00c0 l&rsquo;instar des autres r\u00e9gions administratives sillonn\u00e9es par la caravane nationale citoyenne, M.Yomba SANOH Directeur G\u00e9n\u00e9ral de l&rsquo;Agence Nationale du Volontariat Jeunesse a officiellement remis les documents de loi portant institution et r\u00e8glement du Volontariat Jeunesse et la loi portant organisation et fonctionnement du Volontariat en R\u00e9publique de Guin\u00e9e aux caravaniers de Lab\u00e9.<\/p>\n\n\n\n<p>La r\u00e9gion administrative de Kankan constitue la prochaine \u00e9tape de la caravane nationale citoyenne de la jeunesse.<\/p>\n\n\n\n<p>CCG<\/p>\n","protected":false},"excerpt":{"rendered":"<p>Initi\u00e9e par le Ministre de la Jeunesse et de l&rsquo;Emploi des Jeunes via l&rsquo;Agence Nationale du Volontariat Jeunesse, la caravane nationale citoyenne s&rsquo;est d\u00e9roul\u00e9e ce mercredi, 27 novembre 2019, au Centre d&rsquo;\u00c9coute de Conseil et d&rsquo;Orientation des Jeunes (CECOJE) de Lab\u00e9. Les autorit\u00e9s administratives notamment le gouverneur de la r\u00e9gion de Lab\u00e9 ont pris part [&hellip;]<\/p>\n","protected":false},"author":2,"featured_media":12234,"comment_status":"open","ping_status":"open","sticky":false,"template":"","format":"standard","meta":{"footnotes":""},"categories":[2],"tags":[1400,142,53,532],"class_list":["post-12232","post","type-post","status-publish","format-standard","has-post-thumbnail","hentry","category-actualites","tag-caravane","tag-jeunesse","tag-labe","tag-paix"],"_links":{"self":[{"href":"https:\/\/www.friaguinee.net\/index.php\/wp-json\/wp\/v2\/posts\/12232","targetHints":{"allow":["GET"]}}],"collection":[{"href":"https:\/\/www.friaguinee.net\/index.php\/wp-json\/wp\/v2\/posts"}],"about":[{"href":"https:\/\/www.friaguinee.net\/index.php\/wp-json\/wp\/v2\/types\/post"}],"author":[{"embeddable":true,"href":"https:\/\/www.friaguinee.net\/index.php\/wp-json\/wp\/v2\/users\/2"}],"replies":[{"embeddable":true,"href":"https:\/\/www.friaguinee.net\/index.php\/wp-json\/wp\/v2\/comments?post=12232"}],"version-history":[{"count":2,"href":"https:\/\/www.friaguinee.net\/index.php\/wp-json\/wp\/v2\/posts\/12232\/revisions"}],"predecessor-version":[{"id":12235,"href":"https:\/\/www.friaguinee.net\/index.php\/wp-json\/wp\/v2\/posts\/12232\/revisions\/12235"}],"wp:featuredmedia":[{"embeddable":true,"href":"https:\/\/www.friaguinee.net\/index.php\/wp-json\/wp\/v2\/media\/12234"}],"wp:attachment":[{"href":"https:\/\/www.friaguinee.net\/index.php\/wp-json\/wp\/v2\/media?parent=12232"}],"wp:term":[{"taxonomy":"category","embeddable":true,"href":"https:\/\/www.friaguinee.net\/index.php\/wp-json\/wp\/v2\/categories?post=12232"},{"taxonomy":"post_tag","embeddable":true,"href":"https:\/\/www.friaguinee.net\/index.php\/wp-json\/wp\/v2\/tags?post=12232"}],"curies":[{"name":"wp","href":"https:\/\/api.w.org\/{rel}","templated":true}]}}