{"id":11932,"date":"2019-11-16T15:14:17","date_gmt":"2019-11-16T15:14:17","guid":{"rendered":"http:\/\/www.friaguinee.net\/?p=11932"},"modified":"2019-11-16T17:01:47","modified_gmt":"2019-11-16T17:01:47","slug":"fria-remise-de-diplomes-de-la-promotion-aboubacar-makhissa-camara-du-centre-de-formation-professionnelle","status":"publish","type":"post","link":"https:\/\/www.friaguinee.net\/index.php\/2019\/11\/16\/fria-remise-de-diplomes-de-la-promotion-aboubacar-makhissa-camara-du-centre-de-formation-professionnelle\/","title":{"rendered":"Fria: remise de dipl\u00f4mes de la promotion \u00ab\u00a0Aboubacar Makhissa Camara\u00a0\u00bb du Centre de Formation Professionnelle"},"content":{"rendered":"\n<p>C&rsquo;est dans une ambiance festive que la c\u00e9r\u00e9monie de remise de dipl\u00f4me de la 38\u00e8me promotion du centre de formation professionnelle de Fria s&rsquo;est d\u00e9roul\u00e9e ce samedi 16 novembre 2019.<\/p>\n\n\n\n<figure class=\"wp-block-image\"><img loading=\"lazy\" decoding=\"async\" width=\"1024\" height=\"768\" src=\"http:\/\/www.friaguinee.net\/wp-content\/uploads\/2019\/11\/20191116_114942-1024x768.jpg\" alt=\"\" class=\"wp-image-11941\" srcset=\"https:\/\/www.friaguinee.net\/wp-content\/uploads\/2019\/11\/20191116_114942-1024x768.jpg 1024w, https:\/\/www.friaguinee.net\/wp-content\/uploads\/2019\/11\/20191116_114942-300x225.jpg 300w, https:\/\/www.friaguinee.net\/wp-content\/uploads\/2019\/11\/20191116_114942-768x576.jpg 768w, https:\/\/www.friaguinee.net\/wp-content\/uploads\/2019\/11\/20191116_114942-80x60.jpg 80w, https:\/\/www.friaguinee.net\/wp-content\/uploads\/2019\/11\/20191116_114942-265x198.jpg 265w, https:\/\/www.friaguinee.net\/wp-content\/uploads\/2019\/11\/20191116_114942-696x522.jpg 696w, https:\/\/www.friaguinee.net\/wp-content\/uploads\/2019\/11\/20191116_114942-1068x801.jpg 1068w, https:\/\/www.friaguinee.net\/wp-content\/uploads\/2019\/11\/20191116_114942-560x420.jpg 560w\" sizes=\"auto, (max-width: 1024px) 100vw, 1024px\" \/><\/figure>\n\n\n\n<p>Un carnaval g\u00e9ant parti de la maison des jeunes pour l&rsquo;enceinte du centre de formation professionnelle sis au quartier Aviation, a marqu\u00e9 l&rsquo;ouverture de cette c\u00e9r\u00e9monie de remise de dipl\u00f4me plac\u00e9e sous l&rsquo;autorit\u00e9 de Mme Arab\u00e9 Cond\u00e9, Directrice pr\u00e9fectorale de l&rsquo;\u00e9ducation.<\/p>\n\n\n\n<p>Baptis\u00e9e \u00ab\u00a0Aboubacar Makhissa Camara\u00a0\u00bb, cette promotion compte plus de 80 dipl\u00f4m\u00e9s en \u00e9lectricit\u00e9 industrielle, \u00e9lectricit\u00e9 b\u00e2timent, m\u00e9canique auto, menuiserie, ma\u00e7onnerie, chaudronnerie, plomberie&#8230;<\/p>\n\n\n\n<figure class=\"wp-block-image\"><img loading=\"lazy\" decoding=\"async\" width=\"1024\" height=\"768\" src=\"http:\/\/www.friaguinee.net\/wp-content\/uploads\/2019\/11\/20191116_111605-1-1024x768.jpg\" alt=\"\" class=\"wp-image-11942\" srcset=\"https:\/\/www.friaguinee.net\/wp-content\/uploads\/2019\/11\/20191116_111605-1-1024x768.jpg 1024w, https:\/\/www.friaguinee.net\/wp-content\/uploads\/2019\/11\/20191116_111605-1-300x225.jpg 300w, https:\/\/www.friaguinee.net\/wp-content\/uploads\/2019\/11\/20191116_111605-1-768x576.jpg 768w, https:\/\/www.friaguinee.net\/wp-content\/uploads\/2019\/11\/20191116_111605-1-80x60.jpg 80w, https:\/\/www.friaguinee.net\/wp-content\/uploads\/2019\/11\/20191116_111605-1-265x198.jpg 265w, https:\/\/www.friaguinee.net\/wp-content\/uploads\/2019\/11\/20191116_111605-1-696x522.jpg 696w, https:\/\/www.friaguinee.net\/wp-content\/uploads\/2019\/11\/20191116_111605-1-1068x801.jpg 1068w, https:\/\/www.friaguinee.net\/wp-content\/uploads\/2019\/11\/20191116_111605-1-560x420.jpg 560w\" sizes=\"auto, (max-width: 1024px) 100vw, 1024px\" \/><\/figure>\n\n\n\n<p>Apr\u00e8s un sketch d&rsquo;une dizaine de minutes mettant l&rsquo;accent sur la n\u00e9cessit\u00e9 d&rsquo;entretenir un climat de coh\u00e9sion sociale et de paix en Guin\u00e9e, le charg\u00e9 des travaux a, au nom du Directeur du centre, souhait\u00e9 la bienvenue aux invit\u00e9s avant de revenir sur l&rsquo;historique du CFP Fria.<\/p>\n\n\n\n<p>\u00a0\u00bb <strong><em>Ce centre a une superficie 5 hectares et est le fruit de la coop\u00e9ration entre l&rsquo;\u00c9tat guin\u00e9en et la compagnie Friguia en 1978. Il a pour vocation, la formation d&rsquo;une main-d&rsquo;oeuvre comp\u00e9tente et comp\u00e9titive,&nbsp; r\u00e9pondant aux besoins quantitatifs et qualificatifs du march\u00e9 du travail&#8230;Il a \u00e9t\u00e9 partiellement r\u00e9nov\u00e9 par la compagnie Rusal et officiellement remis aux autorit\u00e9s guin\u00e9ennes le 4 f\u00e9vrier 2009. Il forme ses ouvriers&nbsp; dans trois fili\u00e8res de g\u00e9nie qui sont: le g\u00e9nie m\u00e9canique (m\u00e9canique automobile et chaudronnerie), le g\u00e9nie \u00e9lectrique (\u00e9lectricit\u00e9 industrielle et b\u00e2timent), le g\u00e9nie civile ( plomberie,&nbsp; ma\u00e7onnerie et menuiserie)&#8230;<\/em><\/strong>\u00a0\u00bb a rappel\u00e9 Youssouf Souar\u00e9 qui n&rsquo;a pas manqu\u00e9 de pr\u00e9ciser que le choix port\u00e9 sur Aboubacar Makhissa Camara dont le nom est donn\u00e9 \u00e0 cette promotion, n&rsquo;est pas fortuit.<\/p>\n\n\n\n<figure class=\"wp-block-image\"><img loading=\"lazy\" decoding=\"async\" width=\"1024\" height=\"768\" src=\"http:\/\/www.friaguinee.net\/wp-content\/uploads\/2019\/11\/20191116_111508-1024x768.jpg\" alt=\"\" class=\"wp-image-11943\" srcset=\"https:\/\/www.friaguinee.net\/wp-content\/uploads\/2019\/11\/20191116_111508-1024x768.jpg 1024w, https:\/\/www.friaguinee.net\/wp-content\/uploads\/2019\/11\/20191116_111508-300x225.jpg 300w, https:\/\/www.friaguinee.net\/wp-content\/uploads\/2019\/11\/20191116_111508-768x576.jpg 768w, https:\/\/www.friaguinee.net\/wp-content\/uploads\/2019\/11\/20191116_111508-80x60.jpg 80w, https:\/\/www.friaguinee.net\/wp-content\/uploads\/2019\/11\/20191116_111508-265x198.jpg 265w, https:\/\/www.friaguinee.net\/wp-content\/uploads\/2019\/11\/20191116_111508-696x522.jpg 696w, https:\/\/www.friaguinee.net\/wp-content\/uploads\/2019\/11\/20191116_111508-1068x801.jpg 1068w, https:\/\/www.friaguinee.net\/wp-content\/uploads\/2019\/11\/20191116_111508-560x420.jpg 560w\" sizes=\"auto, (max-width: 1024px) 100vw, 1024px\" \/><\/figure>\n\n\n\n<p>\u00a0\u00bb&nbsp;<strong><em>Loin de toute d\u00e9magogie et consid\u00e9ration subjective, le choix port\u00e9 sur Aboubacar Makhissa Camara n&rsquo;est nullement fortuit car il est motiv\u00e9 par les actes concrets&nbsp; pos\u00e9s par l&rsquo;homme,&nbsp; en faveur de la jeunesse de la ville martyr de Fria en g\u00e9n\u00e9ral, mais en particulier en faveur de ceux qui ont choisi la formation professionnelle. Parmi ces actes, on peut citer entre autres, l&rsquo;organisation des \u00e9tats g\u00e9n\u00e9raux des imp\u00f4ts au CFP de Fria, l&rsquo;ouverture d&rsquo;une salle informatique moderne sur initiative pr\u00e9sidentielle renomm\u00e9e bourse num\u00e9rique, l&rsquo;am\u00e9nagement et l&rsquo;\u00e9quipement de la maison des jeunes<\/em><\/strong>&#8230;\u00a0\u00bb a-t-il indiqu\u00e9.<\/p>\n\n\n\n<figure class=\"wp-block-image\"><img loading=\"lazy\" decoding=\"async\" width=\"1024\" height=\"768\" src=\"http:\/\/www.friaguinee.net\/wp-content\/uploads\/2019\/11\/20191116_124830-1024x768.jpg\" alt=\"\" class=\"wp-image-11944\" srcset=\"https:\/\/www.friaguinee.net\/wp-content\/uploads\/2019\/11\/20191116_124830-1024x768.jpg 1024w, https:\/\/www.friaguinee.net\/wp-content\/uploads\/2019\/11\/20191116_124830-300x225.jpg 300w, https:\/\/www.friaguinee.net\/wp-content\/uploads\/2019\/11\/20191116_124830-768x576.jpg 768w, https:\/\/www.friaguinee.net\/wp-content\/uploads\/2019\/11\/20191116_124830-80x60.jpg 80w, https:\/\/www.friaguinee.net\/wp-content\/uploads\/2019\/11\/20191116_124830-265x198.jpg 265w, https:\/\/www.friaguinee.net\/wp-content\/uploads\/2019\/11\/20191116_124830-696x522.jpg 696w, https:\/\/www.friaguinee.net\/wp-content\/uploads\/2019\/11\/20191116_124830-1068x801.jpg 1068w, https:\/\/www.friaguinee.net\/wp-content\/uploads\/2019\/11\/20191116_124830-560x420.jpg 560w\" sizes=\"auto, (max-width: 1024px) 100vw, 1024px\" \/><\/figure>\n\n\n\n<p>Le repr\u00e9sentant du Directeur National des Imp\u00f4ts, la Directrice pr\u00e9fectorale de l&rsquo;\u00e9ducation,&nbsp; Marraine de la C\u00e9r\u00e9monie et le Maire de la Commune urbaine, ont tour \u00e0 tour, remerci\u00e9 les responsables du centre de formation professionnelle pour l&rsquo;encadrement et la formation de tous les \u00e9l\u00e8ves qui sont pass\u00e9s par ce centre. Ils ont par la suite f\u00e9licit\u00e9 les dipl\u00f4m\u00e9s du jour et leur ont souhait\u00e9 une bonne chance sur le march\u00e9 de l&#8217;emploi.<\/p>\n\n\n\n<p>&nbsp;Dans son intervention, le repr\u00e9sentant d&rsquo;Aboubacar Makhissa Camara, a annonc\u00e9 que l&rsquo;homonyme de la 38\u00e8me promotion, promet de prendre en charge, la formation de 200 dipl\u00f4m\u00e9s, ainsi que la facilitation de leur emploi.<\/p>\n\n\n\n<figure class=\"wp-block-image\"><img loading=\"lazy\" decoding=\"async\" width=\"1024\" height=\"768\" src=\"http:\/\/www.friaguinee.net\/wp-content\/uploads\/2019\/11\/20191116_124629-1-1024x768.jpg\" alt=\"\" class=\"wp-image-11945\" srcset=\"https:\/\/www.friaguinee.net\/wp-content\/uploads\/2019\/11\/20191116_124629-1-1024x768.jpg 1024w, https:\/\/www.friaguinee.net\/wp-content\/uploads\/2019\/11\/20191116_124629-1-300x225.jpg 300w, https:\/\/www.friaguinee.net\/wp-content\/uploads\/2019\/11\/20191116_124629-1-768x576.jpg 768w, https:\/\/www.friaguinee.net\/wp-content\/uploads\/2019\/11\/20191116_124629-1-80x60.jpg 80w, https:\/\/www.friaguinee.net\/wp-content\/uploads\/2019\/11\/20191116_124629-1-265x198.jpg 265w, https:\/\/www.friaguinee.net\/wp-content\/uploads\/2019\/11\/20191116_124629-1-696x522.jpg 696w, https:\/\/www.friaguinee.net\/wp-content\/uploads\/2019\/11\/20191116_124629-1-1068x801.jpg 1068w, https:\/\/www.friaguinee.net\/wp-content\/uploads\/2019\/11\/20191116_124629-1-560x420.jpg 560w\" sizes=\"auto, (max-width: 1024px) 100vw, 1024px\" \/><\/figure>\n\n\n\n<p>La remise des dipl\u00f4mes, des chants et danses, ont mis fin \u00e0 cette c\u00e9r\u00e9monie, organis\u00e9e sous la houlette de Madame Adama Mara, ancienne com\u00e9dienne et comptable au sein dudit centre.<\/p>\n\n\n\n<p><br><strong>Dj\u00e9nabou Batco Diallo<\/strong><\/p>\n\n\n\n<p><\/p>\n\n\n\n<p><\/p>\n","protected":false},"excerpt":{"rendered":"<p>C&rsquo;est dans une ambiance festive que la c\u00e9r\u00e9monie de remise de dipl\u00f4me de la 38\u00e8me promotion du centre de formation professionnelle de Fria s&rsquo;est d\u00e9roul\u00e9e ce samedi 16 novembre 2019. Un carnaval g\u00e9ant parti de la maison des jeunes pour l&rsquo;enceinte du centre de formation professionnelle sis au quartier Aviation, a marqu\u00e9 l&rsquo;ouverture de cette [&hellip;]<\/p>\n","protected":false},"author":2,"featured_media":11935,"comment_status":"open","ping_status":"open","sticky":false,"template":"","format":"standard","meta":{"footnotes":""},"categories":[5],"tags":[1354,1355,312,48,49],"class_list":["post-11932","post","type-post","status-publish","format-standard","has-post-thumbnail","hentry","category-education","tag-38eme-promotion","tag-aboubacar-makhissa-camara","tag-cfp","tag-dpe","tag-fria"],"_links":{"self":[{"href":"https:\/\/www.friaguinee.net\/index.php\/wp-json\/wp\/v2\/posts\/11932","targetHints":{"allow":["GET"]}}],"collection":[{"href":"https:\/\/www.friaguinee.net\/index.php\/wp-json\/wp\/v2\/posts"}],"about":[{"href":"https:\/\/www.friaguinee.net\/index.php\/wp-json\/wp\/v2\/types\/post"}],"author":[{"embeddable":true,"href":"https:\/\/www.friaguinee.net\/index.php\/wp-json\/wp\/v2\/users\/2"}],"replies":[{"embeddable":true,"href":"https:\/\/www.friaguinee.net\/index.php\/wp-json\/wp\/v2\/comments?post=11932"}],"version-history":[{"count":4,"href":"https:\/\/www.friaguinee.net\/index.php\/wp-json\/wp\/v2\/posts\/11932\/revisions"}],"predecessor-version":[{"id":11946,"href":"https:\/\/www.friaguinee.net\/index.php\/wp-json\/wp\/v2\/posts\/11932\/revisions\/11946"}],"wp:featuredmedia":[{"embeddable":true,"href":"https:\/\/www.friaguinee.net\/index.php\/wp-json\/wp\/v2\/media\/11935"}],"wp:attachment":[{"href":"https:\/\/www.friaguinee.net\/index.php\/wp-json\/wp\/v2\/media?parent=11932"}],"wp:term":[{"taxonomy":"category","embeddable":true,"href":"https:\/\/www.friaguinee.net\/index.php\/wp-json\/wp\/v2\/categories?post=11932"},{"taxonomy":"post_tag","embeddable":true,"href":"https:\/\/www.friaguinee.net\/index.php\/wp-json\/wp\/v2\/tags?post=11932"}],"curies":[{"name":"wp","href":"https:\/\/api.w.org\/{rel}","templated":true}]}}