{"id":11883,"date":"2019-11-14T11:37:16","date_gmt":"2019-11-14T11:37:16","guid":{"rendered":"http:\/\/www.friaguinee.net\/?p=11883"},"modified":"2019-11-14T11:37:18","modified_gmt":"2019-11-14T11:37:18","slug":"journee-africaine-de-la-jeunesse-et-de-la-charte-africaine-de-la-jeunesse-voici-le-discours-de-mouctar-diallo-ministre-de-la-jeunesse","status":"publish","type":"post","link":"https:\/\/www.friaguinee.net\/index.php\/2019\/11\/14\/journee-africaine-de-la-jeunesse-et-de-la-charte-africaine-de-la-jeunesse-voici-le-discours-de-mouctar-diallo-ministre-de-la-jeunesse\/","title":{"rendered":"Journ\u00e9e Africaine de la jeunesse et de la charte africaine de la jeunesse : voici le discours de Mouctar Diallo,  Ministre de la jeunesse"},"content":{"rendered":"\n<p>Mesdames, Mesdemoiselles et Messieurs ;<br>Chers jeunes compatriotes ;<\/p>\n\n\n\n<p>C\u2019est avec un agr\u00e9able plaisir doubl\u00e9 d\u2019un grand honneur que je m\u2019adresse \u00e0 vous \u00e0 cette occasion solennelle du mois de la jeunesse africaine c\u00e9l\u00e9br\u00e9 le 1er novembre de chaque ann\u00e9e et le 16 novembre journ\u00e9e de la charte africaine de la jeunesse.<\/p>\n\n\n\n<p>La c\u00e9l\u00e9bration de la Journ\u00e9e Africaine de la Jeunesse s\u2019inscrit dans le cadre de l\u2019adoption de la Charte Africaine par la d\u00e9cision du Conseil Ex\u00e9cutif du sommet de Banjul le 1er Novembre \u00e0 l\u2019occasion de laquelle la journ\u00e9e a \u00e9t\u00e9 proclam\u00e9e et institu\u00e9e comme journ\u00e9e de la jeunesse africaine.<\/p>\n\n\n\n<p>En juillet 2006, \u00e0 Banjul les chefs d\u2019Etats et de Gouvernement de l\u2019UA ont approuv\u00e9 la Charte Africaine de la Jeunesse, qui est un document politique et juridique qui \u00e9tablit la norme minimale de subsistance pour les jeunes sur le continent.<\/p>\n\n\n\n<p>En 2009, les ann\u00e9es 2009-2018 ont \u00e9t\u00e9 d\u00e9clar\u00e9es d\u00e9cennie de la jeunesse avec un plan d\u2019action. Ce plan d\u2019action qui a \u00e9t\u00e9 endoss\u00e9 par les chefs d\u2019Etat de l\u2019Union Africaine lors du sommet de l\u2019UA \u00e0 Malabo sur la jeunesse, est une feuille de route pour la mise en \u0153uvre acc\u00e9l\u00e9r\u00e9e de la Charte Africaine de la Jeunesse et un m\u00e9canisme de r\u00e9f\u00e9rence et d\u2019\u00e9quit\u00e9 en faveur des jeunes \u00e0 l\u2019\u00e9chelle continentale en 2018.<\/p>\n\n\n\n<p>Chers Jeunes Citoyens ;<\/p>\n\n\n\n<p>Le 13\u00e8me anniversaire de la Journ\u00e9e Africaine de la Jeunesse 2019 a pour th\u00e8me \u00abCompter moi dans un million \u00bb. L\u2019initiative \u00ab 1 million d\u2019ici 2021 \u00bb est un projet du Pr\u00e9sident de la Commission de l\u2019UA son Excellence Moussa Faki MAHAMAT. Elle vise \u00e0 atteindre des millions de jeunes africains avec des opportunit\u00e9s et des interventions dans les domaines cl\u00e9s de l\u2019Emploi, de l\u2019Entrepreneuriat, de l\u2019Education et de l\u2019Engagement (4E), dans le but d\u2019acc\u00e9l\u00e9rer la croissance de l\u2019Afrique. Cette th\u00e9matique s\u2019inscrit \u00e9galement dans la vision du Pr\u00e9sident de la R\u00e9publique le Professeur Alpha CONDE et d\u00e9montre \u00e0 suffisance le travail qu\u2019il nous reste \u00e0 faire pour l\u2019\u00e9panouissement de cette jeunesse, qui faut-il le rappeler, est le moteur de la transformation et de d\u00e9veloppement de notre pays.<\/p>\n\n\n\n<p>A cet instant solennel, je voudrais remercier et exprimer la profonde gratitude de la jeunesse guin\u00e9enne au Pr\u00e9sident Alpha CONDE pour les nombreux efforts louables que lui et son gouvernement d\u00e9ploient en faveur des populations et plus particuli\u00e8rement pour les jeunes \u00e0 travers toutes les \u2018\u2019 initiatives Pr\u00e9sidentielles\u2019\u2019.<\/p>\n\n\n\n<p>Mesdames et Messieurs ;<br>Chers Jeunes<br>La Charte Africaine de la Jeunesse depuis son lancement \u00e0 Banjul (Gambie) le 16 novembre 2006 traduit \u00e0 la fois une conviction et un engagement.<br>\u2022 Une conviction qui r\u00e9sulte du fait qu\u2019aucune renaissance de l\u2019Afrique ne peut se concr\u00e9tiser sans un investissement ad\u00e9quat consenti dans la jeunesse qui constitue la force vive pour son d\u00e9veloppement.<br>\u2022 Un engagement qui met en \u00e9vidence sa volont\u00e9 de contribuer au d\u00e9veloppement et \u00e0 l\u2019automatisation de la jeunesse africaine.<\/p>\n\n\n\n<p>Cette Charte offre aux gouvernements, \u00e0 la jeunesse, \u00e0 la soci\u00e9t\u00e9 civile et aux partenaires techniques et financiers un cadre continental qui pr\u00e9cise les droits, les devoirs et les libert\u00e9s de la jeunesse, mais facilite \u00e9galement l\u2019\u00e9laboration des programmes et plans strat\u00e9giques nationaux pour l\u2019autonomisation des jeunes. Elle favorise la mobilisation des partenaires et des ressources en faveur du secteur jeunesse.<\/p>\n\n\n\n<p>Le Pr\u00e9sident de la R\u00e9publique le Professeur Alpha CONDE dont le mandat est d\u00e9di\u00e9 aux femmes et aux jeunes a sign\u00e9 depuis le 17 juin 2011 les instruments de ratification de la charte Africaine de la Jeunesse, cela traduit sans nul doute la volont\u00e9 du Gouvernement \u00e0 prendre en compte les pr\u00e9occupations des jeunes, conscient de leur r\u00f4le et de leur place dans le d\u00e9veloppement de la nation.<\/p>\n\n\n\n<p>Dans le cadre de la comm\u00e9moration de ces journ\u00e9es de la jeunesse africaine, le Minist\u00e8re de la Jeunesse et de l\u2019Emploi des Jeunes mettra en \u0153uvre le programme suivant :<br>1. Un Boot camp ax\u00e9 sur l\u2019entrepreneuriat (champ d\u2019\u00e9changes d\u2019exp\u00e9riences et activit\u00e9s de formation sur la base entrepreneuriale) \u00e0 Mamou \u00e0 partir de ce 13 Novembre 2019;<br>2. Le lancement du programme \u00ab les Nouvelles Routes de l\u2019Emploi en Guin\u00e9e\u00bb le Vendredi 15 Novembre 2019 \u00e0 la Blue zone de Kaloum \u00e0 9h dans la salle de canal Olympia.<\/p>\n\n\n\n<p>Vive la jeunesse guin\u00e9enne<br>Vive la jeunesse africaine<br>Vive l\u2019union africaine<br>Vive la coop\u00e9ration internationale<br>Bonne f\u00eate \u00e0 tous.<\/p>\n","protected":false},"excerpt":{"rendered":"<p>Mesdames, Mesdemoiselles et Messieurs ;Chers jeunes compatriotes ; C\u2019est avec un agr\u00e9able plaisir doubl\u00e9 d\u2019un grand honneur que je m\u2019adresse \u00e0 vous \u00e0 cette occasion solennelle du mois de la jeunesse africaine c\u00e9l\u00e9br\u00e9 le 1er novembre de chaque ann\u00e9e et le 16 novembre journ\u00e9e de la charte africaine de la jeunesse. La c\u00e9l\u00e9bration de la [&hellip;]<\/p>\n","protected":false},"author":2,"featured_media":11884,"comment_status":"open","ping_status":"open","sticky":false,"template":"","format":"standard","meta":{"footnotes":""},"categories":[1],"tags":[],"class_list":["post-11883","post","type-post","status-publish","format-standard","has-post-thumbnail","hentry","category-non-classe"],"_links":{"self":[{"href":"https:\/\/www.friaguinee.net\/index.php\/wp-json\/wp\/v2\/posts\/11883","targetHints":{"allow":["GET"]}}],"collection":[{"href":"https:\/\/www.friaguinee.net\/index.php\/wp-json\/wp\/v2\/posts"}],"about":[{"href":"https:\/\/www.friaguinee.net\/index.php\/wp-json\/wp\/v2\/types\/post"}],"author":[{"embeddable":true,"href":"https:\/\/www.friaguinee.net\/index.php\/wp-json\/wp\/v2\/users\/2"}],"replies":[{"embeddable":true,"href":"https:\/\/www.friaguinee.net\/index.php\/wp-json\/wp\/v2\/comments?post=11883"}],"version-history":[{"count":1,"href":"https:\/\/www.friaguinee.net\/index.php\/wp-json\/wp\/v2\/posts\/11883\/revisions"}],"predecessor-version":[{"id":11885,"href":"https:\/\/www.friaguinee.net\/index.php\/wp-json\/wp\/v2\/posts\/11883\/revisions\/11885"}],"wp:featuredmedia":[{"embeddable":true,"href":"https:\/\/www.friaguinee.net\/index.php\/wp-json\/wp\/v2\/media\/11884"}],"wp:attachment":[{"href":"https:\/\/www.friaguinee.net\/index.php\/wp-json\/wp\/v2\/media?parent=11883"}],"wp:term":[{"taxonomy":"category","embeddable":true,"href":"https:\/\/www.friaguinee.net\/index.php\/wp-json\/wp\/v2\/categories?post=11883"},{"taxonomy":"post_tag","embeddable":true,"href":"https:\/\/www.friaguinee.net\/index.php\/wp-json\/wp\/v2\/tags?post=11883"}],"curies":[{"name":"wp","href":"https:\/\/api.w.org\/{rel}","templated":true}]}}