{"id":1116,"date":"2018-01-22T11:24:42","date_gmt":"2018-01-22T11:24:42","guid":{"rendered":"http:\/\/www.friaguinee.net\/?p=1116"},"modified":"2018-01-22T11:24:42","modified_gmt":"2018-01-22T11:24:42","slug":"fria-citoyens-veulent-campagne-electorale-civilisee","status":"publish","type":"post","link":"https:\/\/www.friaguinee.net\/index.php\/2018\/01\/22\/fria-citoyens-veulent-campagne-electorale-civilisee\/","title":{"rendered":"Fria: les citoyens veulent une campagne \u00e9lectorale civilis\u00e9e"},"content":{"rendered":"<p>Depuis quelques ann\u00e9es la ville de Fria est\u00a0 dans une situation d\u00e9plorable. A quelques jours des \u00e9lections communales et communautaires, c\u2019est l\u2019heure pour les candidats de convaincre les \u00e9lecteurs \u00e0 travers la campagne \u00e9lectorale lanc\u00e9e le 19 Janvier 2018. Sachant que les pr\u00e9c\u00e9dentes \u00e9lections ont \u00e9t\u00e9 \u00e9maill\u00e9es de violences, cette fois-ci les citoyens de la cit\u00e9 de l\u2019alumine optent pour une campagne civilis\u00e9e pour un scrutin apais\u00e9.<\/p>\n<p><img loading=\"lazy\" decoding=\"async\" class=\"size-medium wp-image-1118 alignright\" src=\"http:\/\/www.friaguinee.net\/wp-content\/uploads\/2018\/01\/27042775_1993460727577030_850749835_n-225x300.jpg\" alt=\"\" width=\"225\" height=\"300\" srcset=\"https:\/\/www.friaguinee.net\/wp-content\/uploads\/2018\/01\/27042775_1993460727577030_850749835_n-225x300.jpg 225w, https:\/\/www.friaguinee.net\/wp-content\/uploads\/2018\/01\/27042775_1993460727577030_850749835_n.jpg 280w\" sizes=\"auto, (max-width: 225px) 100vw, 225px\" \/><\/p>\n<p>\u00ab\u00a0Par rapport \u00e0 la campagne \u00e9lectorale, les jeunes de Fria doivent garantir la paix d&rsquo;abord parce que sans la paix nous ne pouvons rien faire. Ceux qui se sont pr\u00e9sent\u00e9s n&rsquo;ont qu&rsquo;\u00e0 savoir qu&rsquo;ils seront l\u00e0 pour toute la population, il ne faudrait pas que tout se bloque, car un maire ne peut servir sa population que lorsqu&rsquo;il y a la paix\u00a0\u00bb a rappel\u00e9 Aguibou Diallo, professeur au coll\u00e8ge Hadja M\u2019Mah Camara.<\/p>\n<p>\u00ab\u00a0Cette ann\u00e9e moi je vais rester tranquille chez moi parce que les autres fois, j\u2019\u00e9tais engag\u00e9e, j\u2019\u00e9tais dans toutes les campagnes, on provoquait, insultait les gens. Mais j\u2019ai compris que tout \u00e7a c\u2019est z\u00e9ro\u00a0! Tu vas faire la guerre \u00e0 tes voisins \u00e0 cause des politiciens qui ne te connaissent m\u00eame pas. Je demande aux femmes de Fria de sensibiliser leurs enfants, de tenir leurs langues, de ne pas insulter les gens ou attaquer les biens des autres. Attendons le jour du vote pour aller voter pour celui qu\u2019on veut sans bruit\u00a0\u00bb a dit Mariama Cir\u00e9 Bangoura, citoyenne.<\/p>\n<p>\u00ab\u00a0Nous avons v\u00e9cu des \u00e9lections en Guin\u00e9e o\u00f9 \u00e0 un mois des \u00e9lections les remues m\u00e9nages ont commenc\u00e9, certains foyers ont \u00e9t\u00e9 bris\u00e9s mais cette fois-ci, \u00e0 voir l\u2019allure des choses, j\u2019ai une bonne impression et cela augure des \u00e9lections paisibles et sans probl\u00e8mes\u00a0\u00bb a d\u00e9clar\u00e9 Abdoulaye Camara.<\/p>\n<p>Pour le Directeur pr\u00e9fectoral de la jeunesse, c\u2019est le moment d\u2019interpeller la jeunesse, cette couche sensible qui est \u00e0 la fois la cible et la victime des manipulations politiques.<\/p>\n<p><img loading=\"lazy\" decoding=\"async\" class=\"size-medium wp-image-1119 alignleft\" src=\"http:\/\/www.friaguinee.net\/wp-content\/uploads\/2018\/01\/FB_IMG_1516619558022-1-11-143x300.jpg\" alt=\"\" width=\"143\" height=\"300\" srcset=\"https:\/\/www.friaguinee.net\/wp-content\/uploads\/2018\/01\/FB_IMG_1516619558022-1-11-143x300.jpg 143w, https:\/\/www.friaguinee.net\/wp-content\/uploads\/2018\/01\/FB_IMG_1516619558022-1-11.jpg 164w\" sizes=\"auto, (max-width: 143px) 100vw, 143px\" \/>\u00ab\u00a0Je demande \u00e0 toute la population de d\u00e9montrer sa maturit\u00e9. A la jeunesse de comprendre que l\u2019avenir leur appartient et je sais que le plus souvent pendant la campagne et les \u00e9lections, les politiques se servent des jeunes, ils les manipulent, les mettent devant, pour cr\u00e9er des probl\u00e8mes quand ils ne sont pas satisfaits de leur r\u00e9sultat. Je demande \u00e0 ma jeunesse de refuser ces manipulations\u00a0\u00bb a martel\u00e9 Abdoulaye Aziz Camara.<\/p>\n<p>Fria, la ville qui renait de ces cendres, n\u2019a pas besoin de violences, c\u2019est pourquoi, le Directeur pr\u00e9fectoral de la jeunesse invite chacun \u00ab\u00a0 \u00e0 privil\u00e9gier l\u2019int\u00e9r\u00eat commun au d\u00e9triment de celui personnel\u00a0\u00bb.<\/p>\n<p><strong>Oumou Hawa Kant\u00e9<\/strong><\/p>\n<p><img loading=\"lazy\" decoding=\"async\" class=\"wp-image-491 alignleft\" src=\"http:\/\/www.friaguinee.net\/wp-content\/uploads\/2017\/12\/received_1979925165597253-221x300.jpeg\" alt=\"\" width=\"89\" height=\"121\" srcset=\"https:\/\/www.friaguinee.net\/wp-content\/uploads\/2017\/12\/received_1979925165597253-221x300.jpeg 221w, https:\/\/www.friaguinee.net\/wp-content\/uploads\/2017\/12\/received_1979925165597253-768x1044.jpeg 768w, https:\/\/www.friaguinee.net\/wp-content\/uploads\/2017\/12\/received_1979925165597253-754x1024.jpeg 754w, https:\/\/www.friaguinee.net\/wp-content\/uploads\/2017\/12\/received_1979925165597253-696x946.jpeg 696w, https:\/\/www.friaguinee.net\/wp-content\/uploads\/2017\/12\/received_1979925165597253-309x420.jpeg 309w, https:\/\/www.friaguinee.net\/wp-content\/uploads\/2017\/12\/received_1979925165597253.jpeg 942w\" sizes=\"auto, (max-width: 89px) 100vw, 89px\" \/><\/p>\n<p><strong>Tel:624 38 63 21<\/strong><\/p>\n","protected":false},"excerpt":{"rendered":"<p>Depuis quelques ann\u00e9es la ville de Fria est\u00a0 dans une situation d\u00e9plorable. A quelques jours des \u00e9lections communales et communautaires, c\u2019est l\u2019heure pour les candidats de convaincre les \u00e9lecteurs \u00e0 travers la campagne \u00e9lectorale lanc\u00e9e le 19 Janvier 2018. Sachant que les pr\u00e9c\u00e9dentes \u00e9lections ont \u00e9t\u00e9 \u00e9maill\u00e9es de violences, cette fois-ci les citoyens de la [&hellip;]<\/p>\n","protected":false},"author":2,"featured_media":1117,"comment_status":"open","ping_status":"open","sticky":false,"template":"","format":"standard","meta":{"footnotes":""},"categories":[2],"tags":[162,76,49,142],"class_list":["post-1116","post","type-post","status-publish","format-standard","has-post-thumbnail","hentry","category-actualites","tag-civilise","tag-elections","tag-fria","tag-jeunesse"],"_links":{"self":[{"href":"https:\/\/www.friaguinee.net\/index.php\/wp-json\/wp\/v2\/posts\/1116","targetHints":{"allow":["GET"]}}],"collection":[{"href":"https:\/\/www.friaguinee.net\/index.php\/wp-json\/wp\/v2\/posts"}],"about":[{"href":"https:\/\/www.friaguinee.net\/index.php\/wp-json\/wp\/v2\/types\/post"}],"author":[{"embeddable":true,"href":"https:\/\/www.friaguinee.net\/index.php\/wp-json\/wp\/v2\/users\/2"}],"replies":[{"embeddable":true,"href":"https:\/\/www.friaguinee.net\/index.php\/wp-json\/wp\/v2\/comments?post=1116"}],"version-history":[{"count":0,"href":"https:\/\/www.friaguinee.net\/index.php\/wp-json\/wp\/v2\/posts\/1116\/revisions"}],"wp:featuredmedia":[{"embeddable":true,"href":"https:\/\/www.friaguinee.net\/index.php\/wp-json\/wp\/v2\/media\/1117"}],"wp:attachment":[{"href":"https:\/\/www.friaguinee.net\/index.php\/wp-json\/wp\/v2\/media?parent=1116"}],"wp:term":[{"taxonomy":"category","embeddable":true,"href":"https:\/\/www.friaguinee.net\/index.php\/wp-json\/wp\/v2\/categories?post=1116"},{"taxonomy":"post_tag","embeddable":true,"href":"https:\/\/www.friaguinee.net\/index.php\/wp-json\/wp\/v2\/tags?post=1116"}],"curies":[{"name":"wp","href":"https:\/\/api.w.org\/{rel}","templated":true}]}}