{"id":11036,"date":"2019-10-02T16:35:55","date_gmt":"2019-10-02T16:35:55","guid":{"rendered":"http:\/\/www.friaguinee.net\/?p=11036"},"modified":"2019-10-02T16:35:57","modified_gmt":"2019-10-02T16:35:57","slug":"tribune-61-ans-de-liberation-une-souverainete-assumee-eugene-capi-balamou","status":"publish","type":"post","link":"https:\/\/www.friaguinee.net\/index.php\/2019\/10\/02\/tribune-61-ans-de-liberation-une-souverainete-assumee-eugene-capi-balamou\/","title":{"rendered":"Tribune : 61 ans de lib\u00e9ration, une souverainet\u00e9 assum\u00e9e ( Eug\u00e8ne Capi Balamou )"},"content":{"rendered":"\n<p>Jeudi 02 Octobre 1958, Mercredi 02 Octobre 2019 il y&rsquo;a de cela 61 ans que la jeune R\u00e9publique de Guin\u00e9e sortait du joug colonial orchestr\u00e9 par la puissance colonisatrice entre autre : l&rsquo;hexagone ( la France ) .&nbsp;&nbsp;<\/p>\n\n\n\n<p>Historicit\u00e9&nbsp;<\/p>\n\n\n\n<p>La Guin\u00e9e est devenue le premier pays d&rsquo;Afrique subsaharienne \u00e0 devenir ind\u00e9pendant de la France, apr\u00e8s avoir vot\u00e9 \u00abnon\u00bb le 28 septembre 1958 au r\u00e9f\u00e9rendum instituant une \u00abcommunaut\u00e9\u00bb franco-africaine, propos\u00e9e par le g\u00e9n\u00e9ral de Gaulle. Avant ce vote, de Gaulle avait effectu\u00e9 un p\u00e9riple en terre africaine pour d\u00e9fendre son id\u00e9e de communaut\u00e9 avec la France. Retour sur ces \u00e9v\u00e9nements.<\/p>\n\n\n\n<p><br>Revenu au pouvoir \u00e0 l\u2019occasion de la crise alg\u00e9rienne du 13 mai 1958, le g\u00e9n\u00e9ral de Gaulle se lance dans une s\u00e9rie de r\u00e9formes, dont la modification de la constitution qui inclut un processus de d\u00e9colonisation africaine avec une id\u00e9e ma\u00eetresse, r\u00e9unir les futurs pays ind\u00e9pendants africains dans une large communaut\u00e9 avec la m\u00e9tropole. Ce projet est inscrit dans le texte constitutionnel qui doit \u00eatre soumis \u00e0 r\u00e9f\u00e9rendum, en septembre 1958, aux Fran\u00e7ais de m\u00e9tropole mais aussi aux habitants des territoires coloniaux.<\/p>\n\n\n\n<figure class=\"wp-block-image\"><img decoding=\"async\" src=\"https:\/\/ci6.googleusercontent.com\/proxy\/TVmd1kOT9lFhhxgGqpvITa7jTdsQ2GJE70c8T-JwEXXe3q5YSrHxR03dnkjVpll_KBOgCUg0hzRCe_ZSckHfmkDbry4rwMErpgDNe20mpd9c-M_snwlARthqJKabPJYYcUlCTCHhSpdey4t_hk8VdZjb4XuqKy8IwHgR81LMLO4l59A63tVwIGE=s0-d-e1-ft#https:\/\/mobile-francetvinfo-fr.cdn.ampproject.org\/i\/s\/mobile.francetvinfo.fr\/image\/75j0wshwh-54a3\/578\/325\/16256671.jpg\" alt=\"De Gaulle \u00e0 Brazzaville, le 24 ao\u00fbt 1958.\u00a0\"\/><\/figure>\n\n\n\n<p><br>Pour d\u00e9fendre son id\u00e9e, \u00e0 l\u2019\u00e9t\u00e9 1958, le g\u00e9n\u00e9ral se lance dans une grande tourn\u00e9e des pays africains,&nbsp;d\u2019Alger \u00e0 Dakar, en passant notamment par Conakry.<br><\/p>\n\n\n\n<p>Le 28 ao\u00fbt, de Gaulle arrive \u00e0 Conakry, capitale de ce qui n&rsquo;est pas encore la Guin\u00e9e. Il est accueilli par le jeune maire et d\u00e9put\u00e9 (RDA, Rassemblement d\u00e9mocratique africain, apparent\u00e9 PC) du territoire, Ahmed S\u00e9kou Tour\u00e9. Du haut de ses 36 ans, v\u00eatu de son boubou blanc, signe de son africanit\u00e9, il oppose au vieux g\u00e9n\u00e9ral, \u00e2g\u00e9 de 67 ans, un discours fort: \u00ab<em>Nous ne renoncerons pas et nous ne renoncerons jamais au droit l\u00e9gitime et naturel \u00e0 l\u2019ind\u00e9pendance.<\/em>\u00bb<br>&nbsp;<\/p>\n\n\n\n<figure class=\"wp-block-image\"><img decoding=\"async\" src=\"https:\/\/ci3.googleusercontent.com\/proxy\/MacAebwHdiFbICjS8rHTt6E2xj2L-vkZZOjMwxX2jHsYLDRA7wExD38FbW7A8vgSfNimI58-zpEbZjk0okZIAIqdHTaOf_NCfclBnmPHP97pF1kFCAU_rb6So7V9qEXvYKJXBnz6zwhJDXTO36CC2A547P6xqNGfLFpxdI2pslOzQZMCmQKMMhA=s0-d-e1-ft#https:\/\/mobile-francetvinfo-fr.cdn.ampproject.org\/i\/s\/mobile.francetvinfo.fr\/image\/75j0wshhw-8856\/578\/325\/16256687.jpg\" alt=\"De Gaulle \u00e0 Conakry\u00a0le 27 ao\u00fbt 1958\"\/><\/figure>\n\n\n\n<p><br>\u00abNous pr\u00e9f\u00e9rons la pauvret\u00e9 dans la libert\u00e9 \u00e0 la richesse dans l\u2019esclavage\u00bb<br>Le chantage \u00e0 l&rsquo;aide fran\u00e7aise n&rsquo;a pas march\u00e9 avec le jeune leader guin\u00e9en qui, fid\u00e8le aux r\u00eaves de l&rsquo;\u00e9poque, croit en une \u00ab<em>Afrique&nbsp;<\/em><em>libre et d\u00e9complex\u00e9e, anti-colonialiste, panafricaniste<\/em>\u00bb. Il lance \u00e0 de Gaulle une phrase qui restera dans la l\u00e9gende politique du continent: \u00ab<em>Nous pr\u00e9f\u00e9rons la pauvret\u00e9 dans la libert\u00e9 \u00e0 la richesse dans l\u2019esclavage.\u00bb .&nbsp;<\/em><\/p>\n\n\n\n<p>Ce \u00e0 quoi le g\u00e9n\u00e9ral r\u00e9pond: \u00ab<em>On a parl\u00e9 d\u2019ind\u00e9pendance. Et bien, je le dis ici plus haut qu\u2019ailleurs, l\u2019ind\u00e9pendance est \u00e0 la disposition de la Guin\u00e9e. Elle peut la prendre en disant \u00ab\u00a0non\u00a0\u00bb \u00e0 la proposition qui lui est faite et, dans ce cas, je garantis que la m\u00e9tropole ne s\u2019y opposera pas.\u00bb&nbsp;<\/em>Et il ajoute:&nbsp;<em>\u00abElle en tirera, bien s\u00fbr, des cons\u00e9quences, mais d&rsquo;obstacles elle n&rsquo;en fera pas et votre Territoire pourra comme il le voudra et dans les conditions qu&rsquo;il voudra, suivre la route qu&rsquo;il voudra.\u00bb<\/em><br><br>Selon les&nbsp;<a href=\"http:\/\/www.rfi.fr\/afrique\/20180824-rencontre-entre-sekou-toure-charles-gaulle-deux-discours-histoire\" rel=\"noreferrer noopener\" target=\"_blank\">t\u00e9moins de l&rsquo;\u00e9poque<\/a>, le g\u00e9n\u00e9ral de Gaulle est furieux.&nbsp;Il dira \u00e0 ses proches:<em>&nbsp;\u00ab<\/em><em>La Guin\u00e9e, Messieurs, n\u2019est pas indispensable \u00e0 la France. Qu\u2019elle prenne ses responsabilit\u00e9s.&nbsp;<\/em>(\u2026)<em>&nbsp;Nous n\u2019avons plus rien \u00e0 faire ici. Le 29 septembre, la France s\u2019en ira.<\/em><em>\u00bb&nbsp;<\/em>Vex\u00e9, le chef du gouvernement fran\u00e7ais annulera toutes les r\u00e9ceptions pr\u00e9vues, ne d\u00eenera pas avec S\u00e9kou Tour\u00e9 comme convenu initialement.<br>&nbsp;<\/p>\n\n\n\n<figure class=\"wp-block-image\"><img decoding=\"async\" src=\"https:\/\/ci3.googleusercontent.com\/proxy\/q2EOYXjEc5vCVQsd3WgFPZyZ62hvYuW-44mMTWq9aBfRYKnYYrrMYEPLt8XRi_p3swcWeGJPu6_gRPi1zhY4n9OT8ZsG7kqDeEElGJ1RU1i2ITOXx3IfRQijjSq0laKMxqfBi-wJ5ltE7tRhXVNw1wS3jj-YSYqaQoUWwTd3-x9LYoDKbEUfGBQ=s0-d-e1-ft#https:\/\/mobile-francetvinfo-fr.cdn.ampproject.org\/i\/s\/mobile.francetvinfo.fr\/image\/75j0xe6co-d935\/578\/325\/16256703.jpg\" alt=\"R\u00e9f\u00e9rendum \u00e0 Conakry. Les Guin\u00e9ens d\u00e9cident le 28 septembre 1958 de dire \u00abnon\u00bb \u00e0 l\\'association avec la France et optent pour l\\'ind\u00e9pendance.\"\/><\/figure>\n\n\n\n<p><br>95% de&nbsp;\u00abnon\u00bb en Guin\u00e9e<br>Un mois plus tard, le 28 septembre, lors du r\u00e9f\u00e9rendum constitutionnel, tous les territoires d&rsquo;Afrique (et surtout la m\u00e9tropolie) votent \u00aboui\u00bb&#8230; sauf un: la Guin\u00e9e.&nbsp;95,2% des \u00e9lecteurs votent \u00abnon\u00bb, alors que dans quasiment tous les autres futurs pays africains, le \u00aboui\u00bb l\u2019emporte avec des majorit\u00e9s d\u00e9passant les 90% (\u00e0 l\u2019exception de Magagascar, 77%, la future Djibouti (75%) et le Niger (78%).<br><br>Le \u00abnon\u00bb l&rsquo;ayant emport\u00e9, la Guin\u00e9e proclame son ind\u00e9pendance le 2 octobre. Mais les cons\u00e9quences sont rapidement visibles. La France se retire brutalement.&nbsp;<em>\u00abLe 29 septembre, le gouverneur fran\u00e7ais informe S\u00e9kou Tour\u00e9 qu\u2019\u00e0 partir du 30, Paris mettra fin \u00e0 toutes les aides jusqu\u2019alors consenties et retirera son personnel technique, y compris les forces arm\u00e9es\u00bb .<\/em><\/p>\n\n\n\n<p><em>Oui, la nation Guin\u00e9enne est souverainet\u00e9, une lib\u00e9ration assum\u00e9e &#8230;<\/em><\/p>\n\n\n\n<p><em>Les ann\u00e9es \u00a0\u00bb 60 \u00a0\u00bb .<\/em><\/p>\n\n\n\n<p><em>Elles constituent un tournant d\u00e9cisif dans l&rsquo;histoire des peuples Africains, car, d&rsquo;apr\u00e8s les chiffres estimatifs 17 \u00e0 20 pays africains ont pu acc\u00e9der \u00e0 leurs souverainet\u00e9s nationales &#8230;<\/em><\/p>\n\n\n\n<p>La nation Guin\u00e9enne apr\u00e8s avoir pr\u00e9c\u00e9d\u00e9 le pas, les autres \u00c9tats Africains ont compris l&rsquo;importance de la libert\u00e9 et ont acc\u00e9d\u00e9 \u00e0 leurs ind\u00e9pendances .<\/p>\n\n\n\n<p>Une lib\u00e9ration s&rsquo;approuve par les faits r\u00e9alistes et r\u00e9alisables, c&rsquo;est dans cette optique que l&rsquo;American John Fitzgerald Kennedy nous affirme ceci &lt;&lt;&nbsp; Ne demandez pas \u00e0 votre pays ce qu&rsquo;il peut faire pour vous, demandez- vous plut\u00f4t ce que vous plut\u00f4t ce que vous pouvez faire pour lui &gt;&gt; . Justement, la souverainet\u00e9 d&rsquo;une nation s&rsquo;adapte par les actes positifs pos\u00e9s par ses fils &#8230;.<\/p>\n\n\n\n<p>A 61 ans de souverainet\u00e9, la lutte, le combat, et l&rsquo;engagement men\u00e9 par nos pr\u00e9d\u00e9cesseurs, doit \u00eatre dans une lanc\u00e9e continuelle !<\/p>\n\n\n\n<p>Bonne f\u00eate d&rsquo;ind\u00e9pendance au vaillant peuple de Guin\u00e9e !<\/p>\n\n\n\n<p><strong>Eug\u00e8ne Capi Balamou, Journaliste\u00a0 analyste juridique\u00a0<\/strong><\/p>\n\n\n\n<p>Tel : 622 298 802\/655 437 268&nbsp;<br><\/p>\n","protected":false},"excerpt":{"rendered":"<p>Jeudi 02 Octobre 1958, Mercredi 02 Octobre 2019 il y&rsquo;a de cela 61 ans que la jeune R\u00e9publique de Guin\u00e9e sortait du joug colonial orchestr\u00e9 par la puissance colonisatrice entre autre : l&rsquo;hexagone ( la France ) .&nbsp;&nbsp; Historicit\u00e9&nbsp; La Guin\u00e9e est devenue le premier pays d&rsquo;Afrique subsaharienne \u00e0 devenir ind\u00e9pendant de la France, apr\u00e8s [&hellip;]<\/p>\n","protected":false},"author":2,"featured_media":10984,"comment_status":"open","ping_status":"open","sticky":false,"template":"","format":"standard","meta":{"footnotes":""},"categories":[153],"tags":[],"class_list":["post-11036","post","type-post","status-publish","format-standard","has-post-thumbnail","hentry","category-opinion"],"_links":{"self":[{"href":"https:\/\/www.friaguinee.net\/index.php\/wp-json\/wp\/v2\/posts\/11036","targetHints":{"allow":["GET"]}}],"collection":[{"href":"https:\/\/www.friaguinee.net\/index.php\/wp-json\/wp\/v2\/posts"}],"about":[{"href":"https:\/\/www.friaguinee.net\/index.php\/wp-json\/wp\/v2\/types\/post"}],"author":[{"embeddable":true,"href":"https:\/\/www.friaguinee.net\/index.php\/wp-json\/wp\/v2\/users\/2"}],"replies":[{"embeddable":true,"href":"https:\/\/www.friaguinee.net\/index.php\/wp-json\/wp\/v2\/comments?post=11036"}],"version-history":[{"count":2,"href":"https:\/\/www.friaguinee.net\/index.php\/wp-json\/wp\/v2\/posts\/11036\/revisions"}],"predecessor-version":[{"id":11038,"href":"https:\/\/www.friaguinee.net\/index.php\/wp-json\/wp\/v2\/posts\/11036\/revisions\/11038"}],"wp:featuredmedia":[{"embeddable":true,"href":"https:\/\/www.friaguinee.net\/index.php\/wp-json\/wp\/v2\/media\/10984"}],"wp:attachment":[{"href":"https:\/\/www.friaguinee.net\/index.php\/wp-json\/wp\/v2\/media?parent=11036"}],"wp:term":[{"taxonomy":"category","embeddable":true,"href":"https:\/\/www.friaguinee.net\/index.php\/wp-json\/wp\/v2\/categories?post=11036"},{"taxonomy":"post_tag","embeddable":true,"href":"https:\/\/www.friaguinee.net\/index.php\/wp-json\/wp\/v2\/tags?post=11036"}],"curies":[{"name":"wp","href":"https:\/\/api.w.org\/{rel}","templated":true}]}}