{"id":11023,"date":"2019-10-02T12:59:12","date_gmt":"2019-10-02T12:59:12","guid":{"rendered":"http:\/\/www.friaguinee.net\/?p=11023"},"modified":"2019-10-02T12:59:27","modified_gmt":"2019-10-02T12:59:27","slug":"guinee-an-61-de-lindependance-ladresse-du-chef-de-letat-a-la-nation","status":"publish","type":"post","link":"https:\/\/www.friaguinee.net\/index.php\/2019\/10\/02\/guinee-an-61-de-lindependance-ladresse-du-chef-de-letat-a-la-nation\/","title":{"rendered":"Guin\u00e9e\/An 61 de l&rsquo;ind\u00e9pendance: l&rsquo;adresse du chef de l&rsquo;\u00c9tat \u00e0 la Nation"},"content":{"rendered":"\n<p><strong>Guin\u00e9ennes et Guin\u00e9ens,<\/strong><\/p>\n\n\n\n<p><strong>Mes chers compatriotes de la Guin\u00e9e et de la diaspora<\/strong><\/p>\n\n\n\n<p>Notre pays c\u00e9l\u00e8bre aujourd\u2019hui le soixante et uni\u00e8me anniversaire de son ind\u00e9pendance nationale. Ce moment important de notre histoire commune, s\u2019inscrit dans un contexte de paix et de coh\u00e9sion sociale, instaur\u00e9 gr\u00e2ce aux efforts de toute la population guin\u00e9enne engag\u00e9e dans la pr\u00e9servation de nos acquis et de notre h\u00e9ritage commun. C\u2019est une date importante pour nous tous, parce que cette journ\u00e9e annuelle de comm\u00e9moration de notre souverainet\u00e9, offre l\u2019occasion \u00e0 chaque Guin\u00e9en, de percevoir d\u00e9sormais l\u2019avenir de la Guin\u00e9e en termes de destin commun et d\u2019int\u00e9r\u00eat national.<\/p>\n\n\n\n<p>Dans son histoire, notre pays a surmont\u00e9 depuis soixante ann\u00e9es, de nombreuses \u00e9preuves, \u00e0 commencer par les conditions de notre accession \u00e0 la souverainet\u00e9 internationale. La Guin\u00e9e, comme chacun le sait, a \u00e9t\u00e9 le premier pays ind\u00e9pendant d\u2019Afrique francophone, apr\u00e8s le vote historique du 28 septembre 1958, qu\u2019a pr\u00e9c\u00e9d\u00e9 notre ind\u00e9pendance, le 2 octobre 1958. Depuis cette date, notre r\u00e9publique a travers\u00e9 des \u00e9preuves parfois difficiles, mais celles-ci sont toujours inh\u00e9rentes \u00e0 la construction d\u2019une r\u00e9publique souveraine et fi\u00e8re de son histoire. Aujourd\u2019hui, la nouvelle g\u00e9n\u00e9ration nourrit avec nous, une autre ambition, celle de consolider notre Etat de droit, dans un pays apais\u00e9 et confiant en ses valeurs de progr\u00e8s et de justice sociale\u2026<\/p>\n\n\n\n<p>Au nom de cette noble t\u00e2che qu\u2019est la construction d\u2019un pays uni et solidaire que nous accomplissons ensemble depuis 61 ans, je voudrais rendre un hommage m\u00e9rit\u00e9 \u00e0 nos devanciers. Ceux qui se sont illustr\u00e9s dans la lutte pour l\u2019ind\u00e9pendance, en inaugurant la longue marche qui a conduit \u00e0 la fondation de l\u2019Etat guin\u00e9en.<\/p>\n\n\n\n<p>Je voudrais \u00e9galement rendre hommage \u00e0 mes pr\u00e9d\u00e9cesseurs \u00e0 la t\u00eate de la Guin\u00e9e, pour la pierre que chacun d\u2019entre eux a apport\u00e9 \u00e0 l\u2019\u00e9dification de notre maison commune qui demeure \u00e0 la fois, notre bien partag\u00e9 et notre patrimoine historique.<\/p>\n\n\n\n<p>Aussi, je voudrais enfin exprimer ma reconnaissance \u00e0 chacun d\u2019entre vous qui avez contribu\u00e9 \u00e0 la promotion de cet id\u00e9al commun, celui d\u2019une grande Guin\u00e9e forte et prosp\u00e8re que nous souhaitons l\u00e9guer aux futures g\u00e9n\u00e9rations.<\/p>\n\n\n\n<p>C\u2019est pourquoi j\u2019invite chaque citoyen, jeunes et femmes, acteurs de la vie publique, de la soci\u00e9t\u00e9 civile, acteurs du secteur \u00e9conomique, \u00e0 poursuivre cette \u0153uvre de pr\u00e9servation de nos acquis en mati\u00e8re de d\u00e9mocratie et de libert\u00e9s publiques, nos incontestables r\u00e9alisations \u00e9conomiques et sociales. La modernisation de la gouvernance et de l\u2019action publique bas\u00e9e sur la transparence, donnera \u00e0 tous les citoyens guin\u00e9ens, les moyens d\u2019acc\u00e9der \u00e0 l\u2019information publique sur l\u2019\u00e9volution de notre pays. Cet investissement offrira \u00e0 la presse publique et priv\u00e9e dont le r\u00f4le est important dans notre d\u00e9mocratie, les moyens d\u2019exercer sa mission dans un esprit de libert\u00e9 et de responsabilit\u00e9 propice \u00e0 l\u2019\u00e9quilibre de notre soci\u00e9t\u00e9.<\/p>\n\n\n\n<p><strong>Guin\u00e9ennes et Guin\u00e9ens, mes chers compatriotes<\/strong><\/p>\n\n\n\n<p>Je suis conscient de l\u2019importance des enjeux de l\u2019\u00e9dification d\u2019une soci\u00e9t\u00e9 de libert\u00e9 et de responsabilit\u00e9. C\u2019est dans cet objectif que je reste d\u00e9termin\u00e9 \u00e0 poursuivre avec vous, l\u2019\u0153uvre de protection du chantier d\u00e9mocratique que nous avons commenc\u00e9 ensemble depuis 2010 et qui n\u2019a cess\u00e9 de progresser. Dans ce combat men\u00e9 avec un engagement qui r\u00e9unit toutes les composantes de la nation guin\u00e9enne, nous restons attach\u00e9s \u00e0 l\u2019une de nos valeurs cardinales&nbsp;: la d\u00e9fense de l\u2019unit\u00e9 nationale et de notre mod\u00e8le social qui exclut le rejet de l\u2019autre. Le d\u00e9veloppement de notre vie politique qui s\u2019effectue dans un espace de fraternit\u00e9 et de solidarit\u00e9 active, conduira prochainement \u00e0 l\u2019organisation de nouvelles \u00e9lections l\u00e9gislatives, selon le chronogramme qui sera \u00e9tabli et propos\u00e9 par la Commission \u00e9lectorale nationale ind\u00e9pendante. Il s\u2019agit de renouveler notre repr\u00e9sentation nationale dans un parlement o\u00f9 toutes les sensibilit\u00e9s politiques choisies par le peuple, trouveront leur place dans le cadre du pluralisme politique qui caract\u00e9rise notre mod\u00e8le politique. En Guin\u00e9e, la d\u00e9mocratie et le respect de la volont\u00e9 populaire resteront toujours pour notre gouvernement, des valeurs intangibles.<\/p>\n\n\n\n<p><strong>Guin\u00e9ennes et Guin\u00e9ens, mes chers compatriotes<\/strong><\/p>\n\n\n\n<p>Au cours de cette ann\u00e9e, dans l\u2019objectif de renforcernos institutions, notre pays a enregistr\u00e9 de nombreux d\u00e9bats politiques dont celui relatif \u00e0 l\u2019organisation des pouvoirs publics. Dans la soci\u00e9t\u00e9 dans laquelle nous vivons en Guin\u00e9e, la voix de chacun compte, mais celle du peuple compte encore plus, parce que c\u2019est le peuple qui est le seul souverain. Apr\u00e8s avoir suivi avec beaucoup d\u2019int\u00e9r\u00eat les d\u00e9bats des uns et autres, sur l\u2019organisation de l\u2019Etat et des pouvoirs publics, j\u2019ai instruit le Premier ministre d\u2019ouvrir les consultations nationales avec les institutions, les acteurs politiques et sociaux et les forces vives de la nation, dans le but de structurer les d\u00e9bats. Je f\u00e9licite tous les participants pour l\u2019engouement que cela a suscit\u00e9 chez chacun d\u2019entre eux. Ce nouveau rendez-vous est un exercice d\u00e9mocratique auquel, tous les citoyens quel que soit leur ob\u00e9dience politique, sont invit\u00e9s \u00e0 prendre part, et \u00e0 donner leurs avis. En mati\u00e8re de lois, il ne s\u2019agit pas de promouvoir des int\u00e9r\u00eats personnels ou de g\u00e9rer l\u2019avenir d\u2019un seul homme, mais d\u2019\u0153uvrer pour am\u00e9liorer le destin de toute une nation. J\u2019attends le compte rendu et le rapport du Premier ministre pour tirer les cons\u00e9quences qui s\u2019imposent\u2026<\/p>\n\n\n\n<p><strong>Guin\u00e9ennes et Guin\u00e9ens, mes chers compatriotes<\/strong><\/p>\n\n\n\n<p>En ce soixante et uni\u00e8me anniversaire de notre accession \u00e0 la souverainet\u00e9 internationale, je voudrais encore rappeler que nos principaux d\u00e9fis demeurent la promotion d\u2019une soci\u00e9t\u00e9 meilleure pour les Guin\u00e9ens. Notamment par le partage des richesses et des fruits de la croissance \u00e9conomique, \u00e0 travers nos diff\u00e9rents projets de d\u00e9veloppement.<\/p>\n\n\n\n<p>L\u2019Etat doit combler les besoins sociaux de base de nos populations dans les secteurs sociaux \u00e9ducatifs et sanitaires, dans la fourniture d\u2019eau, d\u2018\u00e9lectricit\u00e9, l\u2019acc\u00e8s aux logements sociaux. Notre gouvernance est orient\u00e9e vers la transformation de l\u2019\u00e9conomie guin\u00e9enne, pour am\u00e9liorer les conditions de vie de nos populations. C\u2019est ainsi que nous avons d\u00e9cid\u00e9 d\u00e9sormais de consacrer 15% des recettes mini\u00e8res au financement des collectivit\u00e9s locales \u00e0 travers l\u2019Agence Nationale de Financement des Collectivit\u00e9s, l\u2019ANAFIC. Ce projet dot\u00e9 d\u2019un budget de 700 milliards de francs guin\u00e9ens, est destin\u00e9 \u00e0 impulser le d\u00e9veloppement dans ces r\u00e9gions mini\u00e8res. Ce programme s\u2019exercera dans&nbsp;le respect des normes environnementales et de transparence dans le secteur minier.<\/p>\n\n\n\n<p>Cette politique comprend \u00e9galement&nbsp;l\u2019inclusion \u00e9conomique financi\u00e8re et sociale n\u00e9cessaire pour lutter contre la pauvret\u00e9, avec l\u2019aide des partenaires techniques et financiers internationaux comme la Banque mondiale, pour cela 104 millions de dollars ont d\u00e9j\u00e0 \u00e9t\u00e9 mobilis\u00e9s. Les ressources internes seront \u00e9galement mises \u00e0 profit par les efforts du gouvernement pour l\u2019am\u00e9lioration du recouvrement fiscal qui devrait passer de 13 \u00e0 15% du produit int\u00e9rieur brut.&nbsp;Conform\u00e9ment aux recommandations de la conf\u00e9rence d\u2019Addis-Abeba sur le financement du d\u00e9veloppement.&nbsp;Notre politique d\u2019emploi mettra davantage la priorit\u00e9 sur les jeunes et les femmes qui vont b\u00e9n\u00e9ficier d\u2019une politique de promotion du contenu local donnant la priorit\u00e9 \u00e0 l\u2019emploi local et \u00e0 la main d\u2019\u0153uvre nationale. Tous ces imp\u00e9ratifs figurent dans la lettre de mission du gouvernement.<\/p>\n\n\n\n<p><strong>Guin\u00e9ennes et Guin\u00e9ens, mes chers compatriotes<\/strong><\/p>\n\n\n\n<p>En ce jour de retrouvailles nationales, mes pens\u00e9es vont \u00e0 l\u2019endroit des pionniers de l\u2019int\u00e9gration continentale qui ont inaugur\u00e9 le combat pour b\u00e2tir une grande Afrique, fi\u00e8re d\u2019elle-m\u00eame et confiante en son destin. C\u2019est-\u00e0-dire, un continent capable de se prendre en charge et de relever les d\u00e9fis du d\u00e9veloppement qui se posent \u00e0 nos concitoyens, dans un continent apte \u00e0 lutter contre les p\u00e9rils qui menacent la paix et le climat. Ainsi que d\u2019autres dangers, notamment l\u2019exode tragique vers l\u2019Europe d\u2019une fraction de sa jeunesse \u00e0 travers les d\u00e9serts et les oc\u00e9ans.<\/p>\n\n\n\n<p>Mes pens\u00e9es s\u2019adressent \u00e0 nos forces arm\u00e9es. Notre arm\u00e9e nationale et r\u00e9publicaine guin\u00e9enne qui fait aujourd\u2019hui la fiert\u00e9 de notre pays, parce qu\u2019elle est garante de la d\u00e9fense de notre territoire et contribue de mani\u00e8re significative \u00e0 la protection de nos valeurs r\u00e9publicaines. Nous disposons d\u2019une arm\u00e9e de paix et de d\u00e9veloppement qui participe en ce moment aux op\u00e9rations de maintien de la paix dans notre r\u00e9gion ouest africaine, dans le cadre de la Minusma \u00e0 Kidal, dont les efforts sont lou\u00e9s par l\u2019ensemble de la communaut\u00e9 internationale.<\/p>\n\n\n\n<p>Mes mots s\u2019adressent \u00e9galement \u00e0 nos ain\u00e9s, les braves et anciens combattants qui ont \u00e9t\u00e9 \u00e0 l\u2019avant-garde de la marche de notre peuple vers l\u2019ind\u00e9pendance et le progr\u00e8s social.<\/p>\n\n\n\n<p><strong>Guin\u00e9ennes, Guin\u00e9ens, mes chers compatriotes<\/strong><\/p>\n\n\n\n<p>A l\u2019occasion de cette f\u00eate nationale, c\u2019est \u00e9galement le lieu d\u2019exprimer notre solidarit\u00e9 envers les plus d\u00e9munis, ceux dont l\u2019am\u00e9lioration de la vie quotidienne fait partie de nos pr\u00e9occupations. Je tiens \u00e0 vous rassurer que l\u2019Etat dans sa gouvernance sociale, continuera d\u2019offrir tout son soutien \u00e0 cette partie de la population et prendra toutes les dispositions utiles \u00e0 leur \u00e9gard.<\/p>\n\n\n\n<p>J\u2019adresse \u00e9galement une pens\u00e9e solidaire \u00e0 l\u2019endroit de nos travailleurs participant au d\u00e9veloppement de notre administration et de notre \u00e9conomie. Ainsi qu\u2019\u00e0 nos compatriotes vivant \u00e0 l\u2019Etranger, qui sont une partie int\u00e9grante de notre avenir commun.<\/p>\n\n\n\n<p>A ces pens\u00e9es, j\u2019associe \u00e9galement, les Etrangers qui ont choisi de vivre parmi nous, nos partenaires qui \u0153uvrent \u00e0 nos c\u00f4t\u00e9s dans nos diff\u00e9rents projets de d\u00e9veloppement pour l\u2019avenir et le d\u00e9veloppement de notre pays. 61 ans apr\u00e8s le jour glorieux o\u00f9 la Guin\u00e9e a acc\u00e9d\u00e9 \u00e0 l\u2019ind\u00e9pendance et \u00e0 la souverainet\u00e9, c\u2019est ensemble, dans l\u2019oubli de nos divisions pass\u00e9es que je vous convie \u00e0 regarder avec moi vers un avenir de prosp\u00e9rit\u00e9. Car ce n\u2019est qu\u2019ensemble, unis et solidaires, que nous parviendrons \u00e0 relever les d\u00e9fis de d\u00e9veloppement de notre cher et beau pays<\/p>\n\n\n\n<p><strong>Bonne f\u00eate de l\u2019ind\u00e9pendance<\/strong><\/p>\n\n\n\n<p><strong>Vive la R\u00e9publique de Guin\u00e9e,<\/strong><\/p>\n\n\n\n<p><strong>Que Dieu b\u00e9nisse notre pays.<\/strong><\/p>\n\n\n\n<p><strong>Le Bureau de Presse de la Pr\u00e9sidence<\/strong><\/p>\n","protected":false},"excerpt":{"rendered":"<p>Guin\u00e9ennes et Guin\u00e9ens, Mes chers compatriotes de la Guin\u00e9e et de la diaspora Notre pays c\u00e9l\u00e8bre aujourd\u2019hui le soixante et uni\u00e8me anniversaire de son ind\u00e9pendance nationale. Ce moment important de notre histoire commune, s\u2019inscrit dans un contexte de paix et de coh\u00e9sion sociale, instaur\u00e9 gr\u00e2ce aux efforts de toute la population guin\u00e9enne engag\u00e9e dans la [&hellip;]<\/p>\n","protected":false},"author":2,"featured_media":11025,"comment_status":"open","ping_status":"open","sticky":false,"template":"","format":"standard","meta":{"footnotes":""},"categories":[2],"tags":[],"class_list":["post-11023","post","type-post","status-publish","format-standard","has-post-thumbnail","hentry","category-actualites"],"_links":{"self":[{"href":"https:\/\/www.friaguinee.net\/index.php\/wp-json\/wp\/v2\/posts\/11023","targetHints":{"allow":["GET"]}}],"collection":[{"href":"https:\/\/www.friaguinee.net\/index.php\/wp-json\/wp\/v2\/posts"}],"about":[{"href":"https:\/\/www.friaguinee.net\/index.php\/wp-json\/wp\/v2\/types\/post"}],"author":[{"embeddable":true,"href":"https:\/\/www.friaguinee.net\/index.php\/wp-json\/wp\/v2\/users\/2"}],"replies":[{"embeddable":true,"href":"https:\/\/www.friaguinee.net\/index.php\/wp-json\/wp\/v2\/comments?post=11023"}],"version-history":[{"count":2,"href":"https:\/\/www.friaguinee.net\/index.php\/wp-json\/wp\/v2\/posts\/11023\/revisions"}],"predecessor-version":[{"id":11026,"href":"https:\/\/www.friaguinee.net\/index.php\/wp-json\/wp\/v2\/posts\/11023\/revisions\/11026"}],"wp:featuredmedia":[{"embeddable":true,"href":"https:\/\/www.friaguinee.net\/index.php\/wp-json\/wp\/v2\/media\/11025"}],"wp:attachment":[{"href":"https:\/\/www.friaguinee.net\/index.php\/wp-json\/wp\/v2\/media?parent=11023"}],"wp:term":[{"taxonomy":"category","embeddable":true,"href":"https:\/\/www.friaguinee.net\/index.php\/wp-json\/wp\/v2\/categories?post=11023"},{"taxonomy":"post_tag","embeddable":true,"href":"https:\/\/www.friaguinee.net\/index.php\/wp-json\/wp\/v2\/tags?post=11023"}],"curies":[{"name":"wp","href":"https:\/\/api.w.org\/{rel}","templated":true}]}}