{"id":10960,"date":"2019-09-28T09:46:45","date_gmt":"2019-09-28T09:46:45","guid":{"rendered":"http:\/\/www.friaguinee.net\/?p=10960"},"modified":"2019-09-28T09:46:59","modified_gmt":"2019-09-28T09:46:59","slug":"maracan-la-guinee-organise-enfin-sa-competition-par-abdoulaye-oumou-sow","status":"publish","type":"post","link":"https:\/\/www.friaguinee.net\/index.php\/2019\/09\/28\/maracan-la-guinee-organise-enfin-sa-competition-par-abdoulaye-oumou-sow\/","title":{"rendered":"Mara&rsquo;CAN: la Guin\u00e9e organise enfin sa comp\u00e9tition (Par Abdoulaye Oumou Sow)"},"content":{"rendered":"\n<p>Le 02 octobre prochain, la Guin\u00e9e c\u00e9l\u00e9brera le 61e anniversaire de son ind\u00e9pendance. Depuis, aucun tournoi majeur de football n\u2019est encore organis\u00e9 dans la R\u00e9publique fond\u00e9e par S\u00e9kou Tour\u00e9, ce \u00ab grand panafricaniste \u00bb qui, \u00e0 l\u2019\u00e9poque, avait dit \u00ab&nbsp;<em><strong>NON<\/strong><\/em>&nbsp;\u00bb au&nbsp;g\u00e9n\u00e9ral Charles de Gaulle le 28 septembre 1958. La premi\u00e8re comp\u00e9tition majeure que le pays devrait accueillir est pr\u00e9vue dans un peu plus de cinq ans. La premi\u00e8re Coupe d\u2019Afrique des Nations en terre guin\u00e9enne initialement pr\u00e9vue en 2023 sera finalement organis\u00e9e deux ans plus tard en 2025, en tout cas si tout se passe bien.En attendant, une autre discipline rel\u00e8ve le d\u00e9fi de l\u2019organisation d\u2019une comp\u00e9tition importante dans notre pays. En effet,&nbsp;la Guin\u00e9e accueille la 8e&nbsp;\u00e9dition de la Mara\u2019CAN. Le&nbsp;Maracana, \u00ab petit fr\u00e8re du football \u00bb, est une discipline sportive qui est toutefois diff\u00e9rente du \u00ab sport roi \u00bb. Ce jeu est d\u00e9j\u00e0 inclu dans le quotidien de certains jeunes guin\u00e9ens qui le pratiquent \u00e0 divers coins de rues de la capitale et \u00e0 dans certains endroits de l\u2019int\u00e9rieur du pays.\u00c0 la diff\u00e9rence, celui pratiqu\u00e9 par les amateurs dans notre pays ne se soumet pas toujours aux r\u00e8gles du maracana professionnel pratiqu\u00e9 dans ce tournoi international. N\u00e9 en C\u00f4te d\u2019Ivoire, ce jeu que j\u2019avais d\u00e9couvert \u00e0 ma petite enfance n\u2019a toujours pas su imposer ses principes sur les terrains amateurs. D\u2019ailleurs \u00e0 l\u2019\u00e9poque, nous suivions les matchs pendant les vacances dans la ville de Danan\u00e9 (ouest de la C\u00f4te d\u2019Ivoire), et je me rappelle encore qu\u2019on l\u2019appelait Maracana br\u00e9silien. Oui, parce que nous \u00e9tions \u00e9blouis par les gestes techniques et les placements tactiques digne d\u2019une \u00e9quipe br\u00e9silienne. Le red\u00e9couvrir dans mon pays est une immense joie pour moi, car je renoue \u00e0 mes amours d\u2019enfance. Le spectacle me fait oublier pour quelques instants le stressant d\u00e9bat sur la Constitution.Pour moi, la soir\u00e9e d\u2019hier a \u00e9t\u00e9 moins stressante. Je me suis senti un moment dans mon enfance, les images me revenaient souvent au fur et \u00e0 mesure que les matchs se succ\u00e9daient. Je prenais du plaisir. L\u2019engouement est bien morose. On comprend bien que la tenue de ce tournoi n\u2019a pas fait suffisamment la une des m\u00e9dias dans notre pays. Aujourd\u2019hui, la plupart des d\u00e9bats tournent autour de la question relative \u00e0 la modification constitutionnelle. Les organisateurs n\u2019ont peut-\u00eatre pas eu la meilleure strat\u00e9gie pour attirer plus d\u2019attention sur cette comp\u00e9tition en Guin\u00e9e. M\u00eame moi, je trouve mon salut dans un mail de Mondoblog qui m\u2019\u00e9non\u00e7ait la venue d\u2019une de ses \u00e9quipes \u00e0 Conakry dans le cadre du MaraCAN2019. J\u2019ai essay\u00e9 de joindre quelques journalistes sportifs pour comprendre davantage. Mais \u00e0 mon grand \u00e9tonnement, la plupart n\u2019\u00e9tait pas inform\u00e9e de l\u2019organisation de cette comp\u00e9tition en Guin\u00e9e.<\/p>\n\n\n\n<p>Capitaine de l\u2019\u00e9quipe maraca-nier du Burkina;Mais ce qui faut saluer, c\u2019est bien cette pr\u00e9sence massive des autorit\u00e9s. Longtemps accus\u00e9 d\u2019\u00eatre le ministre du football, le ministre des Sports et du Patrimoine historique, Sanoussy Bantama Sow, \u00e9tait pr\u00e9sent accompagn\u00e9 par le ministre d\u2019Etat au Transport Aboubacar Sylla et la ministre de la Coop\u00e9ration et de l\u2019Int\u00e9gration africaine, Di\u00e8n\u00e8 Keita, \u00e0 la c\u00e9r\u00e9monie d\u00e9cal\u00e9e d\u2019ouverture de cette comp\u00e9tition.Si vous \u00eates \u00e0 Conakry, la Mara\u2019CAN2019 se passe au vieux Stade du 28 Septembre jusqu\u2019au 30 septembre 2019. Comme sa devise \u00ab Convivialit\u00e9, Fraternit\u00e9 et Amiti\u00e9 (CFA) \u00bb, j\u2019ai fait un tour et je vous informe que toute l\u2019Afrique de l\u2019ouest francophone est repr\u00e9sent\u00e9e et des pays, comme la France, les Etats Unis et le Canada sont \u00e9galement pr\u00e9sents. Et je trouve que s\u2019est vraiment un v\u00e9ritable moyen d\u2019int\u00e9gration, au-del\u00e0 du continent africain.\u00c0 rappeler que la Guin\u00e9e est le septi\u00e8me pays \u00e0 accueillir cette comp\u00e9tion, apr\u00e8s la C\u00f4te d\u2019ivoire en 2018, le Burkina Faso en 2017, le Mali en 2016, le Togo en 2015, le Niger en 2014, le B\u00e9nin en 2013. La C\u00f4te d\u2019ivoire, o\u00f9 est n\u00e9 ce sport dans le milieu estudiantin vers 1970, avait eu le privil\u00e8ge d\u2019organiser la premi\u00e8re \u00e9dition en 2012, et pour la prochaine \u00e9dition en 2020, les \u00ab\u00a0<em>maracaniers<\/em>\u00a0\u00bb se donnent rendez-vous au Canada.<\/p>\n\n\n\n<p><strong>Par Abdoulaye Oumou Sow, Journaliste Blogueur<\/strong> <\/p>\n","protected":false},"excerpt":{"rendered":"<p>Le 02 octobre prochain, la Guin\u00e9e c\u00e9l\u00e9brera le 61e anniversaire de son ind\u00e9pendance. Depuis, aucun tournoi majeur de football n\u2019est encore organis\u00e9 dans la R\u00e9publique fond\u00e9e par S\u00e9kou Tour\u00e9, ce \u00ab grand panafricaniste \u00bb qui, \u00e0 l\u2019\u00e9poque, avait dit \u00ab&nbsp;NON&nbsp;\u00bb au&nbsp;g\u00e9n\u00e9ral Charles de Gaulle le 28 septembre 1958. La premi\u00e8re comp\u00e9tition majeure que le pays [&hellip;]<\/p>\n","protected":false},"author":2,"featured_media":10961,"comment_status":"open","ping_status":"open","sticky":false,"template":"","format":"standard","meta":{"footnotes":""},"categories":[1],"tags":[],"class_list":["post-10960","post","type-post","status-publish","format-standard","has-post-thumbnail","hentry","category-non-classe"],"_links":{"self":[{"href":"https:\/\/www.friaguinee.net\/index.php\/wp-json\/wp\/v2\/posts\/10960","targetHints":{"allow":["GET"]}}],"collection":[{"href":"https:\/\/www.friaguinee.net\/index.php\/wp-json\/wp\/v2\/posts"}],"about":[{"href":"https:\/\/www.friaguinee.net\/index.php\/wp-json\/wp\/v2\/types\/post"}],"author":[{"embeddable":true,"href":"https:\/\/www.friaguinee.net\/index.php\/wp-json\/wp\/v2\/users\/2"}],"replies":[{"embeddable":true,"href":"https:\/\/www.friaguinee.net\/index.php\/wp-json\/wp\/v2\/comments?post=10960"}],"version-history":[{"count":1,"href":"https:\/\/www.friaguinee.net\/index.php\/wp-json\/wp\/v2\/posts\/10960\/revisions"}],"predecessor-version":[{"id":10962,"href":"https:\/\/www.friaguinee.net\/index.php\/wp-json\/wp\/v2\/posts\/10960\/revisions\/10962"}],"wp:featuredmedia":[{"embeddable":true,"href":"https:\/\/www.friaguinee.net\/index.php\/wp-json\/wp\/v2\/media\/10961"}],"wp:attachment":[{"href":"https:\/\/www.friaguinee.net\/index.php\/wp-json\/wp\/v2\/media?parent=10960"}],"wp:term":[{"taxonomy":"category","embeddable":true,"href":"https:\/\/www.friaguinee.net\/index.php\/wp-json\/wp\/v2\/categories?post=10960"},{"taxonomy":"post_tag","embeddable":true,"href":"https:\/\/www.friaguinee.net\/index.php\/wp-json\/wp\/v2\/tags?post=10960"}],"curies":[{"name":"wp","href":"https:\/\/api.w.org\/{rel}","templated":true}]}}