{"id":1059,"date":"2018-01-19T13:43:56","date_gmt":"2018-01-19T12:43:56","guid":{"rendered":"http:\/\/www.friaguinee.net\/?p=1059"},"modified":"2018-01-19T13:43:56","modified_gmt":"2018-01-19T12:43:56","slug":"kindia-2019-avis-attentes-citoyens","status":"publish","type":"post","link":"https:\/\/www.friaguinee.net\/index.php\/2018\/01\/19\/kindia-2019-avis-attentes-citoyens\/","title":{"rendered":"Kindia 2019\u00a0! Avis et attentes des citoyens"},"content":{"rendered":"<p>La majeure partie des pays africains colonis\u00e9s ont eu leur ind\u00e9pendance en 1960 contrairement \u00e0 la Guin\u00e9e qui a anticip\u00e9 le sien et l\u2019a obtenu le 2 octobre 1958, un jour inoubliable \u00a0pour les guin\u00e9ens<\/p>\n<p>Depuis l\u2019arriv\u00e9e du professeur Alpha Cond\u00e9 \u00e0 la t\u00eate du pays en 2010, la c\u00e9l\u00e9bration de cette f\u00eate se fait dans les chefs-lieux des r\u00e9gions administratives.<\/p>\n<p>Lors des festivit\u00e9s du 59<sup>\u00e8me<\/sup> anniversaire qui ont eu lieu \u00e0 Kankan le 13 Janvier dernier, le chef de l\u2019Etat a annonc\u00e9 que pour l&rsquo;ann\u00e9e 2019\u00a0\u00a0 c\u2019est Kindia qui abritera cette f\u00eate, une occasion pour les diff\u00e9rentes pr\u00e9fectures de la r\u00e9gion de b\u00e9n\u00e9ficier de nouvelles infrastructures.<\/p>\n<p>Dans la ville des agrumes, cette nouvelle est accueillie avec joie.<\/p>\n<p>\u00ab\u00a0La nouvelle qui m\u2019est parvenue concernant les festivit\u00e9s du 02 octobre 2019 qui se tiendront dans la ville de Kindia, m&rsquo;a mis dans une joie immense parce que \u00e7a va permettre au pr\u00e9sident de voir l&rsquo;Etat d&rsquo;\u00e9volution de chaque ville. Depuis qu&rsquo;il a commenc\u00e9 a d\u00e9localiser ces festivit\u00e9s dans les diff\u00e9rentes villes de la Guin\u00e9e je me suis dit que le apr\u00e9sident est entrain d&rsquo;\u0153uvrer dans l&rsquo;\u00e9mancipation sociale et d\u00e9montr\u00e9 que la Guin\u00e9e est une famille\u00a0\u00bb a d\u00e9clar\u00e9 Fran\u00e7ois Lamah.<\/p>\n<p>Pour certains, c\u2019est le moment de conjuguer les efforts pour la r\u00e9ussite de l\u2019\u00e9v\u00e9nement.<\/p>\n<p>\u00ab\u00a0J&rsquo;aborde avec beaucoup d&rsquo;espoir, beaucoup d&rsquo;enthousiasme et beaucoup de courage le nouvel an 2018 qui s&rsquo;annonce pour moi comme une ann\u00e9e de d\u00e9fi. Cette ann\u00e9e nous devons vraiment redoubler d&rsquo;effort pour pouvoir corriger les insuffisances pour la r\u00e9ussite de ces festivit\u00e9s parce qu\u2019on ne s\u2019y attendait pas.<\/p>\n<p>D\u2019autres par contre, s\u2019y attendaient mais se demandaient en quelle ann\u00e9e le choix allait \u00eatre port\u00e9 sur Kindia. Pour eux, l\u2019heure est aux pr\u00e9paratifs \u00e0 pr\u00e9sent car la ville des agrumes s\u2019attend \u00e0 changer de visage. C\u2019est le cas de S\u00e9kou 2 Sylla professeur de droit \u00e0 l&rsquo;Universit\u00e9 G\u00e9n\u00e9ral Lansana Cont\u00e9 r\u00e9sident \u00e0 Kindia\u00a0:\u00a0 \u00ab\u00a0Du point de vue \u00e9motion, il faut dire que c&rsquo;\u00e9tait attendu, mais on a tellement attendu qu&rsquo;on y croyait plus et cette annonce a \u00e9t\u00e9 une annonce de soulagement pour les Kindiaka dans la mesure ou on s&rsquo;attend \u00e0 b\u00e9n\u00e9ficier des biens faits que les pr\u00e9fectures de la Guin\u00e9e ont eu gr\u00e2ce \u00e0 cette f\u00eate tournante\u00a0\u00bb.<\/p>\n<p>Ces citoyens ne cachent tout de m\u00eame pas leur inqui\u00e9tude quant \u00e0 la tenue de cette f\u00eate \u00e0 la date du 2 Octobre.<\/p>\n<p>\u00ab\u00a0Par rapport \u00e0 la croyance pour 2019, moi je trouve que c&rsquo;est un peu t\u00f4t. On sait que pour Kankan la f\u00eate a \u00e9t\u00e9 report\u00e9e plusieurs fois et pour diverses raisons d&rsquo;o\u00f9 l&rsquo;ach\u00e8vement des infrastructures. Il faut reconna\u00eetre que Kindia a besoin du bitumage car il est tr\u00e8s peu bitum\u00e9 quand on sait que Kindia est la banlieue de Conakry, il faut dire que Kindia devrait b\u00e9n\u00e9ficier du minimum d&rsquo;infrastructures\u00a0\u00bb a ajout\u00e9 S\u00e9kou Sylla.<\/p>\n<p>\u00ab\u00a0Je ne peux que dire que l&rsquo;initiative pour la f\u00eate de l&rsquo;ind\u00e9pendance \u00e0 Kindia en 2019 est une bonne chose, la balle est dans le camp de l&rsquo;autorit\u00e9 administrative et locale, pourquoi pas la population. C\u2019est une occasion pour voir les faiblesses et les points forts des villes. Nous les populations de Kindia , nous devons \u00eatre en mesure de tirer la le\u00e7on imm\u00e9diate pour rendre des dispositions pour \u00e9viter la meme chose que pour \u00a0Kankan o\u00f9 la fete a plusieurs fois \u00e9t\u00e9 report\u00e9e\u00a0\u00bb a \u00e9voqu\u00e9 Mr Diawara.<\/p>\n<p>&nbsp;<\/p>\n<p><strong>Fatoumata Camara, correspondante \u00e0 Kindia<\/strong><\/p>\n<p><img loading=\"lazy\" decoding=\"async\" class=\"wp-image-574 alignleft\" src=\"http:\/\/www.friaguinee.net\/wp-content\/uploads\/2017\/12\/FB_IMG_1513983898930-1-300x300.jpg\" alt=\"\" width=\"90\" height=\"90\" srcset=\"https:\/\/www.friaguinee.net\/wp-content\/uploads\/2017\/12\/FB_IMG_1513983898930-1-300x300.jpg 300w, https:\/\/www.friaguinee.net\/wp-content\/uploads\/2017\/12\/FB_IMG_1513983898930-1-150x150.jpg 150w, https:\/\/www.friaguinee.net\/wp-content\/uploads\/2017\/12\/FB_IMG_1513983898930-1-419x420.jpg 419w, https:\/\/www.friaguinee.net\/wp-content\/uploads\/2017\/12\/FB_IMG_1513983898930-1.jpg 479w\" sizes=\"auto, (max-width: 90px) 100vw, 90px\" \/><\/p>\n<p><strong>Tel: 622 66 80 51<\/strong><\/p>\n","protected":false},"excerpt":{"rendered":"<p>La majeure partie des pays africains colonis\u00e9s ont eu leur ind\u00e9pendance en 1960 contrairement \u00e0 la Guin\u00e9e qui a anticip\u00e9 le sien et l\u2019a obtenu le 2 octobre 1958, un jour inoubliable \u00a0pour les guin\u00e9ens Depuis l\u2019arriv\u00e9e du professeur Alpha Cond\u00e9 \u00e0 la t\u00eate du pays en 2010, la c\u00e9l\u00e9bration de cette f\u00eate se fait [&hellip;]<\/p>\n","protected":false},"author":2,"featured_media":366,"comment_status":"open","ping_status":"open","sticky":false,"template":"","format":"standard","meta":{"footnotes":""},"categories":[2],"tags":[],"class_list":["post-1059","post","type-post","status-publish","format-standard","has-post-thumbnail","hentry","category-actualites"],"_links":{"self":[{"href":"https:\/\/www.friaguinee.net\/index.php\/wp-json\/wp\/v2\/posts\/1059","targetHints":{"allow":["GET"]}}],"collection":[{"href":"https:\/\/www.friaguinee.net\/index.php\/wp-json\/wp\/v2\/posts"}],"about":[{"href":"https:\/\/www.friaguinee.net\/index.php\/wp-json\/wp\/v2\/types\/post"}],"author":[{"embeddable":true,"href":"https:\/\/www.friaguinee.net\/index.php\/wp-json\/wp\/v2\/users\/2"}],"replies":[{"embeddable":true,"href":"https:\/\/www.friaguinee.net\/index.php\/wp-json\/wp\/v2\/comments?post=1059"}],"version-history":[{"count":0,"href":"https:\/\/www.friaguinee.net\/index.php\/wp-json\/wp\/v2\/posts\/1059\/revisions"}],"wp:featuredmedia":[{"embeddable":true,"href":"https:\/\/www.friaguinee.net\/index.php\/wp-json\/wp\/v2\/media\/366"}],"wp:attachment":[{"href":"https:\/\/www.friaguinee.net\/index.php\/wp-json\/wp\/v2\/media?parent=1059"}],"wp:term":[{"taxonomy":"category","embeddable":true,"href":"https:\/\/www.friaguinee.net\/index.php\/wp-json\/wp\/v2\/categories?post=1059"},{"taxonomy":"post_tag","embeddable":true,"href":"https:\/\/www.friaguinee.net\/index.php\/wp-json\/wp\/v2\/tags?post=1059"}],"curies":[{"name":"wp","href":"https:\/\/api.w.org\/{rel}","templated":true}]}}