{"id":10515,"date":"2019-08-24T21:15:21","date_gmt":"2019-08-24T21:15:21","guid":{"rendered":"http:\/\/www.friaguinee.net\/?p=10515"},"modified":"2019-08-24T22:02:19","modified_gmt":"2019-08-24T22:02:19","slug":"fria-celebration-de-la-journee-internationale-de-la-jeunesse-vous-etes-une-priorite-pour-le-gouvernement-et-nous-sommes-entierement-a-votre-ecoute-dixit-mouctar-diallo","status":"publish","type":"post","link":"https:\/\/www.friaguinee.net\/index.php\/2019\/08\/24\/fria-celebration-de-la-journee-internationale-de-la-jeunesse-vous-etes-une-priorite-pour-le-gouvernement-et-nous-sommes-entierement-a-votre-ecoute-dixit-mouctar-diallo\/","title":{"rendered":"Fria\/C\u00e9l\u00e9bration de la journ\u00e9e internationale de la jeunesse: \u00abVous \u00eates une priorit\u00e9 pour le gouvernement et nous sommes enti\u00e8rement \u00e0 votre \u00e9coute&#8230;\u00bb dixit Mouctar Diallo"},"content":{"rendered":"\n<p>Comme annonc\u00e9 en d\u00e9but de semaine par le Minist\u00e8re de la jeunesse et de l\u2019emploi jeunes, la journ\u00e9e internationale de la jeunesse a \u00e9t\u00e9 c\u00e9l\u00e9br\u00e9e en diff\u00e9r\u00e9 ce samedi 24 ao\u00fbt 2019 \u00e0 Fria.<\/p>\n\n\n\n<figure class=\"wp-block-image\"><img loading=\"lazy\" decoding=\"async\" width=\"1024\" height=\"768\" src=\"http:\/\/www.friaguinee.net\/wp-content\/uploads\/2019\/08\/20190824_122221-1024x768.jpg\" alt=\"\" class=\"wp-image-10526\" srcset=\"https:\/\/www.friaguinee.net\/wp-content\/uploads\/2019\/08\/20190824_122221-1024x768.jpg 1024w, https:\/\/www.friaguinee.net\/wp-content\/uploads\/2019\/08\/20190824_122221-300x225.jpg 300w, https:\/\/www.friaguinee.net\/wp-content\/uploads\/2019\/08\/20190824_122221-768x576.jpg 768w, https:\/\/www.friaguinee.net\/wp-content\/uploads\/2019\/08\/20190824_122221-80x60.jpg 80w, https:\/\/www.friaguinee.net\/wp-content\/uploads\/2019\/08\/20190824_122221-265x198.jpg 265w, https:\/\/www.friaguinee.net\/wp-content\/uploads\/2019\/08\/20190824_122221-696x522.jpg 696w, https:\/\/www.friaguinee.net\/wp-content\/uploads\/2019\/08\/20190824_122221-1068x801.jpg 1068w, https:\/\/www.friaguinee.net\/wp-content\/uploads\/2019\/08\/20190824_122221-560x420.jpg 560w\" sizes=\"auto, (max-width: 1024px) 100vw, 1024px\" \/><\/figure>\n\n\n\n<p>Sous l\u2019autorit\u00e9 du Ministre\nde la jeunesse, accompagn\u00e9 d\u2019une forte d\u00e9l\u00e9gation compos\u00e9e des membres de son\ncabinet et des repr\u00e9sentants de quelques institutions internationales dont l\u2019UNFPA,\nc\u2019est une maison des jeunes archicomble qui a servi de cadre \u00e0 la c\u00e9l\u00e9bration\nde cette f\u00eate de la couche juv\u00e9nile, pour la premi\u00e8re fois \u00e0 l\u2019int\u00e9rieur du\npays.<\/p>\n\n\n\n<figure class=\"wp-block-image\"><img loading=\"lazy\" decoding=\"async\" width=\"1024\" height=\"768\" src=\"http:\/\/www.friaguinee.net\/wp-content\/uploads\/2019\/08\/20190824_120810-1024x768.jpg\" alt=\"\" class=\"wp-image-10524\" srcset=\"https:\/\/www.friaguinee.net\/wp-content\/uploads\/2019\/08\/20190824_120810-1024x768.jpg 1024w, https:\/\/www.friaguinee.net\/wp-content\/uploads\/2019\/08\/20190824_120810-300x225.jpg 300w, https:\/\/www.friaguinee.net\/wp-content\/uploads\/2019\/08\/20190824_120810-768x576.jpg 768w, https:\/\/www.friaguinee.net\/wp-content\/uploads\/2019\/08\/20190824_120810-80x60.jpg 80w, https:\/\/www.friaguinee.net\/wp-content\/uploads\/2019\/08\/20190824_120810-265x198.jpg 265w, https:\/\/www.friaguinee.net\/wp-content\/uploads\/2019\/08\/20190824_120810-696x522.jpg 696w, https:\/\/www.friaguinee.net\/wp-content\/uploads\/2019\/08\/20190824_120810-1068x801.jpg 1068w, https:\/\/www.friaguinee.net\/wp-content\/uploads\/2019\/08\/20190824_120810-560x420.jpg 560w\" sizes=\"auto, (max-width: 1024px) 100vw, 1024px\" \/><\/figure>\n\n\n\n<p>Cette journ\u00e9e a plusieurs objectifs dont entre autres, promouvoir le programme d\u2019action mondial pour la jeunesse tout particuli\u00e8rement aupr\u00e8s des jeunes. <\/p>\n\n\n\n<p>Le th\u00e8me retenu cette ann\u00e9e est \u2018\u2019Transformer l\u2019\u00e9ducation\u2019\u2019, une occasion solennelle pour cette jeunesse de par la voix de sa porte-parole,  de demander aux diff\u00e9rents acteurs plus d\u2019actions pour plus de r\u00e9sultats en sa faveur.<\/p>\n\n\n\n<figure class=\"wp-block-image\"><img loading=\"lazy\" decoding=\"async\" width=\"720\" height=\"864\" src=\"http:\/\/www.friaguinee.net\/wp-content\/uploads\/2019\/08\/20190824_132102.jpg\" alt=\"\" class=\"wp-image-10521\" srcset=\"https:\/\/www.friaguinee.net\/wp-content\/uploads\/2019\/08\/20190824_132102.jpg 720w, https:\/\/www.friaguinee.net\/wp-content\/uploads\/2019\/08\/20190824_132102-250x300.jpg 250w, https:\/\/www.friaguinee.net\/wp-content\/uploads\/2019\/08\/20190824_132102-696x835.jpg 696w, https:\/\/www.friaguinee.net\/wp-content\/uploads\/2019\/08\/20190824_132102-350x420.jpg 350w\" sizes=\"auto, (max-width: 720px) 100vw, 720px\" \/><figcaption>Ramata Bangoura <\/figcaption><\/figure>\n\n\n\n<p>\u00ab&nbsp;<strong><em>C\u2019est pour moi le lieu de\nsignifier ici que la jeunesse attend encore plus d\u2019action et plus de r\u00e9sultat\nen sa faveur car comme vous le savez,&nbsp; le\nmanque d\u2019espoir,&nbsp; la raret\u00e9 d\u2019opportunit\u00e9\npour r\u00e9aliser chez nous, poussent plusieurs jeunes \u00e0 risquer leur vie dans une\naventure souvent incertaine pour les uns parfois fatale pour les autres. Les\nimages insoutenables des jeunes africains morts ou affrontant les dures \u00e9preuves\ndu d\u00e9sert, de la mer ou encore les traitements inhumains qui leur est inflig\u00e9s\ndans les pays de transit et de destination sont autant de drames qui doivent\ninterpeller tous les gouvernements du monde et l\u2019ensemble des partenaires au\nd\u00e9veloppement \u00e0 mieux revoir leur politique de d\u00e9veloppement en mettant\nl\u2019accent sur la cr\u00e9ation d\u2019opportunit\u00e9s, de formation et d\u2019emploi en faveur des\njeunes. Il s\u2019agit d\u2019\u00e9laborer des politiques publiques de jeunesse appropri\u00e9e,\nde mobiliser des ressources humaines qualifi\u00e9es et de d\u00e9gager des moyens\nfinancier cons\u00e9quent pour leur mise en \u0153uvre<\/em><\/strong>&nbsp;\u00bb a martel\u00e9 Ramata\nBangoura.<\/p>\n\n\n\n<p>l\u2019UNFPA partenaire technique et financier du gouvernement guin\u00e9en \u00e0 travers le Minist\u00e8re de la jeunesse pour cette c\u00e9l\u00e9bration, n\u2019a m\u00e9nag\u00e9 aucun effort pour la r\u00e9ussite de l&rsquo;\u00e9v\u00e9nement. La repr\u00e9sentante de cette institution internationale a dans sa prise de parole, tout d\u2019abord rappel\u00e9 l\u2019historique de cette journ\u00e9e avant de donner l\u2019importance qu\u2019a le th\u00e8me de l\u2019ann\u00e9e, pour les dirigeants du monde entier.<\/p>\n\n\n\n<figure class=\"wp-block-image\"><img loading=\"lazy\" decoding=\"async\" width=\"720\" height=\"849\" src=\"http:\/\/www.friaguinee.net\/wp-content\/uploads\/2019\/08\/20190824_132119.jpg\" alt=\"\" class=\"wp-image-10525\" srcset=\"https:\/\/www.friaguinee.net\/wp-content\/uploads\/2019\/08\/20190824_132119.jpg 720w, https:\/\/www.friaguinee.net\/wp-content\/uploads\/2019\/08\/20190824_132119-254x300.jpg 254w, https:\/\/www.friaguinee.net\/wp-content\/uploads\/2019\/08\/20190824_132119-696x821.jpg 696w, https:\/\/www.friaguinee.net\/wp-content\/uploads\/2019\/08\/20190824_132119-356x420.jpg 356w\" sizes=\"auto, (max-width: 720px) 100vw, 720px\" \/><\/figure>\n\n\n\n<p>\u00ab\u00a0<strong><em>La journ\u00e9e internationale de la jeunesse a \u00e9t\u00e9 institu\u00e9e par l\u2019assembl\u00e9e g\u00e9n\u00e9rale des Nations Unies dans l\u2019ann\u00e9e 2000 et elle s\u2019inscrit dans le cadre de la mise en \u0153uvre de la r\u00e9solution 54-120 conform\u00e9ment aux conclusions de la conf\u00e9rence des ministres en charge de la jeunesse tenue du 08 au 12 ao\u00fbt 1998 \u00e0 Lisbonne au Portugal. De nos jours le monde consid\u00e8re de plus en plus que les jeunes sont des leaders capables de mener des actions du climat, de la consolidation de la paix en passant bien s\u00fbre par l\u2019\u00e9ducation. Il est tr\u00e8s important de c\u00e9l\u00e9brer vos r\u00e9alisations, votre engagement en investissant davantage dans une \u00e9ducation qui r\u00e9pond \u00e0 vos besoins et aux exigences du monde actuel. C\u2019est pourquoi le secr\u00e9taire g\u00e9n\u00e9ral des Nations Unies Antonio Gutterres, a regrett\u00e9 dans un message que trop souvent l\u2019\u00e9cole ne dote pas les jeunes des comp\u00e9tences dont ils ont besoins pour faire face \u00e0 la r\u00e9volution technologique, les \u00e9l\u00e8ves ne doivent pas seulement apprendre ils doivent aussi apprendre \u00e0 se former pendant toute la vie<\/em><\/strong>\u00a0\u00bb a rappel\u00e9 Barbara Sow devant un parterre de jeunes.<\/p>\n\n\n\n<figure class=\"wp-block-image\"><img loading=\"lazy\" decoding=\"async\" width=\"713\" height=\"808\" src=\"http:\/\/www.friaguinee.net\/wp-content\/uploads\/2019\/08\/20190824_131426.jpg\" alt=\"\" class=\"wp-image-10519\" srcset=\"https:\/\/www.friaguinee.net\/wp-content\/uploads\/2019\/08\/20190824_131426.jpg 713w, https:\/\/www.friaguinee.net\/wp-content\/uploads\/2019\/08\/20190824_131426-265x300.jpg 265w, https:\/\/www.friaguinee.net\/wp-content\/uploads\/2019\/08\/20190824_131426-696x789.jpg 696w, https:\/\/www.friaguinee.net\/wp-content\/uploads\/2019\/08\/20190824_131426-371x420.jpg 371w\" sizes=\"auto, (max-width: 713px) 100vw, 713px\" \/><figcaption>Mouctar Diallo <\/figcaption><\/figure>\n\n\n\n<p>Pour ce 19<sup>\u00e8me<\/sup>\nanniversaire de la jeunesse mondiale, le ministre guin\u00e9en de la jeunesse et de\nl\u2019emploi jeune est, dans son allocution, revenu sur les axes de priorit\u00e9 dans\nquinze (15) domaines d\u2019activit\u00e9s prioritaires d\u00e9finis par un programme qui\nencourage l\u2019action en faveur des jeunes. Les d\u00e9fis sont selon lui, tout autant\nde taille et tr\u00e8s nombreux car en Guin\u00e9e, les donn\u00e9es de l\u2019institut national de\nstatistiques montre que le taux de scolarisation au primaire est de 88% et ce\nm\u00eame taux est de 32% au niveau du secondaire, seulement un tiers des \u00e9l\u00e8ves qui\ndoivent \u00eatre inscrit au niveau du secondaire le sont.<\/p>\n\n\n\n<p>\u00ab\u00a0<strong><em>Le programme d\u2019action mondiale pour la jeunesse encourage l\u2019action en faveur des jeunes dans 15 domaines d\u2019activit\u00e9s prioritaires\u00a0: \u00e9ducation, emploi, pauvret\u00e9, sant\u00e9, environnement, abus de drogue, d\u00e9linquance juv\u00e9nile, activit\u00e9s de loisirs, fille et jeune femme, participation, mondialisation, technologie de l\u2019information et de la communication, VIH\/Sida, jeunesse et conflit, rapport entre g\u00e9n\u00e9ration. Le th\u00e8me de cette ann\u00e9e \u2018\u2019Transformer l\u2019\u00e9ducation\u2019\u2019 met l\u2019accent sur les efforts visant \u00e0 rendre l\u2019\u00e9ducation plus inclusive et plus accessible pour tous les jeunes y compris l\u2019effort des jeunes eux-m\u00eames. Il est enracin\u00e9 dans l\u2019objectif 4 de l\u2019agenda pour le d\u00e9veloppement durable de 2030 je cite \u2018\u2019assurer l\u2019acc\u00e8s de tous \u00e0 une \u00e9ducation de qualit\u00e9 sur un pied d\u2019\u00e9galit\u00e9 et promouvoir les possibilit\u00e9s d\u2019apprentissage tout au long de la vie\u2019\u2019 fin de citation. Chers jeunes, nous devons tous nous mettre ensemble pour tirer profit du dividende d\u00e9mographique en investissant dans la jeunesse. C\u2019est pour cela que le gouvernement met plusieurs programmes en \u0153uvre pour permettre aux jeunes de rester en Guin\u00e9e, d\u2019entreprendre et de r\u00e9ussir en Guin\u00e9e. Les d\u00e9fis communs des jeunes sont entre autres, l\u2019autonomie, la responsabilit\u00e9, la citoyennet\u00e9, la solidarit\u00e9. Chers jeunes, vous \u00eates une priorit\u00e9 pour le gouvernement et nous, sommes enti\u00e8rement \u00e0 votre \u00e9coute pour \u00e9laborer des programmes en votre faveur<\/em><\/strong>\u00a0\u00bb rassure Mouctar Diallo.<\/p>\n\n\n\n<p>C\u2019est par la remise de satisfecits et de kits scolaires aux laur\u00e9ats de la pr\u00e9fecture aux diff\u00e9rents examens nationaux, de machines \u00e0 coudre aux centres NAFA et CAPF, et le lancement de la campagne de don de sang par le Ministre Mouctar Diallo que la c\u00e9r\u00e9monie a pris fin.<\/p>\n\n\n\n<figure class=\"wp-block-image\"><img loading=\"lazy\" decoding=\"async\" width=\"1024\" height=\"768\" src=\"http:\/\/www.friaguinee.net\/wp-content\/uploads\/2019\/08\/20190824_142525-1024x768.jpg\" alt=\"\" class=\"wp-image-10520\" srcset=\"https:\/\/www.friaguinee.net\/wp-content\/uploads\/2019\/08\/20190824_142525-1024x768.jpg 1024w, https:\/\/www.friaguinee.net\/wp-content\/uploads\/2019\/08\/20190824_142525-300x225.jpg 300w, https:\/\/www.friaguinee.net\/wp-content\/uploads\/2019\/08\/20190824_142525-768x576.jpg 768w, https:\/\/www.friaguinee.net\/wp-content\/uploads\/2019\/08\/20190824_142525-80x60.jpg 80w, https:\/\/www.friaguinee.net\/wp-content\/uploads\/2019\/08\/20190824_142525-265x198.jpg 265w, https:\/\/www.friaguinee.net\/wp-content\/uploads\/2019\/08\/20190824_142525-696x522.jpg 696w, https:\/\/www.friaguinee.net\/wp-content\/uploads\/2019\/08\/20190824_142525-1068x801.jpg 1068w, https:\/\/www.friaguinee.net\/wp-content\/uploads\/2019\/08\/20190824_142525-560x420.jpg 560w\" sizes=\"auto, (max-width: 1024px) 100vw, 1024px\" \/><\/figure>\n\n\n\n<p>A rappeler que plusieurs autres activit\u00e9s sont pr\u00e9vues \u00e0 Fria en marge de cette c\u00e9l\u00e9bration notamment, un gala de football, une soir\u00e9e artistique et culturelle, une session d\u2019orientation sur l\u2019entreprenariat et au leadership transformationnel, une table ronde interg\u00e9n\u00e9rationnelle \u00e0 la radio rurale. Du c\u00f4t\u00e9 de la capitale Conakry, un atelier de pr\u00e9sentation et de validation du rapport du diagnostic organisationnel des EPA (FONIJ, ANVJ, AGETIPE), des actions d\u2019assainissement des lieux publics, le lancement de l\u2019atelier de formation de 50 PME, l\u2019ouverture de la radio Blue FM et la remise d\u2019\u00e9quipements et mat\u00e9riels informatiques aux inspecteurs r\u00e9gionaux de la jeunesse, se d\u00e9rouleront du 28 au 30 ao\u00fbt 2019.<\/p>\n\n\n\n<p><strong><em>Fod\u00e9 Gouly Camara pour friaguinee.net<\/em><\/strong><\/p>\n","protected":false},"excerpt":{"rendered":"<p>Comme annonc\u00e9 en d\u00e9but de semaine par le Minist\u00e8re de la jeunesse et de l\u2019emploi jeunes, la journ\u00e9e internationale de la jeunesse a \u00e9t\u00e9 c\u00e9l\u00e9br\u00e9e en diff\u00e9r\u00e9 ce samedi 24 ao\u00fbt 2019 \u00e0 Fria. Sous l\u2019autorit\u00e9 du Ministre de la jeunesse, accompagn\u00e9 d\u2019une forte d\u00e9l\u00e9gation compos\u00e9e des membres de son cabinet et des repr\u00e9sentants de [&hellip;]<\/p>\n","protected":false},"author":2,"featured_media":10522,"comment_status":"open","ping_status":"open","sticky":false,"template":"","format":"standard","meta":{"footnotes":""},"categories":[9],"tags":[124,1154,141,1155],"class_list":["post-10515","post","type-post","status-publish","format-standard","has-post-thumbnail","hentry","category-publireportage","tag-celebration","tag-differe","tag-ministre","tag-unfpa"],"_links":{"self":[{"href":"https:\/\/www.friaguinee.net\/index.php\/wp-json\/wp\/v2\/posts\/10515","targetHints":{"allow":["GET"]}}],"collection":[{"href":"https:\/\/www.friaguinee.net\/index.php\/wp-json\/wp\/v2\/posts"}],"about":[{"href":"https:\/\/www.friaguinee.net\/index.php\/wp-json\/wp\/v2\/types\/post"}],"author":[{"embeddable":true,"href":"https:\/\/www.friaguinee.net\/index.php\/wp-json\/wp\/v2\/users\/2"}],"replies":[{"embeddable":true,"href":"https:\/\/www.friaguinee.net\/index.php\/wp-json\/wp\/v2\/comments?post=10515"}],"version-history":[{"count":4,"href":"https:\/\/www.friaguinee.net\/index.php\/wp-json\/wp\/v2\/posts\/10515\/revisions"}],"predecessor-version":[{"id":10528,"href":"https:\/\/www.friaguinee.net\/index.php\/wp-json\/wp\/v2\/posts\/10515\/revisions\/10528"}],"wp:featuredmedia":[{"embeddable":true,"href":"https:\/\/www.friaguinee.net\/index.php\/wp-json\/wp\/v2\/media\/10522"}],"wp:attachment":[{"href":"https:\/\/www.friaguinee.net\/index.php\/wp-json\/wp\/v2\/media?parent=10515"}],"wp:term":[{"taxonomy":"category","embeddable":true,"href":"https:\/\/www.friaguinee.net\/index.php\/wp-json\/wp\/v2\/categories?post=10515"},{"taxonomy":"post_tag","embeddable":true,"href":"https:\/\/www.friaguinee.net\/index.php\/wp-json\/wp\/v2\/tags?post=10515"}],"curies":[{"name":"wp","href":"https:\/\/api.w.org\/{rel}","templated":true}]}}