{"id":94596,"date":"2026-09-02T19:38:50","date_gmt":"2026-09-02T19:38:50","guid":{"rendered":"https:\/\/www.friaguinee.net\/?p=94596"},"modified":"2026-09-02T19:38:51","modified_gmt":"2026-09-02T19:38:51","slug":"guinee-gambie-le-president-adama-barrow-recu-a-conakry-pour-renforcer-les-liens-entre-les-deux-pays","status":"publish","type":"post","link":"http:\/\/www.friaguinee.net\/index.php\/2026\/09\/02\/guinee-gambie-le-president-adama-barrow-recu-a-conakry-pour-renforcer-les-liens-entre-les-deux-pays\/","title":{"rendered":"Guin\u00e9e-Gambie : le Pr\u00e9sident Adama Barrow re\u00e7u \u00e0 Conakry pour renforcer les liens entre les deux pays"},"content":{"rendered":"\n<p class=\"wp-block-paragraph\"><strong>Pr\u00e9sident gambien Adama BARROW a \u00e9t\u00e9 re\u00e7u ce mercredi 2 septembre 2026 dans le cadre d\u2019une visite officielle \u00e0 Conakry, plac\u00e9e sous le signe du renforcement des relations d\u2019amiti\u00e9, de fraternit\u00e9 et de coop\u00e9ration entre la Guin\u00e9e et la Gambie. C\u2019est \u00e0 l\u2019A\u00e9roport international Ahmed S\u00e9kou Tour\u00e9 que le Chef de l\u2019\u00c9tat gambien a \u00e9t\u00e9 accueilli \u00e0 son arriv\u00e9e par le Premier ministre, Chef du Gouvernement, Amadou Oury BAH, repr\u00e9sentant le Pr\u00e9sident de la R\u00e9publique, S.E Mamadi DOUMBOUYA.<\/strong><\/p>\n\n\n\n<figure class=\"wp-block-image is-resized\"><img decoding=\"async\" src=\"https:\/\/www.lerenifleur224.com\/wp-content\/uploads\/2026\/09\/FB_IMG_1788361710177.jpg\" alt=\"\" class=\"wp-image-65746\" style=\"aspect-ratio:1.5;width:960px;height:auto\"\/><\/figure>\n\n\n\n<p class=\"wp-block-paragraph\">Apr\u00e8s les honneurs protocolaires et les salutations d\u2019usage au Pavillon pr\u00e9sidentiel, le Pr\u00e9sident Adama BARROW s\u2019est rendu au Palais Mohammed V, o\u00f9 il doit avoir un entretien avec le Pr\u00e9sident Mamadi DOUMBOUYA, consacr\u00e9 aux relations bilat\u00e9rales et aux questions d\u2019int\u00e9r\u00eat commun.<\/p>\n\n\n\n<figure class=\"wp-block-image is-resized\"><img decoding=\"async\" src=\"https:\/\/www.lerenifleur224.com\/wp-content\/uploads\/2026\/09\/FB_IMG_1788361719780.jpg\" alt=\"\" style=\"aspect-ratio:1.4296875;width:915px;height:auto\"\/><\/figure>\n\n\n\n<figure class=\"wp-block-image is-resized\"><img decoding=\"async\" src=\"https:\/\/www.lerenifleur224.com\/wp-content\/uploads\/2026\/09\/FB_IMG_1788361731106.jpg\" alt=\"\" class=\"wp-image-65748\" style=\"aspect-ratio:1.5;width:960px;height:auto\"\/><\/figure>\n\n\n\n<p class=\"wp-block-paragraph\">Cette visite intervient dans un contexte o\u00f9 la Guin\u00e9e et la Gambie souhaitent approfondir leurs relations dans les domaines \u00e9conomique et social, tout en favorisant davantage les \u00e9changes entre leurs populations. Au-del\u00e0 des rencontres officielles, le d\u00e9placement du Pr\u00e9sident gambien rev\u00eat une dimension particuli\u00e8re compte tenu des liens historiques qui unissent les deux pays.<\/p>\n\n\n\n<figure class=\"wp-block-image size-full\"><img loading=\"lazy\" decoding=\"async\" width=\"960\" height=\"640\" src=\"https:\/\/www.friaguinee.net\/wp-content\/uploads\/2026\/09\/1000063109.jpg\" alt=\"\" class=\"wp-image-94599\" srcset=\"http:\/\/www.friaguinee.net\/wp-content\/uploads\/2026\/09\/1000063109.jpg 960w, http:\/\/www.friaguinee.net\/wp-content\/uploads\/2026\/09\/1000063109-300x200.jpg 300w, http:\/\/www.friaguinee.net\/wp-content\/uploads\/2026\/09\/1000063109-768x512.jpg 768w, http:\/\/www.friaguinee.net\/wp-content\/uploads\/2026\/09\/1000063109-696x464.jpg 696w, http:\/\/www.friaguinee.net\/wp-content\/uploads\/2026\/09\/1000063109-630x420.jpg 630w\" sizes=\"auto, (max-width: 960px) 100vw, 960px\" \/><\/figure>\n\n\n\n<p class=\"wp-block-paragraph\">La proximit\u00e9 entre les peuples guin\u00e9en et gambien s\u2019appuie en effet sur une histoire, des affinit\u00e9s culturelles et des relations humaines anciennes, auxquelles se sont ajout\u00e9es au fil des ann\u00e9es des relations diplomatiques et \u00e9conomiques.<\/p>\n\n\n\n<figure class=\"wp-block-image is-resized\"><img decoding=\"async\" src=\"https:\/\/www.lerenifleur224.com\/wp-content\/uploads\/2026\/09\/FB_IMG_1788361713771-1.jpg\" alt=\"\" class=\"wp-image-65750\" style=\"aspect-ratio:1.5;width:960px;height:auto\"\/><\/figure>\n\n\n\n<p class=\"wp-block-paragraph\">La pr\u00e9sence de S.E Adama BARROW \u00e0 Conakry traduit ainsi la volont\u00e9 des deux \u00c9tats de maintenir un dialogue r\u00e9gulier et de renforcer leur partenariat autour d\u2019int\u00e9r\u00eats communs. Elle offre \u00e9galement l\u2019occasion de r\u00e9affirmer l\u2019importance des relations entre la Guin\u00e9e et la Gambie dans la dynamique de coop\u00e9ration r\u00e9gionale en Afrique de l\u2019Ouest.<\/p>\n\n\n\n<p class=\"wp-block-paragraph\"><strong>DCI-PRG<\/strong><\/p>\n","protected":false},"excerpt":{"rendered":"<p>Pr\u00e9sident gambien Adama BARROW a \u00e9t\u00e9 re\u00e7u ce mercredi 2 septembre 2026 dans le cadre d\u2019une visite officielle \u00e0 Conakry, plac\u00e9e sous le signe du renforcement des relations d\u2019amiti\u00e9, de fraternit\u00e9 et de coop\u00e9ration entre la Guin\u00e9e et la Gambie. C\u2019est \u00e0 l\u2019A\u00e9roport international Ahmed S\u00e9kou Tour\u00e9 que le Chef de l\u2019\u00c9tat gambien a \u00e9t\u00e9 [&hellip;]<\/p>\n","protected":false},"author":3,"featured_media":94601,"comment_status":"open","ping_status":"open","sticky":false,"template":"","format":"standard","meta":{"footnotes":""},"categories":[1464],"tags":[],"class_list":["post-94596","post","type-post","status-publish","format-standard","has-post-thumbnail","hentry","category-cooperation"],"_links":{"self":[{"href":"http:\/\/www.friaguinee.net\/index.php\/wp-json\/wp\/v2\/posts\/94596","targetHints":{"allow":["GET"]}}],"collection":[{"href":"http:\/\/www.friaguinee.net\/index.php\/wp-json\/wp\/v2\/posts"}],"about":[{"href":"http:\/\/www.friaguinee.net\/index.php\/wp-json\/wp\/v2\/types\/post"}],"author":[{"embeddable":true,"href":"http:\/\/www.friaguinee.net\/index.php\/wp-json\/wp\/v2\/users\/3"}],"replies":[{"embeddable":true,"href":"http:\/\/www.friaguinee.net\/index.php\/wp-json\/wp\/v2\/comments?post=94596"}],"version-history":[{"count":3,"href":"http:\/\/www.friaguinee.net\/index.php\/wp-json\/wp\/v2\/posts\/94596\/revisions"}],"predecessor-version":[{"id":94600,"href":"http:\/\/www.friaguinee.net\/index.php\/wp-json\/wp\/v2\/posts\/94596\/revisions\/94600"}],"wp:featuredmedia":[{"embeddable":true,"href":"http:\/\/www.friaguinee.net\/index.php\/wp-json\/wp\/v2\/media\/94601"}],"wp:attachment":[{"href":"http:\/\/www.friaguinee.net\/index.php\/wp-json\/wp\/v2\/media?parent=94596"}],"wp:term":[{"taxonomy":"category","embeddable":true,"href":"http:\/\/www.friaguinee.net\/index.php\/wp-json\/wp\/v2\/categories?post=94596"},{"taxonomy":"post_tag","embeddable":true,"href":"http:\/\/www.friaguinee.net\/index.php\/wp-json\/wp\/v2\/tags?post=94596"}],"curies":[{"name":"wp","href":"https:\/\/api.w.org\/{rel}","templated":true}]}}