{"id":94585,"date":"2026-09-02T07:21:31","date_gmt":"2026-09-02T07:21:31","guid":{"rendered":"https:\/\/www.friaguinee.net\/?p=94585"},"modified":"2026-09-02T07:21:32","modified_gmt":"2026-09-02T07:21:32","slug":"guinee-le-president-gambien-adama-barrow-attendu-ce-mercredi-2-septembre-a-conakry-pour-une-visite-detat","status":"publish","type":"post","link":"http:\/\/www.friaguinee.net\/index.php\/2026\/09\/02\/guinee-le-president-gambien-adama-barrow-attendu-ce-mercredi-2-septembre-a-conakry-pour-une-visite-detat\/","title":{"rendered":"Guin\u00e9e : Le pr\u00e9sident gambien Adama Barrow attendu ce mercredi 2 septembre \u00e0 Conakry pour une visite d\u2019\u00c9tat"},"content":{"rendered":"\n<p class=\"wp-block-paragraph\">Le pr\u00e9sident de la R\u00e9publique de Gambie, Son Excellence Adama Barrow, est attendu en Guin\u00e9e ce mercredi 2 septembre 2026 dans le cadre d\u2019une visite d\u2019\u00c9tat destin\u00e9e \u00e0 renforcer les relations bilat\u00e9rales, consolider la coop\u00e9ration et de renforcer davantage les liens d&rsquo;amiti\u00e9 entre la Guin\u00e9e et la Gambie.<\/p>\n\n\n\n<p class=\"wp-block-paragraph\">\u00a0<strong>Ci-dessous le communiqu\u00e9 officiel de la Pr\u00e9sidence de la Republique:<\/strong><\/p>\n\n\n\n<figure class=\"wp-block-image is-resized\"><img decoding=\"async\" src=\"https:\/\/www.lerenifleur224.com\/wp-content\/uploads\/2026\/09\/FB_IMG_1788292838506-725x1024.jpg\" alt=\"\" style=\"aspect-ratio:0.7080078125;width:725px;height:auto\"\/><\/figure>\n\n\n\n<p class=\"wp-block-paragraph\"><strong>Friaguinee.net<\/strong><\/p>\n\n\n\n<p class=\"wp-block-paragraph\"><\/p>\n","protected":false},"excerpt":{"rendered":"<p>Le pr\u00e9sident de la R\u00e9publique de Gambie, Son Excellence Adama Barrow, est attendu en Guin\u00e9e ce mercredi 2 septembre 2026 dans le cadre d\u2019une visite d\u2019\u00c9tat destin\u00e9e \u00e0 renforcer les relations bilat\u00e9rales, consolider la coop\u00e9ration et de renforcer davantage les liens d&rsquo;amiti\u00e9 entre la Guin\u00e9e et la Gambie. \u00a0Ci-dessous le communiqu\u00e9 officiel de la Pr\u00e9sidence [&hellip;]<\/p>\n","protected":false},"author":3,"featured_media":94589,"comment_status":"open","ping_status":"open","sticky":false,"template":"","format":"standard","meta":{"footnotes":""},"categories":[1464],"tags":[],"class_list":["post-94585","post","type-post","status-publish","format-standard","has-post-thumbnail","hentry","category-cooperation"],"_links":{"self":[{"href":"http:\/\/www.friaguinee.net\/index.php\/wp-json\/wp\/v2\/posts\/94585","targetHints":{"allow":["GET"]}}],"collection":[{"href":"http:\/\/www.friaguinee.net\/index.php\/wp-json\/wp\/v2\/posts"}],"about":[{"href":"http:\/\/www.friaguinee.net\/index.php\/wp-json\/wp\/v2\/types\/post"}],"author":[{"embeddable":true,"href":"http:\/\/www.friaguinee.net\/index.php\/wp-json\/wp\/v2\/users\/3"}],"replies":[{"embeddable":true,"href":"http:\/\/www.friaguinee.net\/index.php\/wp-json\/wp\/v2\/comments?post=94585"}],"version-history":[{"count":3,"href":"http:\/\/www.friaguinee.net\/index.php\/wp-json\/wp\/v2\/posts\/94585\/revisions"}],"predecessor-version":[{"id":94588,"href":"http:\/\/www.friaguinee.net\/index.php\/wp-json\/wp\/v2\/posts\/94585\/revisions\/94588"}],"wp:featuredmedia":[{"embeddable":true,"href":"http:\/\/www.friaguinee.net\/index.php\/wp-json\/wp\/v2\/media\/94589"}],"wp:attachment":[{"href":"http:\/\/www.friaguinee.net\/index.php\/wp-json\/wp\/v2\/media?parent=94585"}],"wp:term":[{"taxonomy":"category","embeddable":true,"href":"http:\/\/www.friaguinee.net\/index.php\/wp-json\/wp\/v2\/categories?post=94585"},{"taxonomy":"post_tag","embeddable":true,"href":"http:\/\/www.friaguinee.net\/index.php\/wp-json\/wp\/v2\/tags?post=94585"}],"curies":[{"name":"wp","href":"https:\/\/api.w.org\/{rel}","templated":true}]}}