{"id":94579,"date":"2026-08-31T20:07:35","date_gmt":"2026-08-31T20:07:35","guid":{"rendered":"https:\/\/www.friaguinee.net\/?p=94579"},"modified":"2026-08-31T20:07:36","modified_gmt":"2026-08-31T20:07:36","slug":"conakry-12eme-assemblee-generale-de-la-pra-uemoa-la-regulation-des-reseaux-sociaux-au-coeur-du-debat","status":"publish","type":"post","link":"http:\/\/www.friaguinee.net\/index.php\/2026\/08\/31\/conakry-12eme-assemblee-generale-de-la-pra-uemoa-la-regulation-des-reseaux-sociaux-au-coeur-du-debat\/","title":{"rendered":"Conakry : 12\u00e8me Assembl\u00e9e g\u00e9n\u00e9rale de la PRA-UEMOA  La r\u00e9gulation des r\u00e9seaux sociaux au c\u0153ur du d\u00e9bat"},"content":{"rendered":"\n<p class=\"wp-block-paragraph\"><strong>DISCOURS DU PR\u00c9SIDENT DE LA HAUTE AUTORIT\u00c9 DE LA COMMUNICATION DE GUIN\u00c9E<\/strong><\/p>\n\n\n\n<p class=\"wp-block-paragraph\"><strong>Monsieur le Garde des Sceaux, Ministre de la Justice et des Droits de l\u2019Homme, repr\u00e9sentant le Gouvernement,<\/strong><\/p>\n\n\n\n<p class=\"wp-block-paragraph\"><strong>Mesdames et Messieurs les Membres du Gouvernement,<\/strong><\/p>\n\n\n\n<p class=\"wp-block-paragraph\"><strong>Mesdames et Messieurs les Pr\u00e9sidents des instances de r\u00e9gulation de l\u2019UEMOA,<\/strong><\/p>\n\n\n\n<p class=\"wp-block-paragraph\"><strong>Chers homologues et chers d\u00e9l\u00e9gu\u00e9s,<\/strong><\/p>\n\n\n\n<p class=\"wp-block-paragraph\"><strong>Mesdames et Messieurs les repr\u00e9sentants des m\u00e9dias,<\/strong><\/p>\n\n\n\n<p class=\"wp-block-paragraph\"><strong>Distingu\u00e9s invit\u00e9s, en vos rangs, grades et qualit\u00e9s,<\/strong><\/p>\n\n\n\n<p class=\"wp-block-paragraph\">C\u2019est un immense honneur et une r\u00e9elle fiert\u00e9 pour moi de vous souhaiter, au nom de la Haute Autorit\u00e9 de la Communication (HAC) de Guin\u00e9e et du peuple guin\u00e9en, la bienvenue \u00e0 Conakry, \u00e0 l\u2019occasion de cette 12\u1d49 Assembl\u00e9e g\u00e9n\u00e9rale de la Plateforme des r\u00e9gulateurs de l\u2019audiovisuel des pays membres de l\u2019UEMOA et de la Guin\u00e9e.<\/p>\n\n\n\n<p class=\"wp-block-paragraph\">Je tiens \u00e0 exprimer ma profonde gratitude \u00e0 Monsieur le Ministre de la Justice,&nbsp; Garde des Sceaux, qui nous fait l\u2019honneur de repr\u00e9senter le Gouvernement \u00e0 cette auguste c\u00e9r\u00e9monie. Votre pr\u00e9sence parmi nous, Monsieur le Ministre, t\u00e9moigne de l\u2019attachement ind\u00e9fectible de l\u2019\u00c9tat \u00e0 la l\u00e9galit\u00e9, au respect du droit et \u00e0 la consolidation d\u2019un espace public s\u00e9curis\u00e9.<\/p>\n\n\n\n<p class=\"wp-block-paragraph\">\u00c0 cette occasion solennelle, je tiens \u00e0 adresser mes remerciements les plus chaleureux et les plus d\u00e9f\u00e9rents \u00e0 Son Excellence Monsieur le Pr\u00e9sident de la R\u00e9publique, Chef de l\u2019\u00c9tat Mamadi Doumbouya. Nous lui exprimons toute notre reconnaissance pour son soutien appuy\u00e9, constant et multiforme \u00e0 la Haute Autorit\u00e9 de la Communication. Cet accompagnement au sommet de l\u2019\u00c9tat est le gage de notre ind\u00e9pendance et de notre efficacit\u00e9.<\/p>\n\n\n\n<p class=\"wp-block-paragraph\">Il d\u00e9montre une volont\u00e9 politique claire de promouvoir un espace m\u00e9diatique moderne, tout en garantissant le rayonnement de notre institution tant sur le plan national qu\u2019au sein de l\u2019espace sous-r\u00e9gional.&nbsp;&nbsp; \u00c0 travers vous, Monsieur le Ministre, nous saluons l\u2019appui global du Gouvernement \u00e0 l\u2019accomplissement de notre mission.<\/p>\n\n\n\n<p class=\"wp-block-paragraph\"><strong>Chers homologues,<\/strong><\/p>\n\n\n\n<p class=\"wp-block-paragraph\">Apr\u00e8s deux ann\u00e9es pass\u00e9es \u00e0 la vice-pr\u00e9sidence aux c\u00f4t\u00e9s de nos fr\u00e8res du Togo, la Guin\u00e9e s\u2019appr\u00eate \u00e0 prendre la pr\u00e9sidence de notre pr\u00e9cieuse Plateforme. C\u2019est&nbsp; une responsabilit\u00e9 que nous accueillons avec beaucoup d\u2019humilit\u00e9, mais aussi avec une ferme d\u00e9termination. Ce mandat est un d\u00e9fi que nous devrons relever ensemble. La HAC Guin\u00e9e sera constamment \u00e0 votre \u00e9coute pour renforcer les capacit\u00e9s de nos professionnels des m\u00e9dias et harmoniser nos pratiques de r\u00e9gulation.<\/p>\n\n\n\n<p class=\"wp-block-paragraph\">Notre rencontre se tient dans un contexte de profondes mutations technologiques et d\u00e9mocratiques. Les d\u00e9fis qui se dressent devant nous sont immenses, et c\u2019est pourquoi la r\u00e9gulation des r\u00e9seaux sociaux s\u2019impose naturellement comme le th\u00e8me central de nos travaux. Ces plateformes num\u00e9riques, devenues incontournables, exigent de nos institutions des r\u00e9ponses coordonn\u00e9es, innovantes et adapt\u00e9es aux r\u00e9alit\u00e9s de notre \u00e9poque.<\/p>\n\n\n\n<p class=\"wp-block-paragraph\">\u00c0 cet \u00e9gard, la pr\u00e9sence \u00e0 nos c\u00f4t\u00e9s du Garde des Sceaux rev\u00eat une signification toute particuli\u00e8re. La r\u00e9gulation du cyberespace, loin d\u2019\u00eatre un exercice isol\u00e9, s\u2019inscrit au c\u0153ur m\u00eame de l\u2019architecture juridique de nos nations. Face aux d\u00e9rives&nbsp; du num\u00e9rique, \u00e0 la prolif\u00e9ration des fausses informations, aux discours de haine et \u00e0 la cybercriminalit\u00e9, notre r\u00f4le de r\u00e9gulateur converge directement avec la mission de la Justice. Il s\u2019agit de prot\u00e9ger les citoyens, de pr\u00e9server la dignit\u00e9 humaine et de garantir l\u2019ordre public, tout en d\u00e9fendant jalousement la libert\u00e9 d\u2019expression. La Guin\u00e9e a r\u00e9cemment travers\u00e9 des \u00e9ch\u00e9ances majeures.<\/p>\n\n\n\n<p class=\"wp-block-paragraph\">\u00c0 cette occasion, la HAC a veill\u00e9 au grain pour garantir le pluralisme et l\u2019\u00e9quilibre de l\u2019information, tout en saluant le professionnalisme de la presse, qui a su faire preuve d\u2019un grand esprit de responsabilit\u00e9. C\u2019est cette m\u00eame approche, alliant fermet\u00e9 r\u00e9publicaine, respect des textes l\u00e9gislatifs et dialogue p\u00e9dagogique, que nous souhaitons partager avec vous au cours de nos travaux.<\/p>\n\n\n\n<p class=\"wp-block-paragraph\"><strong>Mesdames et Messieurs,<\/strong><\/p>\n\n\n\n<p class=\"wp-block-paragraph\">La r\u00e9gulation ne doit pas \u00eatre per\u00e7ue comme un outil de censure, mais bien comme un bouclier pour les libert\u00e9s et un vecteur de paix sociale. Ensemble, pendant ces deux jours \u00e0 Conakry, nous allons poser les jalons d\u2019un espace num\u00e9rique et audiovisuel ouest-africain plus fort, plus \u00e9thique et mieux pr\u00e9par\u00e9 aux r\u00e9alit\u00e9s du&nbsp; XXI\u1d49 si\u00e8cle.&nbsp; Je remercie l\u2019ensemble des d\u00e9l\u00e9gations du S\u00e9n\u00e9gal, du Mali, de la C\u00f4te d\u2019Ivoire, du&nbsp; Burkina Faso, du B\u00e9nin, du Togo de la Guin\u00e9e-Bissau et du Tchad pour leur&nbsp; pr\u00e9sence remarquable. Votre d\u00e9placement t\u00e9moigne de la vitalit\u00e9 de notre&nbsp; coop\u00e9ration sous-r\u00e9gionale.<\/p>\n\n\n\n<p class=\"wp-block-paragraph\">J\u2019ai le plaisir de vous annoncer que vous aurez demain le privil\u00e8ge de visiter le port min\u00e9ralier de Morebaya de For\u00e9cariah, symbole de la vision du pr\u00e9sident de R\u00e9publique, Son Excellence Mamadi DOUMBOUYA. Je dis grand merci au ministre directeur de cabinet de la pr\u00e9sidence de la R\u00e9publique et pr\u00e9sident du Comit\u00e9 strat\u00e9gique de Simandou 2040, Monsieur Djiba Diakit\u00e9.<\/p>\n\n\n\n<p class=\"wp-block-paragraph\">Tout en vous souhaitant un excellent s\u00e9jour en terre guin\u00e9enne ainsi que des \u00e9changes fructueux, je vous invite, Monsieur le Ministre, \u00e0 bien vouloir d\u00e9livrer votre message et \u00e0 ouvrir officiellement nos travaux.<\/p>\n\n\n\n<p class=\"wp-block-paragraph\"><strong>Vive la coop\u00e9ration sous-r\u00e9gionale !<\/strong><\/p>\n\n\n\n<p class=\"wp-block-paragraph\"><strong>Vive la libert\u00e9 de la presse responsable !<\/strong><\/p>\n\n\n\n<p class=\"wp-block-paragraph\"><strong>Je vous remercie.<\/strong><\/p>\n\n\n\n<p class=\"wp-block-paragraph\"><\/p>\n","protected":false},"excerpt":{"rendered":"<p>DISCOURS DU PR\u00c9SIDENT DE LA HAUTE AUTORIT\u00c9 DE LA COMMUNICATION DE GUIN\u00c9E Monsieur le Garde des Sceaux, Ministre de la Justice et des Droits de l\u2019Homme, repr\u00e9sentant le Gouvernement, Mesdames et Messieurs les Membres du Gouvernement, Mesdames et Messieurs les Pr\u00e9sidents des instances de r\u00e9gulation de l\u2019UEMOA, Chers homologues et chers d\u00e9l\u00e9gu\u00e9s, Mesdames et Messieurs [&hellip;]<\/p>\n","protected":false},"author":3,"featured_media":94584,"comment_status":"open","ping_status":"open","sticky":false,"template":"","format":"standard","meta":{"footnotes":""},"categories":[2],"tags":[],"class_list":["post-94579","post","type-post","status-publish","format-standard","has-post-thumbnail","hentry","category-actualites"],"_links":{"self":[{"href":"http:\/\/www.friaguinee.net\/index.php\/wp-json\/wp\/v2\/posts\/94579","targetHints":{"allow":["GET"]}}],"collection":[{"href":"http:\/\/www.friaguinee.net\/index.php\/wp-json\/wp\/v2\/posts"}],"about":[{"href":"http:\/\/www.friaguinee.net\/index.php\/wp-json\/wp\/v2\/types\/post"}],"author":[{"embeddable":true,"href":"http:\/\/www.friaguinee.net\/index.php\/wp-json\/wp\/v2\/users\/3"}],"replies":[{"embeddable":true,"href":"http:\/\/www.friaguinee.net\/index.php\/wp-json\/wp\/v2\/comments?post=94579"}],"version-history":[{"count":3,"href":"http:\/\/www.friaguinee.net\/index.php\/wp-json\/wp\/v2\/posts\/94579\/revisions"}],"predecessor-version":[{"id":94583,"href":"http:\/\/www.friaguinee.net\/index.php\/wp-json\/wp\/v2\/posts\/94579\/revisions\/94583"}],"wp:featuredmedia":[{"embeddable":true,"href":"http:\/\/www.friaguinee.net\/index.php\/wp-json\/wp\/v2\/media\/94584"}],"wp:attachment":[{"href":"http:\/\/www.friaguinee.net\/index.php\/wp-json\/wp\/v2\/media?parent=94579"}],"wp:term":[{"taxonomy":"category","embeddable":true,"href":"http:\/\/www.friaguinee.net\/index.php\/wp-json\/wp\/v2\/categories?post=94579"},{"taxonomy":"post_tag","embeddable":true,"href":"http:\/\/www.friaguinee.net\/index.php\/wp-json\/wp\/v2\/tags?post=94579"}],"curies":[{"name":"wp","href":"https:\/\/api.w.org\/{rel}","templated":true}]}}