{"id":9421,"date":"2019-06-28T08:50:59","date_gmt":"2019-06-28T08:50:59","guid":{"rendered":"http:\/\/www.friaguinee.net\/?p=9421"},"modified":"2019-06-28T08:51:02","modified_gmt":"2019-06-28T08:51:02","slug":"guinee-viol-sur-les-enfants-le-collectif-mon-enfantma-vie-transmet-un-memorandum-au-ministre-de-la-justice","status":"publish","type":"post","link":"http:\/\/www.friaguinee.net\/index.php\/2019\/06\/28\/guinee-viol-sur-les-enfants-le-collectif-mon-enfantma-vie-transmet-un-memorandum-au-ministre-de-la-justice\/","title":{"rendered":"Guin\u00e9e\/ Viol sur les enfants: le Collectif \u00ab\u00a0Mon Enfant,Ma vie\u00a0\u00bb transmet un m\u00e9morandum au Ministre de la Justice"},"content":{"rendered":"\n<p>Le collectif mon enfant, ma vie a projet\u00e9 une marche pacifique ce jeudi 27 juin 2019 \u00e0 Conakry, pour transmettre au Ministre de la justice un m\u00e9morandum dans lequel il r\u00e9clame justice pour des enfants victimes de viol en R\u00e9publique de Guin\u00e9e.<br> Devant le Collectif, le chef de cabinet, Me Mohamed Koly Camara qui repr\u00e9sentait le Ministre de la justice a tenu \u00e0 les rassurer en ces termes \u300aLa justice est au service justement de tout le monde . La justice au service des femmes, la justice au service des enfants. C\u2019est un droit constitutionnel fondamental. Une soci\u00e9t\u00e9 qui n\u00e9glige la protection de ses enfants, une soci\u00e9t\u00e9 qui n\u00e9glige la protection de ses femmes n\u2019a pas d\u2019avenir . Parce-que, la premi\u00e8re des valeurs  et \u00e7a je le dis avec conviction , c\u2019est d\u2019abord de prot\u00e9ger nos enfants, de prot\u00e9ger nos femmes, ce sont elles qui nous donnent vie, ce sont elles qui nous donnent la meilleure \u00e9ducation, ce sont elles qui mettent au monde les pr\u00e9sidents, les chefs de cabinet.<br> Alors, je voulais vous dire une fois de plus que ce message de ce m\u00e9morandum ne restera pas je vous assure lettre morte. Elle sera transmise \u00e0 qui le droit, et vous aurez une suite utile\u300b<\/p>\n\n\n\n<p>Ministere de la justice<\/p>\n","protected":false},"excerpt":{"rendered":"<p>Le collectif mon enfant, ma vie a projet\u00e9 une marche pacifique ce jeudi 27 juin 2019 \u00e0 Conakry, pour transmettre au Ministre de la justice un m\u00e9morandum dans lequel il r\u00e9clame justice pour des enfants victimes de viol en R\u00e9publique de Guin\u00e9e. Devant le Collectif, le chef de cabinet, Me Mohamed Koly Camara qui repr\u00e9sentait [&hellip;]<\/p>\n","protected":false},"author":2,"featured_media":9422,"comment_status":"open","ping_status":"open","sticky":false,"template":"","format":"standard","meta":{"footnotes":""},"categories":[1],"tags":[],"class_list":["post-9421","post","type-post","status-publish","format-standard","has-post-thumbnail","hentry","category-non-classe"],"_links":{"self":[{"href":"http:\/\/www.friaguinee.net\/index.php\/wp-json\/wp\/v2\/posts\/9421","targetHints":{"allow":["GET"]}}],"collection":[{"href":"http:\/\/www.friaguinee.net\/index.php\/wp-json\/wp\/v2\/posts"}],"about":[{"href":"http:\/\/www.friaguinee.net\/index.php\/wp-json\/wp\/v2\/types\/post"}],"author":[{"embeddable":true,"href":"http:\/\/www.friaguinee.net\/index.php\/wp-json\/wp\/v2\/users\/2"}],"replies":[{"embeddable":true,"href":"http:\/\/www.friaguinee.net\/index.php\/wp-json\/wp\/v2\/comments?post=9421"}],"version-history":[{"count":1,"href":"http:\/\/www.friaguinee.net\/index.php\/wp-json\/wp\/v2\/posts\/9421\/revisions"}],"predecessor-version":[{"id":9423,"href":"http:\/\/www.friaguinee.net\/index.php\/wp-json\/wp\/v2\/posts\/9421\/revisions\/9423"}],"wp:featuredmedia":[{"embeddable":true,"href":"http:\/\/www.friaguinee.net\/index.php\/wp-json\/wp\/v2\/media\/9422"}],"wp:attachment":[{"href":"http:\/\/www.friaguinee.net\/index.php\/wp-json\/wp\/v2\/media?parent=9421"}],"wp:term":[{"taxonomy":"category","embeddable":true,"href":"http:\/\/www.friaguinee.net\/index.php\/wp-json\/wp\/v2\/categories?post=9421"},{"taxonomy":"post_tag","embeddable":true,"href":"http:\/\/www.friaguinee.net\/index.php\/wp-json\/wp\/v2\/tags?post=9421"}],"curies":[{"name":"wp","href":"https:\/\/api.w.org\/{rel}","templated":true}]}}