{"id":93752,"date":"2026-04-28T10:25:32","date_gmt":"2026-04-28T10:25:32","guid":{"rendered":"https:\/\/www.friaguinee.net\/?p=93752"},"modified":"2026-04-28T10:25:33","modified_gmt":"2026-04-28T10:25:33","slug":"education-le-ministere-reamenage-le-calendrier-des-evaluations-intermediaires-et-les-examens-nationaux","status":"publish","type":"post","link":"http:\/\/www.friaguinee.net\/index.php\/2026\/04\/28\/education-le-ministere-reamenage-le-calendrier-des-evaluations-intermediaires-et-les-examens-nationaux\/","title":{"rendered":"Education : le minist\u00e8re r\u00e9am\u00e9nage le calendrier des \u00e9valuations interm\u00e9diaires et les examens nationaux"},"content":{"rendered":"\n<p>A travers une note circulaire de l\u2019inspecteur g\u00e9n\u00e9ral de l\u2019\u00e9ducation, Moralaye Yattara, le minist\u00e8re de l\u2019\u00c9ducation nationale, de l\u2019Alphab\u00e9tisation, de l\u2019Enseignement technique et de la Formation professionnelle a proc\u00e9d\u00e9 \u00e0 un r\u00e9am\u00e9nagement du calendrier scolaire 2025-2026.<\/p>\n\n\n\n<p><strong>Fin des cours le 30 mai<\/strong><\/p>\n\n\n\n<p>L\u2019arr\u00eat des cours pour les \u00e9tablissements du&nbsp;<strong>pr\u00e9scolaire, du primaire et du secondaire<\/strong>&nbsp;est fix\u00e9 au&nbsp;<strong>samedi 30 mai 2026<\/strong>&nbsp;sur toute l\u2019\u00e9tendue du territoire national. Les compositions de fin d\u2019ann\u00e9e ainsi que les examens blancs se tiendront ensuite du&nbsp;<strong>2 au 13 juin 2026<\/strong>.<\/p>\n\n\n\n<p><strong>Examens nationaux \u00e0 partir du 18 juin<\/strong><\/p>\n\n\n\n<p>L<strong>\u2019Entr\u00e9e en 7<\/strong><strong><sup>e<\/sup><\/strong><strong>&nbsp;ann\u00e9e,&nbsp;<\/strong><strong>le<\/strong><strong>&nbsp;BEPC et&nbsp;<\/strong><strong>le<\/strong><strong>&nbsp;Baccalaur\u00e9at<\/strong>&nbsp;se d\u00e9rouleront du&nbsp;<strong>18 juin au 3 juillet 2026<\/strong>.<\/p>\n\n\n\n<p><strong>Examens techniques et professionnels<\/strong><\/p>\n\n\n\n<p>Pour les&nbsp;<strong>\u00e9preuves pratiques des \u00c9coles normales d\u2019instituteurs (ENI)<\/strong><strong>, elles<\/strong>&nbsp;se tiendront du&nbsp;<strong>4 au 13 mai 2026<\/strong>.<\/p>\n\n\n\n<p>Les&nbsp;<strong>\u00e9preuves th\u00e9oriques des examens de sortie<\/strong>&nbsp;auront lieu du&nbsp;<strong>15 au 20 juin 2026<\/strong>.<\/p>\n\n\n\n<p>Quant aux&nbsp;<strong>\u00e9preuves pratiques des autres \u00e9coles hors ENI<\/strong>, elles se d\u00e9rouleront du&nbsp;<strong>22 au 27 juin 2026<\/strong>.<\/p>\n\n\n\n<p><strong>Concours d\u2019entr\u00e9e dans les \u00e9tablissements techniques<\/strong><\/p>\n\n\n\n<p>Les&nbsp;<strong>inscriptions en ligne<\/strong>&nbsp;au concours d\u2019entr\u00e9e se feront du&nbsp;<strong>13 juillet au 29 ao\u00fbt 2026<\/strong>. Et les \u00e9preuves du concours sont, quant \u00e0 elles, pr\u00e9vues du&nbsp;<strong>14 au 19 septembre 2026<\/strong>.<\/p>\n\n\n\n<p><strong>Ci-dessous la note circulaire :<\/strong><\/p>\n\n\n\n<figure class=\"wp-block-gallery has-nested-images columns-default is-cropped wp-block-gallery-1 is-layout-flex wp-block-gallery-is-layout-flex\">\n<figure class=\"wp-block-image size-large\"><img loading=\"lazy\" decoding=\"async\" width=\"719\" height=\"1024\" data-id=\"93755\" src=\"https:\/\/www.friaguinee.net\/wp-content\/uploads\/2026\/04\/1000044975-719x1024.jpg\" alt=\"\" class=\"wp-image-93755\" srcset=\"http:\/\/www.friaguinee.net\/wp-content\/uploads\/2026\/04\/1000044975-719x1024.jpg 719w, http:\/\/www.friaguinee.net\/wp-content\/uploads\/2026\/04\/1000044975-211x300.jpg 211w, http:\/\/www.friaguinee.net\/wp-content\/uploads\/2026\/04\/1000044975-696x992.jpg 696w, http:\/\/www.friaguinee.net\/wp-content\/uploads\/2026\/04\/1000044975-295x420.jpg 295w, http:\/\/www.friaguinee.net\/wp-content\/uploads\/2026\/04\/1000044975.jpg 758w\" sizes=\"auto, (max-width: 719px) 100vw, 719px\" \/><\/figure>\n\n\n\n<figure class=\"wp-block-image size-large\"><img loading=\"lazy\" decoding=\"async\" width=\"724\" height=\"1024\" data-id=\"93754\" src=\"https:\/\/www.friaguinee.net\/wp-content\/uploads\/2026\/04\/1000044978-724x1024.jpg\" alt=\"\" class=\"wp-image-93754\" srcset=\"http:\/\/www.friaguinee.net\/wp-content\/uploads\/2026\/04\/1000044978-724x1024.jpg 724w, http:\/\/www.friaguinee.net\/wp-content\/uploads\/2026\/04\/1000044978-212x300.jpg 212w, http:\/\/www.friaguinee.net\/wp-content\/uploads\/2026\/04\/1000044978-696x984.jpg 696w, http:\/\/www.friaguinee.net\/wp-content\/uploads\/2026\/04\/1000044978-297x420.jpg 297w, http:\/\/www.friaguinee.net\/wp-content\/uploads\/2026\/04\/1000044978.jpg 764w\" sizes=\"auto, (max-width: 724px) 100vw, 724px\" \/><\/figure>\n<\/figure>\n\n\n\n<p><strong>Friaguinee.net<\/strong><\/p>\n","protected":false},"excerpt":{"rendered":"<p>A travers une note circulaire de l\u2019inspecteur g\u00e9n\u00e9ral de l\u2019\u00e9ducation, Moralaye Yattara, le minist\u00e8re de l\u2019\u00c9ducation nationale, de l\u2019Alphab\u00e9tisation, de l\u2019Enseignement technique et de la Formation professionnelle a proc\u00e9d\u00e9 \u00e0 un r\u00e9am\u00e9nagement du calendrier scolaire 2025-2026. Fin des cours le 30 mai L\u2019arr\u00eat des cours pour les \u00e9tablissements du&nbsp;pr\u00e9scolaire, du primaire et du secondaire&nbsp;est fix\u00e9 [&hellip;]<\/p>\n","protected":false},"author":3,"featured_media":93757,"comment_status":"open","ping_status":"open","sticky":false,"template":"","format":"standard","meta":{"footnotes":""},"categories":[5],"tags":[],"class_list":["post-93752","post","type-post","status-publish","format-standard","has-post-thumbnail","hentry","category-education"],"_links":{"self":[{"href":"http:\/\/www.friaguinee.net\/index.php\/wp-json\/wp\/v2\/posts\/93752","targetHints":{"allow":["GET"]}}],"collection":[{"href":"http:\/\/www.friaguinee.net\/index.php\/wp-json\/wp\/v2\/posts"}],"about":[{"href":"http:\/\/www.friaguinee.net\/index.php\/wp-json\/wp\/v2\/types\/post"}],"author":[{"embeddable":true,"href":"http:\/\/www.friaguinee.net\/index.php\/wp-json\/wp\/v2\/users\/3"}],"replies":[{"embeddable":true,"href":"http:\/\/www.friaguinee.net\/index.php\/wp-json\/wp\/v2\/comments?post=93752"}],"version-history":[{"count":3,"href":"http:\/\/www.friaguinee.net\/index.php\/wp-json\/wp\/v2\/posts\/93752\/revisions"}],"predecessor-version":[{"id":93758,"href":"http:\/\/www.friaguinee.net\/index.php\/wp-json\/wp\/v2\/posts\/93752\/revisions\/93758"}],"wp:featuredmedia":[{"embeddable":true,"href":"http:\/\/www.friaguinee.net\/index.php\/wp-json\/wp\/v2\/media\/93757"}],"wp:attachment":[{"href":"http:\/\/www.friaguinee.net\/index.php\/wp-json\/wp\/v2\/media?parent=93752"}],"wp:term":[{"taxonomy":"category","embeddable":true,"href":"http:\/\/www.friaguinee.net\/index.php\/wp-json\/wp\/v2\/categories?post=93752"},{"taxonomy":"post_tag","embeddable":true,"href":"http:\/\/www.friaguinee.net\/index.php\/wp-json\/wp\/v2\/tags?post=93752"}],"curies":[{"name":"wp","href":"https:\/\/api.w.org\/{rel}","templated":true}]}}