{"id":92972,"date":"2026-03-17T14:39:19","date_gmt":"2026-03-17T14:39:19","guid":{"rendered":"https:\/\/www.friaguinee.net\/?p=92972"},"modified":"2026-03-17T14:39:21","modified_gmt":"2026-03-17T14:39:21","slug":"tensions-frontalieres-letat-major-annonce-un-retrait-progressif-des-forces-deployees-communique","status":"publish","type":"post","link":"http:\/\/www.friaguinee.net\/index.php\/2026\/03\/17\/tensions-frontalieres-letat-major-annonce-un-retrait-progressif-des-forces-deployees-communique\/","title":{"rendered":"Tensions frontali\u00e8res : L\u2019\u00c9tat-major annonce un retrait progressif des forces d\u00e9ploy\u00e9es ( communiqu\u00e9)"},"content":{"rendered":"\n<p>A travers un communiqu\u00e9, le Chef d\u2019\u00c9tat-major g\u00e9n\u00e9ral des Arm\u00e9es, le G\u00e9n\u00e9ral de Corps d\u2019Arm\u00e9e\u00a0<strong>Ibrahima Sory Bangoura<\/strong>, les autorit\u00e9s militaires ont inform\u00e9 l\u2019opinion nationale et internationale d&rsquo;un all\u00e8gement progressif du dispositif militaire d\u00e9ploy\u00e9 le long des fronti\u00e8res nationales.<\/p>\n\n\n\n<p>Selon le communiqu\u00e9, les dirigeants des pays membres de l\u2019Union du fleuve Mano sont convenus de privil\u00e9gier la voie diplomatique pour mettre fin aux diff\u00e9rends frontaliers existant entre les trois \u00c9tats.<\/p>\n\n\n\n<p><strong>Ci-dessous le communiqu\u00e9 de l\u2019\u00e9tat major g\u00e9n\u00e9ral de l\u2019arm\u00e9e<\/strong><\/p>\n\n\n\n<figure class=\"wp-block-gallery has-nested-images columns-default is-cropped wp-block-gallery-1 is-layout-flex wp-block-gallery-is-layout-flex\">\n<figure class=\"wp-block-image size-large\"><img loading=\"lazy\" decoding=\"async\" width=\"723\" height=\"1024\" data-id=\"92973\" src=\"https:\/\/www.friaguinee.net\/wp-content\/uploads\/2026\/03\/1000038007-723x1024.jpg\" alt=\"\" class=\"wp-image-92973\" srcset=\"http:\/\/www.friaguinee.net\/wp-content\/uploads\/2026\/03\/1000038007-723x1024.jpg 723w, http:\/\/www.friaguinee.net\/wp-content\/uploads\/2026\/03\/1000038007-212x300.jpg 212w, http:\/\/www.friaguinee.net\/wp-content\/uploads\/2026\/03\/1000038007-696x985.jpg 696w, http:\/\/www.friaguinee.net\/wp-content\/uploads\/2026\/03\/1000038007-297x420.jpg 297w, http:\/\/www.friaguinee.net\/wp-content\/uploads\/2026\/03\/1000038007.jpg 768w\" sizes=\"auto, (max-width: 723px) 100vw, 723px\" \/><\/figure>\n<\/figure>\n\n\n\n<p><strong>Friaguinee.net<\/strong><\/p>\n","protected":false},"excerpt":{"rendered":"<p>A travers un communiqu\u00e9, le Chef d\u2019\u00c9tat-major g\u00e9n\u00e9ral des Arm\u00e9es, le G\u00e9n\u00e9ral de Corps d\u2019Arm\u00e9e\u00a0Ibrahima Sory Bangoura, les autorit\u00e9s militaires ont inform\u00e9 l\u2019opinion nationale et internationale d&rsquo;un all\u00e8gement progressif du dispositif militaire d\u00e9ploy\u00e9 le long des fronti\u00e8res nationales. Selon le communiqu\u00e9, les dirigeants des pays membres de l\u2019Union du fleuve Mano sont convenus de privil\u00e9gier [&hellip;]<\/p>\n","protected":false},"author":3,"featured_media":92975,"comment_status":"open","ping_status":"open","sticky":false,"template":"","format":"standard","meta":{"footnotes":""},"categories":[1],"tags":[],"class_list":["post-92972","post","type-post","status-publish","format-standard","has-post-thumbnail","hentry","category-non-classe"],"_links":{"self":[{"href":"http:\/\/www.friaguinee.net\/index.php\/wp-json\/wp\/v2\/posts\/92972","targetHints":{"allow":["GET"]}}],"collection":[{"href":"http:\/\/www.friaguinee.net\/index.php\/wp-json\/wp\/v2\/posts"}],"about":[{"href":"http:\/\/www.friaguinee.net\/index.php\/wp-json\/wp\/v2\/types\/post"}],"author":[{"embeddable":true,"href":"http:\/\/www.friaguinee.net\/index.php\/wp-json\/wp\/v2\/users\/3"}],"replies":[{"embeddable":true,"href":"http:\/\/www.friaguinee.net\/index.php\/wp-json\/wp\/v2\/comments?post=92972"}],"version-history":[{"count":2,"href":"http:\/\/www.friaguinee.net\/index.php\/wp-json\/wp\/v2\/posts\/92972\/revisions"}],"predecessor-version":[{"id":92976,"href":"http:\/\/www.friaguinee.net\/index.php\/wp-json\/wp\/v2\/posts\/92972\/revisions\/92976"}],"wp:featuredmedia":[{"embeddable":true,"href":"http:\/\/www.friaguinee.net\/index.php\/wp-json\/wp\/v2\/media\/92975"}],"wp:attachment":[{"href":"http:\/\/www.friaguinee.net\/index.php\/wp-json\/wp\/v2\/media?parent=92972"}],"wp:term":[{"taxonomy":"category","embeddable":true,"href":"http:\/\/www.friaguinee.net\/index.php\/wp-json\/wp\/v2\/categories?post=92972"},{"taxonomy":"post_tag","embeddable":true,"href":"http:\/\/www.friaguinee.net\/index.php\/wp-json\/wp\/v2\/tags?post=92972"}],"curies":[{"name":"wp","href":"https:\/\/api.w.org\/{rel}","templated":true}]}}