{"id":92969,"date":"2026-03-17T08:35:37","date_gmt":"2026-03-17T08:35:37","guid":{"rendered":"https:\/\/www.friaguinee.net\/?p=92969"},"modified":"2026-03-17T08:35:38","modified_gmt":"2026-03-17T08:35:38","slug":"guinee-mamadou-toure-et-gnagna-youssef-teninke-diare-nommes-respectivement-secretaire-general-et-cheffe-de-cabinet-au-ministere-de-leconomie-des-finances-et-du-budget","status":"publish","type":"post","link":"http:\/\/www.friaguinee.net\/index.php\/2026\/03\/17\/guinee-mamadou-toure-et-gnagna-youssef-teninke-diare-nommes-respectivement-secretaire-general-et-cheffe-de-cabinet-au-ministere-de-leconomie-des-finances-et-du-budget\/","title":{"rendered":"Guin\u00e9e : Mamadou Tour\u00e9 et Gnagna Youssef Tenink\u00e9 Diar\u00e9 nomm\u00e9s respectivement secr\u00e9taire g\u00e9n\u00e9ral et cheffe de cabinet au minist\u00e8re de l\u2019\u00c9conomie, des Finances et du Budget."},"content":{"rendered":"\n<p>A travers un d\u00e9cret lu ce lundi 16 mars 2026 \u00e0 la t\u00e9l\u00e9vision nationale, le Pr\u00e9sident de la R\u00e9publique Mamadi Doumbouya a proc\u00e9d\u00e9 \u00e0 de nouvelles nominations au sein du minist\u00e8re de l\u2019\u00c9conomie, des Finances et du Budget.<\/p>\n\n\n\n<p>Selon ledit d\u00e9cret,\u00a0<strong>Mamadou Tour\u00e9<\/strong>, \u00e9conomiste, est nomm\u00e9 secr\u00e9taire g\u00e9n\u00e9ral du d\u00e9partement. <\/p>\n\n\n\n<p>Cependant,\u00a0<strong>Gnagna Youssef Tenink\u00e9 Diar\u00e9<\/strong>, sp\u00e9cialiste en gestion des ressources humaines, acc\u00e8de au poste de cheffe de cabinet du minist\u00e8re.<\/p>\n\n\n\n<p><strong>Friaguinee.net<\/strong><\/p>\n","protected":false},"excerpt":{"rendered":"<p>A travers un d\u00e9cret lu ce lundi 16 mars 2026 \u00e0 la t\u00e9l\u00e9vision nationale, le Pr\u00e9sident de la R\u00e9publique Mamadi Doumbouya a proc\u00e9d\u00e9 \u00e0 de nouvelles nominations au sein du minist\u00e8re de l\u2019\u00c9conomie, des Finances et du Budget. Selon ledit d\u00e9cret,\u00a0Mamadou Tour\u00e9, \u00e9conomiste, est nomm\u00e9 secr\u00e9taire g\u00e9n\u00e9ral du d\u00e9partement. Cependant,\u00a0Gnagna Youssef Tenink\u00e9 Diar\u00e9, sp\u00e9cialiste en [&hellip;]<\/p>\n","protected":false},"author":3,"featured_media":92773,"comment_status":"open","ping_status":"open","sticky":false,"template":"","format":"standard","meta":{"footnotes":""},"categories":[2],"tags":[],"class_list":["post-92969","post","type-post","status-publish","format-standard","has-post-thumbnail","hentry","category-actualites"],"_links":{"self":[{"href":"http:\/\/www.friaguinee.net\/index.php\/wp-json\/wp\/v2\/posts\/92969","targetHints":{"allow":["GET"]}}],"collection":[{"href":"http:\/\/www.friaguinee.net\/index.php\/wp-json\/wp\/v2\/posts"}],"about":[{"href":"http:\/\/www.friaguinee.net\/index.php\/wp-json\/wp\/v2\/types\/post"}],"author":[{"embeddable":true,"href":"http:\/\/www.friaguinee.net\/index.php\/wp-json\/wp\/v2\/users\/3"}],"replies":[{"embeddable":true,"href":"http:\/\/www.friaguinee.net\/index.php\/wp-json\/wp\/v2\/comments?post=92969"}],"version-history":[{"count":2,"href":"http:\/\/www.friaguinee.net\/index.php\/wp-json\/wp\/v2\/posts\/92969\/revisions"}],"predecessor-version":[{"id":92971,"href":"http:\/\/www.friaguinee.net\/index.php\/wp-json\/wp\/v2\/posts\/92969\/revisions\/92971"}],"wp:featuredmedia":[{"embeddable":true,"href":"http:\/\/www.friaguinee.net\/index.php\/wp-json\/wp\/v2\/media\/92773"}],"wp:attachment":[{"href":"http:\/\/www.friaguinee.net\/index.php\/wp-json\/wp\/v2\/media?parent=92969"}],"wp:term":[{"taxonomy":"category","embeddable":true,"href":"http:\/\/www.friaguinee.net\/index.php\/wp-json\/wp\/v2\/categories?post=92969"},{"taxonomy":"post_tag","embeddable":true,"href":"http:\/\/www.friaguinee.net\/index.php\/wp-json\/wp\/v2\/tags?post=92969"}],"curies":[{"name":"wp","href":"https:\/\/api.w.org\/{rel}","templated":true}]}}