{"id":92688,"date":"2026-01-28T20:24:03","date_gmt":"2026-01-28T20:24:03","guid":{"rendered":"https:\/\/www.friaguinee.net\/?p=92688"},"modified":"2026-01-28T20:24:04","modified_gmt":"2026-01-28T20:24:04","slug":"primature-bah-oury-officiellement-installe-dans-ses-fonctions-de-premier-ministre","status":"publish","type":"post","link":"http:\/\/www.friaguinee.net\/index.php\/2026\/01\/28\/primature-bah-oury-officiellement-installe-dans-ses-fonctions-de-premier-ministre\/","title":{"rendered":"Primature : Bah Oury officiellement install\u00e9 dans ses fonctions de Premier ministre\u2026"},"content":{"rendered":"\n<p>La c\u00e9r\u00e9monie officielle d\u2019installation de M. Amadou Oury BAH, Premier ministre, Chef du Gouvernement, s\u2019est tenue ce mercredi 28 janvier 2026 au Palais de la Colombe, sous la pr\u00e9sidence du Ministre Secr\u00e9taire G\u00e9n\u00e9ral de la Pr\u00e9sidence, le G\u00e9n\u00e9ral Amara CAMARA, et du Ministre Directeur de Cabinet de la Pr\u00e9sidence, M. Djiba DIAKIT\u00c9. Cet acte solennel marque officiellement l\u2019entr\u00e9e en fonction du Chef du Gouvernement et l\u2019ouverture d\u2019une nouvelle phase de l\u2019action gouvernementale au service du peuple souverain de Guin\u00e9e.<br>La c\u00e9r\u00e9monie s\u2019est d\u00e9roul\u00e9e en pr\u00e9sence de hautes personnalit\u00e9s civiles et militaires, notamment le V\u00e9rificateur G\u00e9n\u00e9ral, Dr Joseph Togna DOR\u00c9, des conseillers \u00e0 la Pr\u00e9sidence, du Chef d\u2019\u00c9tat-major G\u00e9n\u00e9ral des Arm\u00e9es, le G\u00e9n\u00e9ral Ibrahima Sory BANGOURA, du Haut Commandant de la Gendarmerie nationale et Directeur de la Justice militaire, le G\u00e9n\u00e9ral Balla SAMOURA, ainsi que des responsables int\u00e9rimaires des d\u00e9partements minist\u00e9riels. D\u2019anciens Premiers ministres ont \u00e9galement honor\u00e9 l\u2019\u00e9v\u00e9nement de leur pr\u00e9sence.<br>Conduisant la prise de fonction, le V\u00e9rificateur G\u00e9n\u00e9ral, Dr Joseph Togna DOR\u00c9, a rappel\u00e9 la port\u00e9e et la complexit\u00e9 des missions confi\u00e9es au Premier ministre, soulignant les exigences \u00e9lev\u00e9es li\u00e9es \u00e0 la conduite de l\u2019action gouvernementale dans un contexte de refondation profonde de l\u2019\u00c9tat. Il a ensuite donn\u00e9 la parole au Chef du Gouvernement nouvellement nomm\u00e9.<br>Dans son allocution, M. Amadou Oury BAH a d\u00e9clar\u00e9 mesurer pleinement la signification politique de la responsabilit\u00e9 qui lui est confi\u00e9e. Il a r\u00e9affirm\u00e9 son engagement \u00e0 conduire un gouvernement r\u00e9solument align\u00e9 sur les orientations strat\u00e9giques du Pr\u00e9sident de la R\u00e9publique S.E.M Mamadi DOUMBOUYA, afin de r\u00e9pondre efficacement aux pr\u00e9occupations majeures du peuple souverain de Guin\u00e9e. Il a insist\u00e9 sur la n\u00e9cessit\u00e9 d\u2019une gouvernance exemplaire, fond\u00e9e sur le sens \u00e9lev\u00e9 de la responsabilit\u00e9, la redevabilit\u00e9 et l\u2019efficacit\u00e9 de l\u2019action publique.<br>\u00c0 l\u2019issue de son intervention, le V\u00e9rificateur G\u00e9n\u00e9ral a officiellement renvoy\u00e9 le Premier ministre dans l\u2019exercice de ses fonctions, en lui rappelant les missions essentielles qui lui incombent pour garantir la coh\u00e9rence de l\u2019action gouvernementale et l\u2019atteinte des r\u00e9sultats escompt\u00e9s.<br>La c\u00e9r\u00e9monie s\u2019est achev\u00e9e par l\u2019installation du Premier ministre dans son bureau.<br>La reconduction d\u2019Amadou Oury BAH \u00e0 la Primature s\u2019inscrit dans une logique assum\u00e9e de continuit\u00e9 politique. \u00c9conomiste chevronn\u00e9 et homme politique d\u2019exp\u00e9rience, Amadou Oury BAH dispose d\u2019une connaissance approfondie de la vie publique nationale, adoss\u00e9e \u00e0 un r\u00e9seau solide tant sur le plan national qu\u2019international. Intellectuel reconnu pour son int\u00e9grit\u00e9, son patriotisme, sa lucidit\u00e9 et son sens de la mesure, il s\u2019est impos\u00e9 comme une figure centrale du paysage politique guin\u00e9en. Sous le leadership du Pr\u00e9sident Mamadi DOUMBOUYA, il a jou\u00e9 un r\u00f4le d\u00e9terminant dans la refondation de l\u2019\u00c9tat.<\/p>\n\n\n\n<p>En d\u00e9finitive, la reconduction du Premier ministre Amadou Oury BAH, tout comme la nouvelle configuration gouvernementale, constitue un jalon majeur \u00e0 l\u2019entame du septennat du Pr\u00e9sident de la R\u00e9publique, Son Excellence Mamadi DOUMBOUYA. \u00c0 travers cet acte, le Chef de l\u2019\u00c9tat r\u00e9affirme sa ma\u00eetrise du tempo politique et sa volont\u00e9 de d\u00e9ployer une gouvernance participative coh\u00e9rente, stable et r\u00e9solument tourn\u00e9e vers l\u2019int\u00e9r\u00eat g\u00e9n\u00e9ral et le bien-\u00eatre du peuple souverain de Guin\u00e9e.<\/p>\n\n\n\n<p><strong>DCI-PR<\/strong><\/p>\n","protected":false},"excerpt":{"rendered":"<p>La c\u00e9r\u00e9monie officielle d\u2019installation de M. Amadou Oury BAH, Premier ministre, Chef du Gouvernement, s\u2019est tenue ce mercredi 28 janvier 2026 au Palais de la Colombe, sous la pr\u00e9sidence du Ministre Secr\u00e9taire G\u00e9n\u00e9ral de la Pr\u00e9sidence, le G\u00e9n\u00e9ral Amara CAMARA, et du Ministre Directeur de Cabinet de la Pr\u00e9sidence, M. Djiba DIAKIT\u00c9. Cet acte solennel [&hellip;]<\/p>\n","protected":false},"author":3,"featured_media":92689,"comment_status":"open","ping_status":"open","sticky":false,"template":"","format":"standard","meta":{"footnotes":""},"categories":[2],"tags":[],"class_list":["post-92688","post","type-post","status-publish","format-standard","has-post-thumbnail","hentry","category-actualites"],"_links":{"self":[{"href":"http:\/\/www.friaguinee.net\/index.php\/wp-json\/wp\/v2\/posts\/92688","targetHints":{"allow":["GET"]}}],"collection":[{"href":"http:\/\/www.friaguinee.net\/index.php\/wp-json\/wp\/v2\/posts"}],"about":[{"href":"http:\/\/www.friaguinee.net\/index.php\/wp-json\/wp\/v2\/types\/post"}],"author":[{"embeddable":true,"href":"http:\/\/www.friaguinee.net\/index.php\/wp-json\/wp\/v2\/users\/3"}],"replies":[{"embeddable":true,"href":"http:\/\/www.friaguinee.net\/index.php\/wp-json\/wp\/v2\/comments?post=92688"}],"version-history":[{"count":2,"href":"http:\/\/www.friaguinee.net\/index.php\/wp-json\/wp\/v2\/posts\/92688\/revisions"}],"predecessor-version":[{"id":92691,"href":"http:\/\/www.friaguinee.net\/index.php\/wp-json\/wp\/v2\/posts\/92688\/revisions\/92691"}],"wp:featuredmedia":[{"embeddable":true,"href":"http:\/\/www.friaguinee.net\/index.php\/wp-json\/wp\/v2\/media\/92689"}],"wp:attachment":[{"href":"http:\/\/www.friaguinee.net\/index.php\/wp-json\/wp\/v2\/media?parent=92688"}],"wp:term":[{"taxonomy":"category","embeddable":true,"href":"http:\/\/www.friaguinee.net\/index.php\/wp-json\/wp\/v2\/categories?post=92688"},{"taxonomy":"post_tag","embeddable":true,"href":"http:\/\/www.friaguinee.net\/index.php\/wp-json\/wp\/v2\/tags?post=92688"}],"curies":[{"name":"wp","href":"https:\/\/api.w.org\/{rel}","templated":true}]}}