{"id":92671,"date":"2026-01-27T01:57:36","date_gmt":"2026-01-27T01:57:36","guid":{"rendered":"https:\/\/www.friaguinee.net\/?p=92671"},"modified":"2026-01-27T01:57:36","modified_gmt":"2026-01-27T01:57:36","slug":"guinee-lossature-du-nouveau-gouvernement-composee-de-27-ministeres-et-2-secretariats-generaux","status":"publish","type":"post","link":"http:\/\/www.friaguinee.net\/index.php\/2026\/01\/27\/guinee-lossature-du-nouveau-gouvernement-composee-de-27-ministeres-et-2-secretariats-generaux\/","title":{"rendered":"Guin\u00e9e : l&rsquo;ossature du nouveau gouvernement compos\u00e9e de 27 minist\u00e8res et 2 secr\u00e9tariats g\u00e9n\u00e9raux"},"content":{"rendered":"\n<p>A travers un d\u00e9cret lu ce lundi 26 janvier 2026 \u00e0 la t\u00e9l\u00e9vision nationale, le Pr\u00e9sident de la R\u00e9publique son excellence Monsieur Mamadi Doumbouya, a d\u00e9voil\u00e9 l\u2019ossature du nouveau gouvernement compos\u00e9e de 27 minist\u00e8res et de 2 Secr\u00e9tariats g\u00e9n\u00e9raux.<\/p>\n\n\n\n<p><strong>Voici la composition compl\u00e8te du gouvernement :<\/strong><\/p>\n\n\n\n<p>Minist\u00e8res :<\/p>\n\n\n\n<ol class=\"wp-block-list\">\n<li>Minist\u00e8re de la Justice et des Droits de l\u2019Homme<\/li>\n\n\n\n<li>Minist\u00e8re de la D\u00e9fense Nationale<\/li>\n\n\n\n<li>Minist\u00e8re de l\u2019Administration du Territoire et de la D\u00e9centralisation<\/li>\n\n\n\n<li>Minist\u00e8re de la S\u00e9curit\u00e9 et de la Protection Civile<\/li>\n\n\n\n<li>Minist\u00e8re des Affaires \u00c9trang\u00e8res, de l\u2019Int\u00e9gration Africaine et des Guin\u00e9ens \u00e9tablis \u00e0 l\u2019\u00c9tranger<\/li>\n\n\n\n<li>Minist\u00e8re de l\u2019\u00c9conomie, des Finances et du Budget<\/li>\n\n\n\n<li>Minist\u00e8re du Plan, de la Coop\u00e9ration Internationale et du D\u00e9veloppement<\/li>\n\n\n\n<li>Minist\u00e8re de la Modernisation de l\u2019Administration et de la Fonction Publique<\/li>\n\n\n\n<li>Minist\u00e8re de l\u2019Emploi, du Travail et de la Protection Sociale<\/li>\n\n\n\n<li>Minist\u00e8re des Mines et de la G\u00e9ologie<\/li>\n\n\n\n<li>Minist\u00e8re de l\u2019Agriculture<\/li>\n\n\n\n<li>Minist\u00e8re de l\u2019\u00c9levage<\/li>\n\n\n\n<li>Minist\u00e8re de la P\u00eache et de l\u2019\u00c9conomie Maritime<\/li>\n\n\n\n<li>Minist\u00e8re de l\u2019Industrie et du Commerce<\/li>\n\n\n\n<li>Minist\u00e8re de l\u2019Enseignement Sup\u00e9rieur et de la Recherche Scientifique<\/li>\n\n\n\n<li>Minist\u00e8re de l\u2019\u00c9ducation Nationale, de l\u2019Alphab\u00e9tisation, de l\u2019Enseignement Technique et de la Formation Professionnelle<\/li>\n\n\n\n<li>Minist\u00e8re de la Culture, du Tourisme et de l\u2019Artisanat<\/li>\n\n\n\n<li>Minist\u00e8re de la Sant\u00e9 et de l\u2019Hygi\u00e8ne Publique<\/li>\n\n\n\n<li>Minist\u00e8re de la Femme, de la Famille et de la Solidarit\u00e9<\/li>\n\n\n\n<li>Minist\u00e8re de la Jeunesse et des Sports<\/li>\n\n\n\n<li>Minist\u00e8re des Infrastructures<\/li>\n\n\n\n<li>Minist\u00e8re des Transports<\/li>\n\n\n\n<li>Minist\u00e8re de la Communication, de l\u2019\u00c9conomie Num\u00e9rique et de l\u2019Innovation<\/li>\n\n\n\n<li>Minist\u00e8re de l\u2019Environnement et du D\u00e9veloppement Durable<\/li>\n\n\n\n<li>Minist\u00e8re de l\u2019\u00c9nergie<\/li>\n\n\n\n<li>Minist\u00e8re de l\u2019Assainissement, de l\u2019Hydraulique et des Hydrocarbures<\/li>\n\n\n\n<li>Minist\u00e8re de l\u2019Urbanisme, de l\u2019Habitat et de l\u2019Am\u00e9nagement du Territoire<\/li>\n<\/ol>\n","protected":false},"excerpt":{"rendered":"<p>A travers un d\u00e9cret lu ce lundi 26 janvier 2026 \u00e0 la t\u00e9l\u00e9vision nationale, le Pr\u00e9sident de la R\u00e9publique son excellence Monsieur Mamadi Doumbouya, a d\u00e9voil\u00e9 l\u2019ossature du nouveau gouvernement compos\u00e9e de 27 minist\u00e8res et de 2 Secr\u00e9tariats g\u00e9n\u00e9raux. Voici la composition compl\u00e8te du gouvernement : Minist\u00e8res :<\/p>\n","protected":false},"author":3,"featured_media":92678,"comment_status":"open","ping_status":"open","sticky":false,"template":"","format":"standard","meta":{"footnotes":""},"categories":[2],"tags":[],"class_list":["post-92671","post","type-post","status-publish","format-standard","has-post-thumbnail","hentry","category-actualites"],"_links":{"self":[{"href":"http:\/\/www.friaguinee.net\/index.php\/wp-json\/wp\/v2\/posts\/92671","targetHints":{"allow":["GET"]}}],"collection":[{"href":"http:\/\/www.friaguinee.net\/index.php\/wp-json\/wp\/v2\/posts"}],"about":[{"href":"http:\/\/www.friaguinee.net\/index.php\/wp-json\/wp\/v2\/types\/post"}],"author":[{"embeddable":true,"href":"http:\/\/www.friaguinee.net\/index.php\/wp-json\/wp\/v2\/users\/3"}],"replies":[{"embeddable":true,"href":"http:\/\/www.friaguinee.net\/index.php\/wp-json\/wp\/v2\/comments?post=92671"}],"version-history":[{"count":3,"href":"http:\/\/www.friaguinee.net\/index.php\/wp-json\/wp\/v2\/posts\/92671\/revisions"}],"predecessor-version":[{"id":92679,"href":"http:\/\/www.friaguinee.net\/index.php\/wp-json\/wp\/v2\/posts\/92671\/revisions\/92679"}],"wp:featuredmedia":[{"embeddable":true,"href":"http:\/\/www.friaguinee.net\/index.php\/wp-json\/wp\/v2\/media\/92678"}],"wp:attachment":[{"href":"http:\/\/www.friaguinee.net\/index.php\/wp-json\/wp\/v2\/media?parent=92671"}],"wp:term":[{"taxonomy":"category","embeddable":true,"href":"http:\/\/www.friaguinee.net\/index.php\/wp-json\/wp\/v2\/categories?post=92671"},{"taxonomy":"post_tag","embeddable":true,"href":"http:\/\/www.friaguinee.net\/index.php\/wp-json\/wp\/v2\/tags?post=92671"}],"curies":[{"name":"wp","href":"https:\/\/api.w.org\/{rel}","templated":true}]}}