{"id":92660,"date":"2026-01-22T19:52:34","date_gmt":"2026-01-22T19:52:34","guid":{"rendered":"https:\/\/www.friaguinee.net\/?p=92660"},"modified":"2026-01-22T19:52:36","modified_gmt":"2026-01-22T19:52:36","slug":"guinee-le-pm-amadou-oury-bah-demissionne-avec-son-gouvernement","status":"publish","type":"post","link":"http:\/\/www.friaguinee.net\/index.php\/2026\/01\/22\/guinee-le-pm-amadou-oury-bah-demissionne-avec-son-gouvernement\/","title":{"rendered":"Guin\u00e9e : le PM. Amadou Oury Bah d\u00e9missionne avec son gouvernement"},"content":{"rendered":"\n<p>A travers un communiqu\u00e9 de la Pr\u00e9sidence publi\u00e9 ce jeudi 22 janvier 2026, le Premier ministre Amadou Oury Bah a officiellement remis la d\u00e9mission de son gouvernement \u00e0 l\u2019occasion du Conseil des ministres et accept\u00e9e par le Pr\u00e9sident de la R\u00e9publique, Mamadi Doumbouya.<\/p>\n\n\n\n<p>Dans le m\u00eame sens, le Chef de l\u2019\u00c9tat a \u00e9galement annonc\u00e9 la signature, ce jour, de deux d\u00e9crets : le premier mettant fin aux fonctions du Premier ministre et des autres membres du gouvernement ; le second confiant l\u2019exp\u00e9dition des affaires courantes aux responsables administratifs concern\u00e9s, dans l\u2019attente de la nomination d\u2019un nouveau gouvernement.<\/p>\n\n\n\n<p><strong>Ci-dessous le communiqu\u00e9 :<\/strong><\/p>\n\n\n\n<figure class=\"wp-block-image\"><img decoding=\"async\" src=\"https:\/\/convergencegn.com\/wp-content\/uploads\/2026\/01\/Demission-gouvernement-1.jpg.webp\" alt=\"\" class=\"wp-image-27986\"\/><\/figure>\n\n\n\n<figure class=\"wp-block-image\"><img decoding=\"async\" src=\"https:\/\/convergencegn.com\/wp-content\/uploads\/2026\/01\/Demission-gouvernement-2.jpg.webp\" alt=\"\" class=\"wp-image-27987\"\/><\/figure>\n\n\n\n<p><strong>Friaguinee.net<\/strong><\/p>\n","protected":false},"excerpt":{"rendered":"<p>A travers un communiqu\u00e9 de la Pr\u00e9sidence publi\u00e9 ce jeudi 22 janvier 2026, le Premier ministre Amadou Oury Bah a officiellement remis la d\u00e9mission de son gouvernement \u00e0 l\u2019occasion du Conseil des ministres et accept\u00e9e par le Pr\u00e9sident de la R\u00e9publique, Mamadi Doumbouya. Dans le m\u00eame sens, le Chef de l\u2019\u00c9tat a \u00e9galement annonc\u00e9 la [&hellip;]<\/p>\n","protected":false},"author":3,"featured_media":50638,"comment_status":"open","ping_status":"open","sticky":false,"template":"","format":"standard","meta":{"footnotes":""},"categories":[2],"tags":[],"class_list":["post-92660","post","type-post","status-publish","format-standard","has-post-thumbnail","hentry","category-actualites"],"_links":{"self":[{"href":"http:\/\/www.friaguinee.net\/index.php\/wp-json\/wp\/v2\/posts\/92660","targetHints":{"allow":["GET"]}}],"collection":[{"href":"http:\/\/www.friaguinee.net\/index.php\/wp-json\/wp\/v2\/posts"}],"about":[{"href":"http:\/\/www.friaguinee.net\/index.php\/wp-json\/wp\/v2\/types\/post"}],"author":[{"embeddable":true,"href":"http:\/\/www.friaguinee.net\/index.php\/wp-json\/wp\/v2\/users\/3"}],"replies":[{"embeddable":true,"href":"http:\/\/www.friaguinee.net\/index.php\/wp-json\/wp\/v2\/comments?post=92660"}],"version-history":[{"count":1,"href":"http:\/\/www.friaguinee.net\/index.php\/wp-json\/wp\/v2\/posts\/92660\/revisions"}],"predecessor-version":[{"id":92662,"href":"http:\/\/www.friaguinee.net\/index.php\/wp-json\/wp\/v2\/posts\/92660\/revisions\/92662"}],"wp:featuredmedia":[{"embeddable":true,"href":"http:\/\/www.friaguinee.net\/index.php\/wp-json\/wp\/v2\/media\/50638"}],"wp:attachment":[{"href":"http:\/\/www.friaguinee.net\/index.php\/wp-json\/wp\/v2\/media?parent=92660"}],"wp:term":[{"taxonomy":"category","embeddable":true,"href":"http:\/\/www.friaguinee.net\/index.php\/wp-json\/wp\/v2\/categories?post=92660"},{"taxonomy":"post_tag","embeddable":true,"href":"http:\/\/www.friaguinee.net\/index.php\/wp-json\/wp\/v2\/tags?post=92660"}],"curies":[{"name":"wp","href":"https:\/\/api.w.org\/{rel}","templated":true}]}}