{"id":9142,"date":"2019-06-13T19:54:05","date_gmt":"2019-06-13T19:54:05","guid":{"rendered":"http:\/\/www.friaguinee.net\/?p=9142"},"modified":"2019-06-13T19:54:07","modified_gmt":"2019-06-13T19:54:07","slug":"conakry-des-etudiants-reclament-justice-pour-amadou-boukariou-balde","status":"publish","type":"post","link":"http:\/\/www.friaguinee.net\/index.php\/2019\/06\/13\/conakry-des-etudiants-reclament-justice-pour-amadou-boukariou-balde\/","title":{"rendered":"Conakry : des \u00e9tudiants r\u00e9clament justice pour Amadou Boukariou Bald\u00e9"},"content":{"rendered":"\n<p>Une cinquantaine d\u2019\u00e9tudiants venus de diff\u00e9rentes universit\u00e9s publiques et priv\u00e9es de Conakry ont organis\u00e9 une marche pacifique mercredi 12 juin 2019, dans la commune de Dixinn pour r\u00e9clamer justice pour leur camarade d\u00e9c\u00e9d\u00e9 \u00e0 l\u2019universit\u00e9 Hafia, le 31mai dernier a Lab\u00e9.<\/p>\n\n\n\n<p>Ces \u00e9tudiants protestaient contre \u2018\u2019l\u2019assassinat \u2018de leur camarade Amadou Boukariou Bald\u00e9. Ils qualifient sa mort d\u2019arbitraire.<\/p>\n\n\n\n<p>\u00ab Un \u00e9tudiant est \u00e0 prot\u00e9ger il n\u2019est pas \u00e0 tuer. Jamais un \u00e9tudiant ne doit \u00eatre assassin\u00e9 arbitrairement et de surcro\u00eet sans justice \u00bb, scandaient les \u00e9tudiants sur l\u2019 itin\u00e9raire de leur marche qui allait de l\u2019Universit\u00e9 Gamal Abdel Nasser de Conakry au cimeti\u00e8re Cameroun.<\/p>\n\n\n\n<p>La porte-parole des protestataires, Mafoudia Tour\u00e9 \u00e9tudiante en Licence1, a exig\u00e9 des autorit\u00e9s, l\u2019identification des auteurs de ce crime afin qu\u2019ils subissent la rigueur de la loi<\/p>\n\n\n\n<p>Pour mieux se faire entendre, les \u00e9tudiants envisagent d\u2019autres actions les prochains jours, comme l\u2019organisation d\u2019une conf\u00e9rence de presse, la suspension des cours dans toutes les universit\u00e9s du pays, jusqu\u2019au r\u00e9tablissement de la justice en faveur de l\u2019\u00e9tudiant d\u00e9c\u00e9d\u00e9.&nbsp;<\/p>\n\n\n\n<p>Pour rappel, l\u2019\u00e9tudiant a trouv\u00e9 la mort le 31 mai 2019.Et pour la majorit\u00e9 des \u00e9tudiants et t\u00e9moins, les forces de l\u2019ordre seraient \u00e0 l\u2019origine de ce d\u00e9c\u00e8s.<\/p>\n\n\n\n<p>AGP<\/p>\n","protected":false},"excerpt":{"rendered":"<p>Une cinquantaine d\u2019\u00e9tudiants venus de diff\u00e9rentes universit\u00e9s publiques et priv\u00e9es de Conakry ont organis\u00e9 une marche pacifique mercredi 12 juin 2019, dans la commune de Dixinn pour r\u00e9clamer justice pour leur camarade d\u00e9c\u00e9d\u00e9 \u00e0 l\u2019universit\u00e9 Hafia, le 31mai dernier a Lab\u00e9. Ces \u00e9tudiants protestaient contre \u2018\u2019l\u2019assassinat \u2018de leur camarade Amadou Boukariou Bald\u00e9. Ils qualifient sa [&hellip;]<\/p>\n","protected":false},"author":2,"featured_media":9143,"comment_status":"open","ping_status":"open","sticky":false,"template":"","format":"standard","meta":{"footnotes":""},"categories":[211],"tags":[],"class_list":["post-9142","post","type-post","status-publish","format-standard","has-post-thumbnail","hentry","category-justice"],"_links":{"self":[{"href":"http:\/\/www.friaguinee.net\/index.php\/wp-json\/wp\/v2\/posts\/9142","targetHints":{"allow":["GET"]}}],"collection":[{"href":"http:\/\/www.friaguinee.net\/index.php\/wp-json\/wp\/v2\/posts"}],"about":[{"href":"http:\/\/www.friaguinee.net\/index.php\/wp-json\/wp\/v2\/types\/post"}],"author":[{"embeddable":true,"href":"http:\/\/www.friaguinee.net\/index.php\/wp-json\/wp\/v2\/users\/2"}],"replies":[{"embeddable":true,"href":"http:\/\/www.friaguinee.net\/index.php\/wp-json\/wp\/v2\/comments?post=9142"}],"version-history":[{"count":1,"href":"http:\/\/www.friaguinee.net\/index.php\/wp-json\/wp\/v2\/posts\/9142\/revisions"}],"predecessor-version":[{"id":9144,"href":"http:\/\/www.friaguinee.net\/index.php\/wp-json\/wp\/v2\/posts\/9142\/revisions\/9144"}],"wp:featuredmedia":[{"embeddable":true,"href":"http:\/\/www.friaguinee.net\/index.php\/wp-json\/wp\/v2\/media\/9143"}],"wp:attachment":[{"href":"http:\/\/www.friaguinee.net\/index.php\/wp-json\/wp\/v2\/media?parent=9142"}],"wp:term":[{"taxonomy":"category","embeddable":true,"href":"http:\/\/www.friaguinee.net\/index.php\/wp-json\/wp\/v2\/categories?post=9142"},{"taxonomy":"post_tag","embeddable":true,"href":"http:\/\/www.friaguinee.net\/index.php\/wp-json\/wp\/v2\/tags?post=9142"}],"curies":[{"name":"wp","href":"https:\/\/api.w.org\/{rel}","templated":true}]}}