{"id":9011,"date":"2019-06-07T16:48:14","date_gmt":"2019-06-07T16:48:14","guid":{"rendered":"http:\/\/www.friaguinee.net\/?p=9011"},"modified":"2019-06-07T16:48:15","modified_gmt":"2019-06-07T16:48:15","slug":"fria-lerudit-elhadj-doumbouya-offre-des-vivres-aux-forgerons-et-aux-cordonniers","status":"publish","type":"post","link":"http:\/\/www.friaguinee.net\/index.php\/2019\/06\/07\/fria-lerudit-elhadj-doumbouya-offre-des-vivres-aux-forgerons-et-aux-cordonniers\/","title":{"rendered":"Fria : l\u2019Erudit Elhadj Doumbouya offre des vivres aux forgerons et aux cordonniers"},"content":{"rendered":"\n<p>FRIA- Multipliant les gestes de charit\u00e9 et de compassion, l\u2019Erudit de la Basse-Guin\u00e9e, Elhadj Mouctar Amine Doumbouya, a proc\u00e9d\u00e9 ce vendredi, \u00e0 la remise d\u2019un don de vivres aux forgerons et aux cordonniers de la ville de Fria.<\/p>\n\n\n\n<p>Devenu une routine pour le Khalif, ce geste est pour lui, une\nmani\u00e8re de venir au secours des hommes de m\u00e9tier.<\/p>\n\n\n\n<figure class=\"wp-block-image is-resized\"><img loading=\"lazy\" decoding=\"async\" src=\"http:\/\/www.friaguinee.net\/wp-content\/uploads\/2019\/06\/elhadj.jpg\" alt=\"\" class=\"wp-image-9015\" width=\"618\" height=\"912\" srcset=\"http:\/\/www.friaguinee.net\/wp-content\/uploads\/2019\/06\/elhadj.jpg 630w, http:\/\/www.friaguinee.net\/wp-content\/uploads\/2019\/06\/elhadj-203x300.jpg 203w, http:\/\/www.friaguinee.net\/wp-content\/uploads\/2019\/06\/elhadj-285x420.jpg 285w\" sizes=\"auto, (max-width: 618px) 100vw, 618px\" \/><\/figure>\n\n\n\n<p>C\u2019est son domicile sis au quartier Tigu\u00e9 qui a servi de cadre\n\u00e0 cette remise du don compos\u00e9 de riz, de sucre, de savons et d\u2019eau min\u00e9rale.<\/p>\n\n\n\n<p>Selon le donateur, le choix des forgerons et des cordonniers n\u2019est pas fortuit. Il s\u2019agit pour lui, d\u2019un acte de reconnaissance envers cette couche souvent marginalis\u00e9e qui, pourtant est d\u2019une grande utilit\u00e9 publique.<\/p>\n\n\n\n<p>\u00a0\u00bb  <strong><em>Je suis l\u00e0 aujourd\u2019hui avec les forgerons et les coordonniers parce que franchement \u00a0c\u2019est une couche professionnelle oubli\u00e9e de la soci\u00e9t\u00e9 alors que le monde est n\u00e9 des forgerons et des coordonniers. Il n\u2019y a pas une vie dans ce monde sans les forgerons, ce sont eux qui fabriquent les marmites, les couteaux, les dabas, les motos, les voitures, les avions et bateaux. Voil\u00e0 pourquoi chaque ann\u00e9e j\u2019invite les forgerons \u00e0 partager avec moi le peu que je gagne en vivres. Les cordonniers sont quant \u00e0 eux subventionn\u00e9s par les forgerons parce que les aiguilles, couteaux, ciseaux, limes sont fabriqu\u00e9s par les forgerons. le premier v\u00eatement de la pr\u00e9histoire est le cuir la mati\u00e8re principale du cordonnier. Quiconque fait une offrande aux cordonniers et aux forgerons, ses v\u0153ux seront exhauss\u00e9s par Dieu le tout puissant, c\u2019est pourquoi chaque ann\u00e9e je fais un don de vivres aux forgerons et aux cordonniers et leur demande de prier le bon Dieu et demander \u00e0 Allah de nous prot\u00e9ger tous sur cette terre<\/em><\/strong> \u00a0\u00bb a d\u00e9clar\u00e9 le serviteur de Dieu.<\/p>\n\n\n\n<figure class=\"wp-block-image is-resized\"><img loading=\"lazy\" decoding=\"async\" src=\"http:\/\/www.friaguinee.net\/wp-content\/uploads\/2019\/06\/ej.jpg\" alt=\"\" class=\"wp-image-9013\" width=\"570\" height=\"1004\" srcset=\"http:\/\/www.friaguinee.net\/wp-content\/uploads\/2019\/06\/ej.jpg 504w, http:\/\/www.friaguinee.net\/wp-content\/uploads\/2019\/06\/ej-170x300.jpg 170w, http:\/\/www.friaguinee.net\/wp-content\/uploads\/2019\/06\/ej-238x420.jpg 238w\" sizes=\"auto, (max-width: 570px) 100vw, 570px\" \/><\/figure>\n\n\n\n<p>Bien accueilli et salu\u00e9 par les b\u00e9n\u00e9ficiaires, Elhadj Mamadou Samba Kant\u00e9 a, \u00e0 leur nom, remerci\u00e9 et reconnu les bienfaits de l&rsquo;Erudit Elhadj Mouctar Doumbouya \u00e0 l&rsquo;\u00e9gard de ces deux corporations. Pour lui, c&rsquo;est une mani\u00e8re de reconna\u00eetre leur valeur et les encourager \u00e0 redoubler d&rsquo;effort.<\/p>\n\n\n\n<p>\u00a0\u00bb  <strong><em>Aujourd&rsquo;hui c&rsquo;est une satisfaction, c&rsquo;est une joie pour moi et cela c&rsquo;est gr\u00e2ce \u00e0 El hadj Doumbouya. c&rsquo;est gr\u00e2ce \u00e0 lui, que nous les forgerons et cordonniers de Fria, serons connus par le monde entier, il nous a d\u00e9couvert et montrer aux yeux de tous que nous avons notre place dans la soci\u00e9t\u00e9 et il a mis en exergue nos valeurs nous les forgerons et cordonniers. Nous sommes ici chez l&rsquo;Erudit pour recevoir dans un premier temps des vivres et surtout le b\u00e9nir du geste fait \u00e0  notre \u00e9gard. Nous demandons au tout puissant Allah, d&rsquo;augmenter sa b\u00e9n\u00e9diction et de le prot\u00e9ger<\/em><\/strong> \u00a0\u00bb a souhait\u00e9 le porte-parole des b\u00e9n\u00e9ficiaires.<\/p>\n\n\n\n<figure class=\"wp-block-image is-resized\"><img loading=\"lazy\" decoding=\"async\" src=\"http:\/\/www.friaguinee.net\/wp-content\/uploads\/2019\/06\/ejk.jpg\" alt=\"\" class=\"wp-image-9014\" width=\"591\" height=\"387\" srcset=\"http:\/\/www.friaguinee.net\/wp-content\/uploads\/2019\/06\/ejk.jpg 680w, http:\/\/www.friaguinee.net\/wp-content\/uploads\/2019\/06\/ejk-300x197.jpg 300w, http:\/\/www.friaguinee.net\/wp-content\/uploads\/2019\/06\/ejk-640x420.jpg 640w\" sizes=\"auto, (max-width: 591px) 100vw, 591px\" \/><\/figure>\n\n\n\n<p>Pour l&rsquo;infatigable faiseur de bonnes \u0153uvres dans la cit\u00e9 de l&rsquo;alumine et dans d&rsquo;autres pr\u00e9fectures du pays, il existe des couches qui m\u00e9ritent une attention particuli\u00e8re de tous. Ce sont notamment les hommes de m\u00e9dias qui sont selon lui, des \u00e9claireurs de l&rsquo;opinion, les cordonniers et les forgerons sans lesquels, la vie serait difficile.<\/p>\n\n\n\n<p>C&rsquo;est par le partage des vivres suivi de pri\u00e8res et b\u00e9n\u00e9dictions, venant de part et d&rsquo;autres, que cette c\u00e9r\u00e9monie de remise a pris fin.<\/p>\n\n\n\n<p><strong>Dj\u00e9nabou Batco Diallo pour friaguinee.net<\/strong><\/p>\n","protected":false},"excerpt":{"rendered":"<p>FRIA- Multipliant les gestes de charit\u00e9 et de compassion, l\u2019Erudit de la Basse-Guin\u00e9e, Elhadj Mouctar Amine Doumbouya, a proc\u00e9d\u00e9 ce vendredi, \u00e0 la remise d\u2019un don de vivres aux forgerons et aux cordonniers de la ville de Fria. Devenu une routine pour le Khalif, ce geste est pour lui, une mani\u00e8re de venir au secours [&hellip;]<\/p>\n","protected":false},"author":2,"featured_media":9012,"comment_status":"open","ping_status":"open","sticky":false,"template":"","format":"standard","meta":{"footnotes":""},"categories":[9],"tags":[146,911,910,912,49,347,869],"class_list":["post-9011","post","type-post","status-publish","format-standard","has-post-thumbnail","hentry","category-publireportage","tag-don","tag-doumbouya","tag-elhadj","tag-erudit","tag-fria","tag-remise","tag-vivres"],"_links":{"self":[{"href":"http:\/\/www.friaguinee.net\/index.php\/wp-json\/wp\/v2\/posts\/9011","targetHints":{"allow":["GET"]}}],"collection":[{"href":"http:\/\/www.friaguinee.net\/index.php\/wp-json\/wp\/v2\/posts"}],"about":[{"href":"http:\/\/www.friaguinee.net\/index.php\/wp-json\/wp\/v2\/types\/post"}],"author":[{"embeddable":true,"href":"http:\/\/www.friaguinee.net\/index.php\/wp-json\/wp\/v2\/users\/2"}],"replies":[{"embeddable":true,"href":"http:\/\/www.friaguinee.net\/index.php\/wp-json\/wp\/v2\/comments?post=9011"}],"version-history":[{"count":1,"href":"http:\/\/www.friaguinee.net\/index.php\/wp-json\/wp\/v2\/posts\/9011\/revisions"}],"predecessor-version":[{"id":9016,"href":"http:\/\/www.friaguinee.net\/index.php\/wp-json\/wp\/v2\/posts\/9011\/revisions\/9016"}],"wp:featuredmedia":[{"embeddable":true,"href":"http:\/\/www.friaguinee.net\/index.php\/wp-json\/wp\/v2\/media\/9012"}],"wp:attachment":[{"href":"http:\/\/www.friaguinee.net\/index.php\/wp-json\/wp\/v2\/media?parent=9011"}],"wp:term":[{"taxonomy":"category","embeddable":true,"href":"http:\/\/www.friaguinee.net\/index.php\/wp-json\/wp\/v2\/categories?post=9011"},{"taxonomy":"post_tag","embeddable":true,"href":"http:\/\/www.friaguinee.net\/index.php\/wp-json\/wp\/v2\/tags?post=9011"}],"curies":[{"name":"wp","href":"https:\/\/api.w.org\/{rel}","templated":true}]}}