{"id":8919,"date":"2019-06-04T17:48:51","date_gmt":"2019-06-04T17:48:51","guid":{"rendered":"http:\/\/www.friaguinee.net\/?p=8919"},"modified":"2019-06-04T17:48:57","modified_gmt":"2019-06-04T17:48:57","slug":"fria-la-prefete-hadja-gnalen-conde-sort-enfin-de-son-silence-et-devoile-les-noms-de-ses-detracteurs","status":"publish","type":"post","link":"http:\/\/www.friaguinee.net\/index.php\/2019\/06\/04\/fria-la-prefete-hadja-gnalen-conde-sort-enfin-de-son-silence-et-devoile-les-noms-de-ses-detracteurs\/","title":{"rendered":"Fria : la pr\u00e9f\u00e8te Hadja Gnalen Cond\u00e9 sort enfin de son silence et d\u00e9voile les noms de ses d\u00e9tracteurs"},"content":{"rendered":"\n<p>FRIA- A l\u2019occasion de la c\u00e9l\u00e9bration de l\u2019Aid El Fitr, les musulmans de la cit\u00e9 de l\u2019alumine ont ralli\u00e9 les diff\u00e9rents sites choisis pour la pri\u00e8re.<\/p>\n\n\n\n<p> Comme d\u2019habitude, c\u2019est au stade Konko Sylla que les autorit\u00e9s pr\u00e9fectorales et communes ont accompli leur devoir religieux.<\/p>\n\n\n\n<p>En d\u00e9pit des menaces&nbsp; qui ont \u00e9t\u00e9\nv\u00e9hicul\u00e9es la veille \u00e0 son encontre, le pr\u00e9fet Hadja Gnalen Cond\u00e9 a bel et bien\neffectu\u00e9 sa pri\u00e8re au stade Konko Sylla sous haute s\u00e9curit\u00e9.<\/p>\n\n\n\n<p>En marge de cette f\u00eate, elle a re\u00e7u\ntoutes les autorit\u00e9s de la ville \u00e0 sa r\u00e9sidence. Ce fut l\u2019occasion pour elle de\nrevenir de long en large sur les \u00e9v\u00e9nements qui se sont d\u00e9roul\u00e9s dans la cit\u00e9\npendant le mois saint de Ramadan. <\/p>\n\n\n\n<p>Voici le d\u00e9cryptage de son discours tenu en langue nationale sousou:<\/p>\n\n\n\n<p>\u00ab&nbsp;&nbsp;<em>Sous l\u2019autorit\u00e9 des sages, je n\u2019ai qu\u2019un seul message \u00e0 v\u00e9hiculer \u00e0 l\u2019endroit\ndes sages, des jeunes, des femmes de Fria ainsi que ceux de Baguinet, Banguigny\net Torm\u00e8lin. <\/em><\/p>\n\n\n\n<p><em>Dieu merci nous avons accompli la pri\u00e8re, nous sommes avec les sages\nauxquels nous demandons des b\u00e9n\u00e9dictions et souhaitons que toutes les pri\u00e8res soient\nexhauss\u00e9es. <\/em><\/p>\n\n\n\n<p><em>Aujourd\u2019hui c\u2019est un &nbsp;jour de r\u00e9jouissance\npour nous, nous souhaitons en faire autant pendant de longues ann\u00e9es. <\/em><\/p>\n\n\n\n<p><em>Dans la vie, si l\u2019\u00eatre humain ne dit pas la v\u00e9rit\u00e9, il va mentir&nbsp;; si\non n\u2019est pas en vie, on est \u00e0 l\u2019au-del\u00e0. Nous savons tous comment nous avons pri\u00e9\naujourd\u2019hui, nous avons pri\u00e9 dans le doute. Mais comme c\u2019est Dieu qui peut tout,\ngr\u00e2ce aux b\u00e9n\u00e9dictions et sacrifices des sages, nous sommes sous la protection\ndivine.<\/em><\/p>\n\n\n\n<p><em>Ce qui se passe actuellement n\u2019est pas normal. La commune urbaine de Fria\nest \u00e9gale aux communes rurales de Baguinet, de Banguigny et de Torm\u00e8lin&nbsp;; mais\nce qui s\u2019est pass\u00e9 dans la commune urbaine de Fria au cours du mois de Ramadan,\nque Dieu nous en garde, que Dieu ne nous montre plus \u00e7a. Nous avons je\u00fbn\u00e9 pour\nque Dieu nous pardonne, mais les sages ont parl\u00e9, les femmes et les jeunes ont\nparl\u00e9, jusqu\u2019\u00e0 pr\u00e9sent, la situation est tendue. <\/em><\/p>\n\n\n\n<p><em>Depuis que cela a commenc\u00e9, jusqu\u2019\u00e0 pr\u00e9sent je n\u2019ai pas dit un mot parce que\nsi mes chefs et les sages parlent, moi je n\u2019ai rien \u00e0 dire. Depuis que je suis\nl\u00e0, j\u2019ai dit aux sages, que je ne ferai que ce qu\u2019ils me diront de faire.<\/em><\/p>\n\n\n\n<p><em>&nbsp;Ce qui peut d\u00e9velopper une localit\u00e9,\nc\u2019est la paix, la qui\u00e9tude, le pardon. Moi qui suis assise devant vous, si celui\nqui m\u2019a envoy\u00e9 en mission ici, le Pr\u00e9sident de la R\u00e9publique, Chef de l\u2019Etat,\nProfesseur Alpha Cond\u00e9, ne veut pas la guerre, moi aussi je ne la veux pas. Si\ntu mets ton pied sur ma plaie, je vais retirer mon pied, si tu me provoques, je\nte tourne le dos parce que moi je ne vois pas une femme ici \u00e0 Fria avec qui je\ndois me battre. <\/em><\/p>\n\n\n\n<p><em>Au nom de Dieu et gr\u00e2ce aux b\u00e9n\u00e9dictions des sages, je n\u2019ai personne \u00e0\ncombattre \u00e0 Fria. Si Dieu te met au-devant des gens, tu n\u2019as pas \u00e0 chercher une\npersonne \u00e0 combattre parmi ces gens, si tu le fais, c\u2019est que tu ne connais pas\nta mission&nbsp;; et moi je ne me comporterai ainsi \u00e0 cause de personne. Les sages\nont parl\u00e9, chacun a fait ce qu\u2019il peut&nbsp;! Mais je vous en prie, \u00e0 cause de\nDieu et son proph\u00e8te, sachez que celui qui a fait briller le soleil, fera\ntomber la nuit. Pour celui \u00e0 cause de qui nous avons observ\u00e9 le jeun, celui \u00e0\ncause de qui nous prions, dites \u00e0 ce groupe de femmes de cesser \u00e0 cause de\nDieu, de son proph\u00e8te, de vous les sages et de la population de Fria. <\/em><\/p>\n\n\n\n<p><em>Cela fait cinq ans que je suis \u00e0 Fria, j\u2019ai pris service le 20 Ao\u00fbt 2014,\ndans deux mois, j\u2019aurai cinq ans \u00e0 Fria. Dites \u00e0 ces femmes de cesser, de ne\npas commencer ce qu\u2019on n\u2019a pas eu l\u2019habitude de faire. Voici mon mari, s\u2019il me\ndit de m\u2019arr\u00eater l\u00e0, j\u2019ex\u00e9cute m\u00eame si je suis plus titr\u00e9e que lui, je le\nrespecte. Donc ceux qui ont des \u00e9pouses, des s\u0153urs dans ce groupe, dites leur d\u2019arr\u00eater.<\/em><\/p>\n\n\n\n<p><em>Pour raccourcir, hier soir le Kountigui nous a appel\u00e9, le Secr\u00e9taire\nG\u00e9n\u00e9ral charg\u00e9 des collectivit\u00e9s et moi sommes partis. Il m\u2019a dit Madame, en ce\nmoment ce que nous devons faire, c\u2019est de faire en sorte que la paix r\u00e8gne \u00e0\nFria parce que moi le Kountigui et les autres avons \u00e9chang\u00e9 et sommes convenus\nque la guerre est finie. Le secr\u00e9taire g\u00e9n\u00e9ral a signifi\u00e9 au Kountigui que c\u2019est\ncela le r\u00f4le d\u2019un Kountigui. Quand ils m\u2019ont donn\u00e9 la parole, j\u2019ai fait\ncomprendre au Kountigui que je n\u2019ai ni de groupe ni d\u2019\u00e9quipe \u00e0 Fria&nbsp;; ce\nque j\u2019ai \u00e0 Fria, c\u2019est la population de la commune urbaine, de Baguinet, de\nBanguigny et de Torm\u00e8lin&nbsp;; ce sont des guin\u00e9ens que j\u2019ai \u00e0 Fria. Moi je ne\nsuis pas l\u00e0 pour semer ou faire une p\u00e9pini\u00e8re de guerre, je suis l\u00e0 pour\ntravailler. Mais ces femmes l\u00e0 ont fait un \u00e9crit qu\u2019elles ont remis au\nKountigui qui m\u2019a transmis la lettre que voici&nbsp;; je voudrais encore vous\ndemander de leur dire de cesser parce que je n\u2019ai vers\u00e9 l\u2019huile de personne d\u2019entre\nelle, je n\u2019ai revendu le terrain du p\u00e8re de personne, leur travail et le mien\nne sont pas les m\u00eames. C\u2019est le gouvernement qui m\u2019a envoy\u00e9 ici, je travaille\npour la population.<\/em><\/p>\n\n\n\n<p><em>Ces derniers temps, nous avons fait en sorte que Rusal a pu offrir trois\nforages \u00e0 Tound\u00e9dokhod\u00e9, \u00e0 Kimbo et \u00e0 Dot\u00e8. En ce moment m\u00eame, le maire sait\nque nous sommes derri\u00e8re Rusal pour qu\u2019elle fasse certaines routes. <\/em><\/p>\n\n\n\n<p><em>Le don de vivres que Rusal vient de faire, c\u2019est nous qui avons \u00e9crit et\nsuivi jusqu\u2019\u00e0 la r\u00e9alisation. Voil\u00e0 ce que nous faisons pour Fria, elles n\u2019ont\nqu\u2019\u00e0 nous laisser faire notre travail. Qu\u2019elles soient commer\u00e7antes,\nagricultrices, m\u00e9nag\u00e8res ou autres, qu\u2019elles s\u2019occupent de leur travail en me\nlaissant tranquille.<\/em><\/p>\n\n\n\n<p><em>&nbsp;Voici la lettre que sept femmes ont\nsign\u00e9, ce sont <strong>M\u2019Mah Tour\u00e9, Fatoumata\nFofana, Mabinty Camara, Semba Soumah, Bassengu\u00e9, Didi Oumou et Kad\u00e9 Soumah<\/strong>\nqui ont dit qu\u2019aujourd\u2019hui je n\u2019allais pas prier au terrain. Mais puisque j\u2019ai je\u00fbn\u00e9,\nje prie et j\u2019ai fait le p\u00e8lerinage, je demande \u00e0 ces femmes de me laisser\ntranquille, ce n\u2019est pas \u00e7a mon travail. <\/em><\/p>\n\n\n\n<p><em>Je ne connaissais pas \u00e7a \u00e0 Fria&nbsp;; mais je remercie les femmes de Fria\nparce que ce ne sont pas ces 7 femmes qui sont \u00e0 Fria, je remercie la jeunesse\nde Fria parce qu\u2019elle ne s\u2019est pas m\u00eal\u00e9e de ce probl\u00e8me. La jeunesse est\npr\u00e9occup\u00e9e par l\u2019emploi, certains ont commenc\u00e9 \u00e0 travailler \u00e0 l\u2019usine, d\u2019autres\ncherchent \u00e0 y \u00eatre, c\u2019est \u00e7a notre objectif. Toute la population de Fria est\npr\u00e9occup\u00e9e pour l\u2019emploi de sa jeunesse mais cela ne peut pas \u00eatre possible\ndans la pagaille. Nous sommes en train de nous battre, la commune et nous pour\nque tous ceux qui sont dans les carri\u00e8res aient des assistances parce que le\npr\u00e9sident nous a dit que les populations des zones mini\u00e8res doivent profiter de\nleurs mines. Donc c\u2019est ce que nous devons suivre, respecter les sages et non\nse pr\u00e9occuper d\u2019un probl\u00e8me de sept femmes. Mais toutes ces personnes qui sont\ndevant, au milieu ou derri\u00e8re cette affaire, je ne leur pardonnerai jamais\njusqu\u2019\u00e0 devant Dieu, je mets Dieu et la Fatiha entre nous, entre moi et tous\nceux qui veulent saboter mon travail. <\/em><\/p>\n\n\n\n<p><em>Merci aussi aux sages de Sombory, mais sachez que nous sommes \u00e0 Sombory, n\u2019acceptez\npas que Sombory br\u00fble, n\u2019acceptez pas qu\u2019il y ait la guerre entre les femmes, n\u2019acceptez\npas de faire souffrir celui qui ne doit pas souffrir, n\u2019acceptez pas de battre\ncelui qui ne doit pas \u00eatre battu, c\u2019est un p\u00e9ch\u00e9.<\/em><\/p>\n\n\n\n<p><em>Le Ramadan est fini, je prie Dieu que nous continuons \u00e0 bien vivre, que\nDieu nous donne longue vie. Si j\u2019ai dit quelque chose qui n\u2019est pas bon, je\nvous pr\u00e9sente mes excuses en tant que femme.<\/em><\/p>\n\n\n\n<p><em>Je vous remercie<strong>&nbsp;\u00bb<\/strong><\/em><\/p>\n\n\n\n<p><strong>Dj\u00e9nabou<\/strong> <strong>Batco<\/strong> <strong>Diallo<\/strong> <strong>pour<\/strong> <strong>friaguinee<\/strong>.<strong>net<\/strong><\/p>\n","protected":false},"excerpt":{"rendered":"<p>FRIA- A l\u2019occasion de la c\u00e9l\u00e9bration de l\u2019Aid El Fitr, les musulmans de la cit\u00e9 de l\u2019alumine ont ralli\u00e9 les diff\u00e9rents sites choisis pour la pri\u00e8re. Comme d\u2019habitude, c\u2019est au stade Konko Sylla que les autorit\u00e9s pr\u00e9fectorales et communes ont accompli leur devoir religieux. En d\u00e9pit des menaces&nbsp; qui ont \u00e9t\u00e9 v\u00e9hicul\u00e9es la veille \u00e0 [&hellip;]<\/p>\n","protected":false},"author":2,"featured_media":8920,"comment_status":"open","ping_status":"open","sticky":false,"template":"","format":"standard","meta":{"footnotes":""},"categories":[2],"tags":[900,127,902,899,84,901],"class_list":["post-8919","post","type-post","status-publish","format-standard","has-post-thumbnail","hentry","category-actualites","tag-bride","tag-conde","tag-detracteurs","tag-gnalen","tag-prefet","tag-silence"],"_links":{"self":[{"href":"http:\/\/www.friaguinee.net\/index.php\/wp-json\/wp\/v2\/posts\/8919","targetHints":{"allow":["GET"]}}],"collection":[{"href":"http:\/\/www.friaguinee.net\/index.php\/wp-json\/wp\/v2\/posts"}],"about":[{"href":"http:\/\/www.friaguinee.net\/index.php\/wp-json\/wp\/v2\/types\/post"}],"author":[{"embeddable":true,"href":"http:\/\/www.friaguinee.net\/index.php\/wp-json\/wp\/v2\/users\/2"}],"replies":[{"embeddable":true,"href":"http:\/\/www.friaguinee.net\/index.php\/wp-json\/wp\/v2\/comments?post=8919"}],"version-history":[{"count":2,"href":"http:\/\/www.friaguinee.net\/index.php\/wp-json\/wp\/v2\/posts\/8919\/revisions"}],"predecessor-version":[{"id":8922,"href":"http:\/\/www.friaguinee.net\/index.php\/wp-json\/wp\/v2\/posts\/8919\/revisions\/8922"}],"wp:featuredmedia":[{"embeddable":true,"href":"http:\/\/www.friaguinee.net\/index.php\/wp-json\/wp\/v2\/media\/8920"}],"wp:attachment":[{"href":"http:\/\/www.friaguinee.net\/index.php\/wp-json\/wp\/v2\/media?parent=8919"}],"wp:term":[{"taxonomy":"category","embeddable":true,"href":"http:\/\/www.friaguinee.net\/index.php\/wp-json\/wp\/v2\/categories?post=8919"},{"taxonomy":"post_tag","embeddable":true,"href":"http:\/\/www.friaguinee.net\/index.php\/wp-json\/wp\/v2\/tags?post=8919"}],"curies":[{"name":"wp","href":"https:\/\/api.w.org\/{rel}","templated":true}]}}