{"id":8857,"date":"2019-06-02T10:17:03","date_gmt":"2019-06-02T10:17:03","guid":{"rendered":"http:\/\/www.friaguinee.net\/?p=8857"},"modified":"2019-06-02T10:20:45","modified_gmt":"2019-06-02T10:20:45","slug":"psg-neymar-accuse-de-viol-publie-ses-echanges-avec-la-plaignante-et-parle-de-piege","status":"publish","type":"post","link":"http:\/\/www.friaguinee.net\/index.php\/2019\/06\/02\/psg-neymar-accuse-de-viol-publie-ses-echanges-avec-la-plaignante-et-parle-de-piege\/","title":{"rendered":"PSG: Neymar accus\u00e9 de viol, publie ses \u00e9changes avec la plaignante et parle de pi\u00e8ge"},"content":{"rendered":"\n<h4 class=\"wp-block-heading\">Une jeune femme accuse Neymar de viol et a d\u00e9pos\u00e9 plainte \u00e0 Sao Paulo. La star br\u00e9silienne nie ces accusations et livre sa version des faits sur Instagram.<\/h4>\n\n\n\n<p>Neymar contre-attaque.&nbsp;<a href=\"http:\/\/www.leparisien.fr\/sports\/psg-neymar-accuse-de-viol-01-06-2019-8084358.php\" target=\"_blank\" rel=\"noreferrer noopener\">Accus\u00e9 de viol par une jeune femme<\/a>&nbsp;pour des faits qui se seraient d\u00e9roul\u00e9s le 15 mai dernier \u00e0 l\u2019h\u00f4tel Sofitel, pr\u00e8s de l\u2019Arc de Triomphe, \u00e0 Paris (VIIIe),&nbsp;<a href=\"http:\/\/www.leparisien.fr\/sports\/football\/copa-america-sanctionne-neymar-perd-le-brassard-de-capitaine-du-bresil-au-profit-de-dani-alves-28-05-2019-8081310.php\" target=\"_blank\" rel=\"noreferrer noopener\">l\u2019attaquant vedette du PSG et de la s\u00e9lection br\u00e9silienne<\/a>&nbsp;se d\u00e9fend et livre sa version via une vid\u00e9o post\u00e9e dans la nuit de samedi \u00e0 ce dimanche sur Instagram.<\/p>\n\n\n\n<p>Dans cette vid\u00e9o d\u2019une dur\u00e9e de sept minutes face cam\u00e9ra, Neymar, tr\u00e8s marqu\u00e9, donne calmement mais de mani\u00e8re solennelle sa r\u00e9ponse face \u00e0 ces accusations. Il \u00e9voque sans d\u00e9tours une tentative d\u2019extorsion.<\/p>\n\n\n\n<p>\u00ab Bon allons-y. Je suis accus\u00e9 de viol. Ce sont des paroles tr\u00e8s lourdes, tr\u00e8s fortes. Pour moi, ce fut une surprise totale. Je suis tr\u00e8s triste d\u2019\u00e9couter ces accusations et ceux qui me connaissent, qui connaissent mon caract\u00e8re savent que je ne ferais jamais une chose pareille \u00bb.<\/p>\n\n\n\n<p>Neymar reprend son souffle et poursuit : \u00ab Mais je suis l\u00e0 pour me d\u00e9fendre. Tout ce qui se dit sur moi, sur mon nom, repr\u00e9sente beaucoup de choses et fait beaucoup de bruit et c\u2019est donc important de faire cette d\u00e9claration. Ce qui s\u2019est pass\u00e9 \u00e9tait totalement l\u2019inverse de ce qui est dit. Je suis tr\u00e8s en col\u00e8re. \u00bb<\/p>\n\n\n\n<h2 class=\"wp-block-heading\">\u00ab C\u2019est une relation intime \u00bb<\/h2>\n\n\n\n<p>La star br\u00e9silienne affirme ensuite qu\u2019il va \u00ab tout dire de ce qui s\u2019est pass\u00e9 avec cette jeune femme \u00bb. \u00ab C\u2019est une relation intime entre un homme et une femme mais c\u2019est n\u00e9cessaire pour prouver qu\u2019il n\u2019est rien arriv\u00e9, qu\u2019il ne s\u2019est rien pass\u00e9. \u00bb<\/p>\n\n\n\n<p>Neymar continue de marteler qu\u2019il est tr\u00e8s triste pour lui et sa famille et parle d\u2019un \u00ab pi\u00e8ge \u00bb : \u00ab On attaque non seulement mon image mais qui je suis\u2026 C\u2019est vraiment tr\u00e8s mal de me mettre dans une telle situation. Ces personnes veulent profiter, extorquer [\u2026] J\u2019esp\u00e8re que la justice examinera les messages et verra ce qui s\u2019est r\u00e9ellement pass\u00e9 [\u2026] C\u2019\u00e9tait un pi\u00e8ge et je suis tomb\u00e9 dedans. \u00c7a me servira de le\u00e7on \u00e0 partir de maintenant. \u00bb<\/p>\n\n\n\n<h2 class=\"wp-block-heading\">Des photos d\u00e9nud\u00e9es de la jeune femme<\/h2>\n\n\n\n<p>Neymar d\u00e9voile ensuite de nombreux \u00e9changes qu\u2019il a eus avec une jeune femme qu\u2019il dit \u00eatre la plaignante. Ces messages montrent la mani\u00e8re dont il lui fait des compliments puis pousse en avant la relation vers une proposition plus intime. Neymar n\u2019h\u00e9site pas, pour accentuer son propos, \u00e0 diffuser des photos et vid\u00e9os tr\u00e8s suggestives de la jeune femme, parfois d\u00e9nud\u00e9e.<\/p>\n\n\n\n<p>Dans un communiqu\u00e9, la soci\u00e9t\u00e9 d\u2019image de Neymar, d\u00e9clare que le joueur \u00e9tait aux courant des intentions de la jeune femme : \u00abIl a \u00e9t\u00e9 victime, il y a quelques jours, d&rsquo;une tentative d&rsquo;extorsion pratiqu\u00e9e par un avocat de la ville de Sao Paulo qui, selon sa version, repr\u00e9sentait les int\u00e9r\u00eats de la victime pr\u00e9sum\u00e9e. Les avocats de l\u2019athl\u00e8te ont \u00e9t\u00e9 imm\u00e9diatement inform\u00e9s et ont pris toutes les mesures appropri\u00e9es depuis le premier jour\u00bb.<\/p>\n\n\n\n<p>Dans cette affaire la victime pr\u00e9sum\u00e9e aurait s\u00e9journ\u00e9 trois jours \u00e0 Paris, du 15 au 17 mai, mais aurait attendu vendredi dernier pour porter plainte, une fois de retour au Br\u00e9sil, parce qu\u2019elle se sentait \u00ab \u00e9motionnellement secou\u00e9e \u00bb. Elle serait entr\u00e9e en contact avec le joueur \u00e0 travers le r\u00e9seau social Instagram, et ses billets d\u2019avion et son h\u00f4tel auraient \u00e9t\u00e9 pay\u00e9s par un assistant du joueur, selon sa version.<\/p>\n\n\n\n<p>\u00ab Le soir, il est arriv\u00e9 \u00e0 l\u2019h\u00f4tel, visiblement en \u00e9tat d\u2019\u00e9bri\u00e9t\u00e9. Ils ont commenc\u00e9 \u00e0 discuter et \u00e0 \u00e9changer des caresses \u00bb, d\u00e9crit la plainte publi\u00e9e par&nbsp;<a href=\"https:\/\/esporte.uol.com.br\/futebol\/ultimas-noticias\/2019\/06\/01\/neymar-e-acusado-de-estupro-em-paris-mulher-registrou-bo-em-sp.htm\" target=\"_blank\" rel=\"noreferrer noopener\">le journal br\u00e9silien Uol<\/a>. \u00ab \u00c0 partir d\u2019un moment, il est devenu agressif et a fait usage de violence pour avoir une relation sexuelle avec la victime sans son consentement \u00bb, est-il pr\u00e9cis\u00e9 dans le texte.<\/p>\n\n\n\n<figure class=\"wp-block-image\"><img loading=\"lazy\" decoding=\"async\" width=\"987\" height=\"1024\" src=\"http:\/\/www.friaguinee.net\/wp-content\/uploads\/2019\/06\/ney-987x1024.jpg\" alt=\"\" class=\"wp-image-8858\" srcset=\"http:\/\/www.friaguinee.net\/wp-content\/uploads\/2019\/06\/ney-987x1024.jpg 987w, http:\/\/www.friaguinee.net\/wp-content\/uploads\/2019\/06\/ney-289x300.jpg 289w, http:\/\/www.friaguinee.net\/wp-content\/uploads\/2019\/06\/ney-768x797.jpg 768w, http:\/\/www.friaguinee.net\/wp-content\/uploads\/2019\/06\/ney-696x722.jpg 696w, http:\/\/www.friaguinee.net\/wp-content\/uploads\/2019\/06\/ney-1068x1108.jpg 1068w, http:\/\/www.friaguinee.net\/wp-content\/uploads\/2019\/06\/ney-405x420.jpg 405w, http:\/\/www.friaguinee.net\/wp-content\/uploads\/2019\/06\/ney.jpg 1234w\" sizes=\"auto, (max-width: 987px) 100vw, 987px\" \/><\/figure>\n\n\n\n<h2 class=\"wp-block-heading\">Le p\u00e8re de Neymar \u00e9voque lui aussi \u00ab un pi\u00e8ge \u00bb<\/h2>\n\n\n\n<p>Le p\u00e8re de Neymar, qui s\u2019occupe de pr\u00e8s de tout ce qui a trait \u00e0 la carri\u00e8re de son fils, a ni\u00e9 toute accusation lors d\u2019un entretien \u00e0 la cha\u00eene br\u00e9silienne Bandeirantes.<\/p>\n\n\n\n<p>\u00ab Ce n\u2019est pas vrai, il n\u2019a jamais commis le moindre d\u00e9lit. En r\u00e9alit\u00e9, il est victime de chantage \u00bb, a-t-il d\u00e9clar\u00e9, \u00e9voquant des tentatives \u00ab d\u2019extorsion \u00bb. Neymar senior a soulign\u00e9 que son fils avait \u00ab conserv\u00e9 tous les messages \u00e9chang\u00e9s \u00bb avec la plaignante et qu\u2019il allait \u00ab exposer la v\u00e9rit\u00e9 [\u2026] pour prouver qu\u2019il s\u2019agit d\u2019un pi\u00e8ge \u00bb. \u00ab Nous avons toutes les preuves et nous les avons d\u00e9j\u00e0 remises \u00e0 nos avocats \u00bb, a-t-il conclu.<\/p>\n\n\n\n<p>Source: leparisien<\/p>\n","protected":false},"excerpt":{"rendered":"<p>Une jeune femme accuse Neymar de viol et a d\u00e9pos\u00e9 plainte \u00e0 Sao Paulo. La star br\u00e9silienne nie ces accusations et livre sa version des faits sur Instagram. Neymar contre-attaque.&nbsp;Accus\u00e9 de viol par une jeune femme&nbsp;pour des faits qui se seraient d\u00e9roul\u00e9s le 15 mai dernier \u00e0 l\u2019h\u00f4tel Sofitel, pr\u00e8s de l\u2019Arc de Triomphe, \u00e0 [&hellip;]<\/p>\n","protected":false},"author":2,"featured_media":8860,"comment_status":"open","ping_status":"open","sticky":false,"template":"","format":"standard","meta":{"footnotes":""},"categories":[41],"tags":[],"class_list":["post-8857","post","type-post","status-publish","format-standard","has-post-thumbnail","hentry","category-sport"],"_links":{"self":[{"href":"http:\/\/www.friaguinee.net\/index.php\/wp-json\/wp\/v2\/posts\/8857","targetHints":{"allow":["GET"]}}],"collection":[{"href":"http:\/\/www.friaguinee.net\/index.php\/wp-json\/wp\/v2\/posts"}],"about":[{"href":"http:\/\/www.friaguinee.net\/index.php\/wp-json\/wp\/v2\/types\/post"}],"author":[{"embeddable":true,"href":"http:\/\/www.friaguinee.net\/index.php\/wp-json\/wp\/v2\/users\/2"}],"replies":[{"embeddable":true,"href":"http:\/\/www.friaguinee.net\/index.php\/wp-json\/wp\/v2\/comments?post=8857"}],"version-history":[{"count":2,"href":"http:\/\/www.friaguinee.net\/index.php\/wp-json\/wp\/v2\/posts\/8857\/revisions"}],"predecessor-version":[{"id":8862,"href":"http:\/\/www.friaguinee.net\/index.php\/wp-json\/wp\/v2\/posts\/8857\/revisions\/8862"}],"wp:featuredmedia":[{"embeddable":true,"href":"http:\/\/www.friaguinee.net\/index.php\/wp-json\/wp\/v2\/media\/8860"}],"wp:attachment":[{"href":"http:\/\/www.friaguinee.net\/index.php\/wp-json\/wp\/v2\/media?parent=8857"}],"wp:term":[{"taxonomy":"category","embeddable":true,"href":"http:\/\/www.friaguinee.net\/index.php\/wp-json\/wp\/v2\/categories?post=8857"},{"taxonomy":"post_tag","embeddable":true,"href":"http:\/\/www.friaguinee.net\/index.php\/wp-json\/wp\/v2\/tags?post=8857"}],"curies":[{"name":"wp","href":"https:\/\/api.w.org\/{rel}","templated":true}]}}