{"id":8848,"date":"2019-06-01T22:38:22","date_gmt":"2019-06-01T22:38:22","guid":{"rendered":"http:\/\/www.friaguinee.net\/?p=8848"},"modified":"2019-06-01T22:38:23","modified_gmt":"2019-06-01T22:38:23","slug":"labe-incidents-a-luniversite-le-ministre-yero-balde-promet-louverture-dune-enquete","status":"publish","type":"post","link":"http:\/\/www.friaguinee.net\/index.php\/2019\/06\/01\/labe-incidents-a-luniversite-le-ministre-yero-balde-promet-louverture-dune-enquete\/","title":{"rendered":"Lab\u00e9\/Incidents \u00e0 l&rsquo;Universit\u00e9 : le ministre Y\u00e9ro Bald\u00e9 promet l&rsquo;ouverture d&rsquo;une enqu\u00eate"},"content":{"rendered":"\n<p><br> Suite aux malheureux \u00e9v\u00e9nements survenus \u00e0 l&rsquo;Universit\u00e9 de Lab\u00e9 et qui ont co\u00fbt\u00e9 la vie \u00e0 un \u00e9tudiant, le ministre de l&rsquo;enseignement sup\u00e9rieur et de  la recherche scientifique dit regretter ces \u00e9v\u00e9nements et annonce qu&rsquo;une enqu\u00eate sera ouverte.<\/p>\n\n\n\n<p>\u00ab\u00a0C&rsquo;est avec regret que nous avons appris les \u00e9v\u00e9nements douloureux survenus \u00e0 l&rsquo;universit\u00e9 de LABE ce vendredi 31 mai 2019. Nous d\u00e9plorons cette situation et appelons les uns et les autres au calme.<\/p>\n\n\n\n<p>Ces \u00e9v\u00e9nements ont malheureusement caus\u00e9 la mort de l&rsquo;\u00e9tudiant Amadou Boukhariou BALDE. A cette douloureuse occasion, nous pr\u00e9sentons nos condol\u00e9ances \u00e0 sa famille biologique, ses coll\u00e8gues et \u00e0 l&rsquo;ensemble du personnel de l&rsquo;universit\u00e9. <\/p>\n\n\n\n<p>Une enqu\u00eate sera ouverte pour apporter toute la lumi\u00e8re sur ce malheureux incident. Que l&rsquo;\u00e2me de Amadou Boukhariou Bald\u00e9 repose en paix. Amina\u00a0\u00bb a-t-il \u00e9crit sur la page facebook du minist\u00e8re.<\/p>\n","protected":false},"excerpt":{"rendered":"<p>Suite aux malheureux \u00e9v\u00e9nements survenus \u00e0 l&rsquo;Universit\u00e9 de Lab\u00e9 et qui ont co\u00fbt\u00e9 la vie \u00e0 un \u00e9tudiant, le ministre de l&rsquo;enseignement sup\u00e9rieur et de la recherche scientifique dit regretter ces \u00e9v\u00e9nements et annonce qu&rsquo;une enqu\u00eate sera ouverte. \u00ab\u00a0C&rsquo;est avec regret que nous avons appris les \u00e9v\u00e9nements douloureux survenus \u00e0 l&rsquo;universit\u00e9 de LABE ce vendredi [&hellip;]<\/p>\n","protected":false},"author":2,"featured_media":8816,"comment_status":"open","ping_status":"open","sticky":false,"template":"","format":"standard","meta":{"footnotes":""},"categories":[5],"tags":[],"class_list":["post-8848","post","type-post","status-publish","format-standard","has-post-thumbnail","hentry","category-education"],"_links":{"self":[{"href":"http:\/\/www.friaguinee.net\/index.php\/wp-json\/wp\/v2\/posts\/8848","targetHints":{"allow":["GET"]}}],"collection":[{"href":"http:\/\/www.friaguinee.net\/index.php\/wp-json\/wp\/v2\/posts"}],"about":[{"href":"http:\/\/www.friaguinee.net\/index.php\/wp-json\/wp\/v2\/types\/post"}],"author":[{"embeddable":true,"href":"http:\/\/www.friaguinee.net\/index.php\/wp-json\/wp\/v2\/users\/2"}],"replies":[{"embeddable":true,"href":"http:\/\/www.friaguinee.net\/index.php\/wp-json\/wp\/v2\/comments?post=8848"}],"version-history":[{"count":1,"href":"http:\/\/www.friaguinee.net\/index.php\/wp-json\/wp\/v2\/posts\/8848\/revisions"}],"predecessor-version":[{"id":8849,"href":"http:\/\/www.friaguinee.net\/index.php\/wp-json\/wp\/v2\/posts\/8848\/revisions\/8849"}],"wp:featuredmedia":[{"embeddable":true,"href":"http:\/\/www.friaguinee.net\/index.php\/wp-json\/wp\/v2\/media\/8816"}],"wp:attachment":[{"href":"http:\/\/www.friaguinee.net\/index.php\/wp-json\/wp\/v2\/media?parent=8848"}],"wp:term":[{"taxonomy":"category","embeddable":true,"href":"http:\/\/www.friaguinee.net\/index.php\/wp-json\/wp\/v2\/categories?post=8848"},{"taxonomy":"post_tag","embeddable":true,"href":"http:\/\/www.friaguinee.net\/index.php\/wp-json\/wp\/v2\/tags?post=8848"}],"curies":[{"name":"wp","href":"https:\/\/api.w.org\/{rel}","templated":true}]}}