{"id":8708,"date":"2019-05-27T13:08:01","date_gmt":"2019-05-27T13:08:01","guid":{"rendered":"http:\/\/www.friaguinee.net\/?p=8708"},"modified":"2019-05-27T13:08:03","modified_gmt":"2019-05-27T13:08:03","slug":"burkina-faso-quatre-morts-dans-une-attaque-contre-une-eglise","status":"publish","type":"post","link":"http:\/\/www.friaguinee.net\/index.php\/2019\/05\/27\/burkina-faso-quatre-morts-dans-une-attaque-contre-une-eglise\/","title":{"rendered":"Burkina Faso: quatre morts dans une attaque contre une \u00e9glise"},"content":{"rendered":"\n<p>BURKINA-FASO- Quatre fid\u00e8les ont \u00e9t\u00e9 tu\u00e9s dimanche lors d&rsquo;une nouvelle attaque contre une \u00e9glise catholique \u00e0 Toulf\u00e9, localit\u00e9 du nord du Burkina Faso, o\u00f9 les attentats contre des chr\u00e9tiens se multiplient.PUBLICIT\u00c9<\/p>\n\n\n\n<p>Quatre fid\u00e8les ont \u00e9t\u00e9 tu\u00e9s dimanche 26 mai pendant une messe lors d&rsquo;une nouvelle attaque contre une \u00e9glise catholique \u00e0 Toulf\u00e9, localit\u00e9 du nord du<a target=\"_blank\" href=\"https:\/\/www.france24.com\/fr\/tag\/burkina-faso\/\" rel=\"noreferrer noopener\">Burkina Faso<\/a>, selon l&rsquo;\u00e9v\u00eaque de la r\u00e9gion.<\/p>\n\n\n\n<p>\u00ab\u00a0La communaut\u00e9 chr\u00e9tienne de Toulf\u00e9 a \u00e9t\u00e9 la cible d&rsquo;une attaque terroriste, alors qu&rsquo;elle \u00e9tait r\u00e9unie pour la pri\u00e8re dominicale\u00a0\u00bb. \u00ab\u00a0L&rsquo;attaque a caus\u00e9 la mort de quatre fid\u00e8les\u00a0\u00bb, a annonc\u00e9 l&rsquo;\u00e9v\u00eaque de Ouahigouya, Justin Kientega, dans un communiqu\u00e9.<\/p>\n\n\n\n<p>Un pr\u00e9c\u00e9dent bilan de source s\u00e9curitaire avait fait \u00e9tat d'\u00a0\u00bbau moins trois morts\u00a0\u00bb.<\/p>\n\n\n\n<p>Selon cette source, \u00ab\u00a0des individus lourdement arm\u00e9s ont attaqu\u00e9 l&rsquo;\u00e9glise du village au moment o\u00f9 les fid\u00e8les c\u00e9l\u00e9braient la messe du dimanche\u00a0\u00bb. \u00ab\u00a0L&rsquo;attaque a eu lieu aux environs de 09h00\u00a0\u00bb (locales et GMT), faisant \u00ab\u00a0au moins trois morts et des bless\u00e9s l\u00e9gers\u00a0\u00bb. Des \u00ab\u00a0renforts ont \u00e9t\u00e9 d\u00e9ploy\u00e9s\u00a0\u00bb sur les lieux.<\/p>\n\n\n\n<p>Toulf\u00e9 est situ\u00e9e \u00e0 une vingtaine de kilom\u00e8tres de Titao, chef-lieu de la province du Loroum.<\/p>\n\n\n\n<p><strong>Les attaques se sont multipli\u00e9es au Burkina<\/strong><\/p>\n\n\n\n<p>Les attaques, attribu\u00e9es \u00e0 des groupes jihadistes,&nbsp;<a target=\"_blank\" href=\"http:\/\/www.rfi.fr\/afrique\/20190515-burkina-inquietude-catholiques-apres-attaques-le-nord-pays\" rel=\"noreferrer noopener\">contre les \u00e9glises ou des religieux chr\u00e9tiens se sont multipli\u00e9s<\/a>r\u00e9cemment au Burkina, pays sah\u00e9lien pauvre d&rsquo;Afrique de l&rsquo;Ouest.<\/p>\n\n\n\n<p>Le 13 mai, quatre catholiques ont \u00e9t\u00e9 tu\u00e9s lors d&rsquo;une procession religieuse en honneur de la Vierge Marie \u00e0 Zimtenga, dans le nord du Burkina Faso.<\/p>\n\n\n\n<p>La veille, six personnes dont un pr\u00eatre, avaient \u00e9t\u00e9 tu\u00e9s lors d&rsquo;une attaque pendant la messe dans une \u00e9glise catholique \u00e0 Dablo, une commune de la province du Sanmatenga, \u00e9galement dans le nord du pays.&nbsp;<\/p>\n\n\n\n<p>Le 29 avril, six personnes avaient \u00e9t\u00e9 tu\u00e9es lors de l&rsquo;attaque de l&rsquo;\u00e9glise protestante de Silgadji, toujours dans le nord.<\/p>\n\n\n\n<p><strong>Plus de 400 morts depuis 2015<\/strong><\/p>\n\n\n\n<p>\u00c0 la mi-mars, l&rsquo;abb\u00e9 Jo\u00ebl Yougbar\u00e9, cur\u00e9 de Djibo (nord) a \u00e9t\u00e9 enlev\u00e9 par des individus arm\u00e9s. Le 15 f\u00e9vrier, le p\u00e8re C\u00e9sar Fernandez, missionnaire sal\u00e9sien d&rsquo;origine espagnole, a \u00e9t\u00e9 tu\u00e9 dans le centre du Burkina.<\/p>\n\n\n\n<p>Plusieurs imams ont \u00e9galement \u00e9t\u00e9 assassin\u00e9s par les jihadistes dans le nord du Burkina depuis le d\u00e9but des attaques il y a quatre ans, et qui sont de plus en plus fr\u00e9quentes et meurtri\u00e8res.<\/p>\n\n\n\n<p>Ces attaques sont attribu\u00e9es \u00e0 une douzaine de groupes jihadistes, dont Ansarul Islam, le Groupe de soutien \u00e0 l&rsquo;islam et aux musulmans (GSIM) et l&rsquo;organisation \u00c9tat islamique au grand Sahara (EIGS).<\/p>\n\n\n\n<p>Elles ont fait plus de 400 morts depuis 2015 , selon un comptage de l&rsquo;AFP.<\/p>\n\n\n\n<p><em>Avec AFP et Reuters<\/em><\/p>\n","protected":false},"excerpt":{"rendered":"<p>BURKINA-FASO- Quatre fid\u00e8les ont \u00e9t\u00e9 tu\u00e9s dimanche lors d&rsquo;une nouvelle attaque contre une \u00e9glise catholique \u00e0 Toulf\u00e9, localit\u00e9 du nord du Burkina Faso, o\u00f9 les attentats contre des chr\u00e9tiens se multiplient.PUBLICIT\u00c9 Quatre fid\u00e8les ont \u00e9t\u00e9 tu\u00e9s dimanche 26 mai pendant une messe lors d&rsquo;une nouvelle attaque contre une \u00e9glise catholique \u00e0 Toulf\u00e9, localit\u00e9 du nord [&hellip;]<\/p>\n","protected":false},"author":2,"featured_media":8709,"comment_status":"open","ping_status":"open","sticky":false,"template":"","format":"standard","meta":{"footnotes":""},"categories":[42],"tags":[],"class_list":["post-8708","post","type-post","status-publish","format-standard","has-post-thumbnail","hentry","category-afrique"],"_links":{"self":[{"href":"http:\/\/www.friaguinee.net\/index.php\/wp-json\/wp\/v2\/posts\/8708","targetHints":{"allow":["GET"]}}],"collection":[{"href":"http:\/\/www.friaguinee.net\/index.php\/wp-json\/wp\/v2\/posts"}],"about":[{"href":"http:\/\/www.friaguinee.net\/index.php\/wp-json\/wp\/v2\/types\/post"}],"author":[{"embeddable":true,"href":"http:\/\/www.friaguinee.net\/index.php\/wp-json\/wp\/v2\/users\/2"}],"replies":[{"embeddable":true,"href":"http:\/\/www.friaguinee.net\/index.php\/wp-json\/wp\/v2\/comments?post=8708"}],"version-history":[{"count":1,"href":"http:\/\/www.friaguinee.net\/index.php\/wp-json\/wp\/v2\/posts\/8708\/revisions"}],"predecessor-version":[{"id":8710,"href":"http:\/\/www.friaguinee.net\/index.php\/wp-json\/wp\/v2\/posts\/8708\/revisions\/8710"}],"wp:featuredmedia":[{"embeddable":true,"href":"http:\/\/www.friaguinee.net\/index.php\/wp-json\/wp\/v2\/media\/8709"}],"wp:attachment":[{"href":"http:\/\/www.friaguinee.net\/index.php\/wp-json\/wp\/v2\/media?parent=8708"}],"wp:term":[{"taxonomy":"category","embeddable":true,"href":"http:\/\/www.friaguinee.net\/index.php\/wp-json\/wp\/v2\/categories?post=8708"},{"taxonomy":"post_tag","embeddable":true,"href":"http:\/\/www.friaguinee.net\/index.php\/wp-json\/wp\/v2\/tags?post=8708"}],"curies":[{"name":"wp","href":"https:\/\/api.w.org\/{rel}","templated":true}]}}