{"id":869,"date":"2018-01-10T16:11:51","date_gmt":"2018-01-10T15:11:51","guid":{"rendered":"http:\/\/www.friaguinee.net\/?p=869"},"modified":"2018-01-10T16:26:09","modified_gmt":"2018-01-10T15:26:09","slug":"fria-retard-eleves-dpe-hausse","status":"publish","type":"post","link":"http:\/\/www.friaguinee.net\/index.php\/2018\/01\/10\/fria-retard-eleves-dpe-hausse\/","title":{"rendered":"Fria: retard des \u00e9l\u00e8ves\u00a0! La DPE hausse le ton"},"content":{"rendered":"<p style=\"text-align: justify;\">\u00a0Comme partout en Guin\u00e9e, les \u00e9l\u00e8ves de Fria ont repris le chemin de l\u2019\u00e9cole apr\u00e8s une semaine de cong\u00e9s de Noel. Quelques jours apr\u00e8s cette reprise, on constate avec regret que certains ont pris la mauvaise habitude de se rendre \u00e0 l\u2019\u00e9cole apr\u00e8s 8 heures, heure conventionnelle \u00e0 laquelle les activit\u00e9s administratives d\u00e9marrent en R\u00e9publique de Guin\u00e9e.<\/p>\n<p style=\"text-align: justify;\">Pour le cas particulier de l\u2019\u00e9ducation, il est exig\u00e9 aux \u00e9l\u00e8ves et aux enseignants de proc\u00e9der \u00e0 la mont\u00e9e des couleurs \u00e0 7 h 45 mn avant le d\u00e9marrage des cours \u00e0 8 h 00.<\/p>\n<p><img loading=\"lazy\" decoding=\"async\" class=\"aligncenter size-medium wp-image-871\" src=\"http:\/\/www.friaguinee.net\/wp-content\/uploads\/2018\/01\/FB_IMG_15155962381251-300x225.jpg\" alt=\"\" width=\"300\" height=\"225\" srcset=\"http:\/\/www.friaguinee.net\/wp-content\/uploads\/2018\/01\/FB_IMG_15155962381251-300x225.jpg 300w, http:\/\/www.friaguinee.net\/wp-content\/uploads\/2018\/01\/FB_IMG_15155962381251-80x60.jpg 80w, http:\/\/www.friaguinee.net\/wp-content\/uploads\/2018\/01\/FB_IMG_15155962381251-265x198.jpg 265w, http:\/\/www.friaguinee.net\/wp-content\/uploads\/2018\/01\/FB_IMG_15155962381251.jpg 480w\" sizes=\"auto, (max-width: 300px) 100vw, 300px\" \/><\/p>\n<p style=\"text-align: justify;\">Dans les \u00e9coles sillonn\u00e9es par le reporter de friaguine.net, le constat est amer\u00a0! Dans une \u00e9cole de plus de 1500 \u00e9l\u00e8ves, moins de cinquante participent \u00e0 la mont\u00e9e des couleurs.<\/p>\n<p style=\"text-align: justify;\">\u00ab\u00a0Aujourd&rsquo;hui le temps a chang\u00e9 parce que en d\u00e9but d&rsquo;ann\u00e9e il y a la fra\u00eecheur et la n\u00e9gligence des parents qui n&rsquo;obligent pas les enfants \u00e0 venir \u00e0 l&rsquo;heure\u00a0\u00bb \u00a0a regrett\u00e9 B\u00e9noit Camara, Directeur de l\u2019\u00e9cole primaire Katourou 2.<\/p>\n<p><img loading=\"lazy\" decoding=\"async\" class=\"aligncenter size-medium wp-image-872\" src=\"http:\/\/www.friaguinee.net\/wp-content\/uploads\/2018\/01\/FB_IMG_15155961612271-300x225.jpg\" alt=\"\" width=\"300\" height=\"225\" srcset=\"http:\/\/www.friaguinee.net\/wp-content\/uploads\/2018\/01\/FB_IMG_15155961612271-300x225.jpg 300w, http:\/\/www.friaguinee.net\/wp-content\/uploads\/2018\/01\/FB_IMG_15155961612271-80x60.jpg 80w, http:\/\/www.friaguinee.net\/wp-content\/uploads\/2018\/01\/FB_IMG_15155961612271-265x198.jpg 265w, http:\/\/www.friaguinee.net\/wp-content\/uploads\/2018\/01\/FB_IMG_15155961612271.jpg 480w\" sizes=\"auto, (max-width: 300px) 100vw, 300px\" \/><\/p>\n<p style=\"text-align: justify;\">Dans sa tourn\u00e9e qu\u2019elle a entam\u00e9 le lundi dernier dans le cadre du contr\u00f4le du fonctionnement p\u00e9dagogique, la Directrice pr\u00e9fectorale de l\u2019\u00e9ducation s\u2019est rendue compte de cette r\u00e9alit\u00e9.<\/p>\n<p style=\"text-align: justify;\">\u00a0Arab\u00e9 Cond\u00e9 a point\u00e9 du doigt la d\u00e9mission des parents d\u2019\u00e9l\u00e8ves avant d\u2019\u00e9num\u00e9rer quelques dispositions prises par sa Direction\u00a0:<\/p>\n<p style=\"text-align: justify;\">\u00ab\u00a0Je f\u00e9licite certaines \u00e9coles pour les dispositions prises pour l&rsquo;encadrement et le bon fonctionnement de leur \u00e9tablissement mais dans d\u2019autres, le constat est am\u00e8re. Les \u00e9l\u00e8ves ne viennent pas \u00e0 l\u2019heure et on les laisse rentrer. Mais c\u2019est la faute aux parents qui ne suivent pas du tout leurs enfants. Les enseignants sont l\u00e0 pour les \u00e9l\u00e8ves qui sont dans les classes mais pas pour ceux qui sont dehors. La mont\u00e9e des couleurs c\u2019est \u00e0 7 h 45 et les cours d\u00e9marrent \u00e0 8 h. Quiconque n\u2019est pas dans la cour de l\u2019\u00e9cole en ce moment ne sera pas re\u00e7u et on est pas responsable des \u00e9l\u00e8ves qui sont dans la rue\u00a0\u00bb a martel\u00e9 la Directrice pr\u00e9fectorale de l\u2019\u00e9ducation.<\/p>\n<p><img loading=\"lazy\" decoding=\"async\" class=\"aligncenter size-medium wp-image-873\" src=\"http:\/\/www.friaguinee.net\/wp-content\/uploads\/2018\/01\/FB_IMG_15155961411981-300x225.jpg\" alt=\"\" width=\"300\" height=\"225\" srcset=\"http:\/\/www.friaguinee.net\/wp-content\/uploads\/2018\/01\/FB_IMG_15155961411981-300x225.jpg 300w, http:\/\/www.friaguinee.net\/wp-content\/uploads\/2018\/01\/FB_IMG_15155961411981-80x60.jpg 80w, http:\/\/www.friaguinee.net\/wp-content\/uploads\/2018\/01\/FB_IMG_15155961411981-265x198.jpg 265w, http:\/\/www.friaguinee.net\/wp-content\/uploads\/2018\/01\/FB_IMG_15155961411981.jpg 480w\" sizes=\"auto, (max-width: 300px) 100vw, 300px\" \/><\/p>\n<p style=\"text-align: justify;\">S\u2019adressant toujours aux \u00e9l\u00e8ves et aux enseignants, elle a rappel\u00e9 qu\u2019un \u00e9l\u00e8ve n\u2019ayant pas obtenu 8 de moyenne ou plus, ne sera pas pr\u00e9sent\u00e9 au BEPC et au Baccalaur\u00e9at.<\/p>\n<p style=\"text-align: justify;\">Plusieurs citoyens de la cit\u00e9, qualifient ces dispositions de la DPE de salutaire et souhaitent les voir se concr\u00e9tiser et se p\u00e9renniser.<\/p>\n<p style=\"text-align: justify;\">Abdoulaye Sylla<\/p>\n<p style=\"text-align: justify;\">Tel\u00a0:626 27 82 62<\/p>\n","protected":false},"excerpt":{"rendered":"<p>\u00a0Comme partout en Guin\u00e9e, les \u00e9l\u00e8ves de Fria ont repris le chemin de l\u2019\u00e9cole apr\u00e8s une semaine de cong\u00e9s de Noel. Quelques jours apr\u00e8s cette reprise, on constate avec regret que certains ont pris la mauvaise habitude de se rendre \u00e0 l\u2019\u00e9cole apr\u00e8s 8 heures, heure conventionnelle \u00e0 laquelle les activit\u00e9s administratives d\u00e9marrent en R\u00e9publique [&hellip;]<\/p>\n","protected":false},"author":2,"featured_media":870,"comment_status":"open","ping_status":"open","sticky":false,"template":"","format":"standard","meta":{"footnotes":""},"categories":[5],"tags":[47,107,49,108],"class_list":["post-869","post","type-post","status-publish","format-standard","has-post-thumbnail","hentry","category-education","tag-education","tag-eleve","tag-fria","tag-retard"],"_links":{"self":[{"href":"http:\/\/www.friaguinee.net\/index.php\/wp-json\/wp\/v2\/posts\/869","targetHints":{"allow":["GET"]}}],"collection":[{"href":"http:\/\/www.friaguinee.net\/index.php\/wp-json\/wp\/v2\/posts"}],"about":[{"href":"http:\/\/www.friaguinee.net\/index.php\/wp-json\/wp\/v2\/types\/post"}],"author":[{"embeddable":true,"href":"http:\/\/www.friaguinee.net\/index.php\/wp-json\/wp\/v2\/users\/2"}],"replies":[{"embeddable":true,"href":"http:\/\/www.friaguinee.net\/index.php\/wp-json\/wp\/v2\/comments?post=869"}],"version-history":[{"count":0,"href":"http:\/\/www.friaguinee.net\/index.php\/wp-json\/wp\/v2\/posts\/869\/revisions"}],"wp:featuredmedia":[{"embeddable":true,"href":"http:\/\/www.friaguinee.net\/index.php\/wp-json\/wp\/v2\/media\/870"}],"wp:attachment":[{"href":"http:\/\/www.friaguinee.net\/index.php\/wp-json\/wp\/v2\/media?parent=869"}],"wp:term":[{"taxonomy":"category","embeddable":true,"href":"http:\/\/www.friaguinee.net\/index.php\/wp-json\/wp\/v2\/categories?post=869"},{"taxonomy":"post_tag","embeddable":true,"href":"http:\/\/www.friaguinee.net\/index.php\/wp-json\/wp\/v2\/tags?post=869"}],"curies":[{"name":"wp","href":"https:\/\/api.w.org\/{rel}","templated":true}]}}