{"id":8550,"date":"2019-05-16T18:29:14","date_gmt":"2019-05-16T18:29:14","guid":{"rendered":"http:\/\/www.friaguinee.net\/?p=8550"},"modified":"2019-05-16T18:29:28","modified_gmt":"2019-05-16T18:29:28","slug":"guinee-compte-rendu-du-conseil-des-ministres-de-ce-jeudi-16-mai-2019","status":"publish","type":"post","link":"http:\/\/www.friaguinee.net\/index.php\/2019\/05\/16\/guinee-compte-rendu-du-conseil-des-ministres-de-ce-jeudi-16-mai-2019\/","title":{"rendered":"Guin\u00e9e: compte-rendu du conseil des ministres de ce jeudi 16 mai 2019"},"content":{"rendered":"\n<p>Sous la pr\u00e9sidence de\nson Excellence Monsieur le Pr\u00e9sident de la R\u00e9publique, le Conseil des Ministres\na tenu sa session ordinaire ce jeudi, 16 Mai 2019, de 10h \u00e0 12h, selon l\u2019ordre\ndu Jour suivant :<\/p>\n\n\n\n<p><strong>I.\nMESSAGE DE SON EXCELLENCE MONSIEUR LE PRESIDENT DE LA REPUBLIQUE<\/strong><\/p>\n\n\n\n<p><strong>II.\nCOMPTE RENDU DES SESSIONS ORDINAIRES DU CONSEIL INTERMINISTERIEL DU 30 AVRIL DU\n7 MAI ET DU 14 MAI 2019<\/strong><\/p>\n\n\n\n<p><strong>III.\nQUESTIONS DIVERSES<\/strong><\/p>\n\n\n\n<p><strong>Au\ntitre du premier point de l\u2019ordre du jour<\/strong><\/p>\n\n\n\n<p>Le\nChef de l\u2019Etat a adress\u00e9 en son nom et en celui de l\u2019ensemble du Gouvernement\nses vives f\u00e9licitations et ses encouragements \u00e0 l\u2019\u00e9quipe nationale junior\ncadet, finaliste de la CAN U17 qui a remport\u00e9 la M\u00e9daille d\u2019argent en Tanzanie.\nSes f\u00e9licitations ont \u00e9galement \u00e9t\u00e9 adress\u00e9es \u00e0 l\u2019encadrement sportif et aux\nautorit\u00e9s du Minist\u00e8re des Sports, de la Culture et du Patrimoine Historique<\/p>\n\n\n\n<p>Le\nPr\u00e9sident de la R\u00e9publique a confirm\u00e9 ses instructions relatives \u00e0 la\nr\u00e9alisation d\u2019un audit complet du secteur \u00e9nerg\u00e9tique afin d\u2019en \u00e9tablir un\ndiagnostic d\u00e9taill\u00e9 et d\u00e9finir les grands axes strat\u00e9giques de d\u00e9veloppement de\nce secteur<\/p>\n\n\n\n<p>Le\nPr\u00e9sident a donn\u00e9 des directives aux d\u00e9partements financiers (Minist\u00e8re de\nl\u2019Economie et des Finances, Minist\u00e8re du Budget et Banque Centrale de la R\u00e9publique\nde Guin\u00e9e) en vue de la priorisation, dans l\u2019ex\u00e9cution des d\u00e9penses publiques,\ndes secteurs sociaux afin de leur permettre d\u2019impacter positivement et\nrapidement sur les conditions de vie de la majorit\u00e9 des citoyens<\/p>\n\n\n\n<p>Le\nChef de l\u2019Etat a instruit les Ministres en charge des Transports et du Budget\nde diligenter les op\u00e9rations de mise en place de la compagnie de transport\na\u00e9rien de droit guin\u00e9en Guin\u00e9e Airlines en proc\u00e9dant, notamment, \u00e0 la\nlib\u00e9ration de la quote part de l\u2019Etat dans le capital de cette Soci\u00e9t\u00e9 en voie\nde constitution<\/p>\n\n\n\n<p>Appr\u00e9ciant\nles progr\u00e8s d\u00e9j\u00e0 accomplis dans ce domaine, Le Pr\u00e9sident de la R\u00e9publique a\ninstruit les d\u00e9partements concern\u00e9s de concevoir et de mettre en \u0153uvre un\nprogramme de r\u00e9duction de l\u2019inflation pour la ramener \u00e0 un niveau encore plus\nbas que celui atteint ces derni\u00e8res ann\u00e9es dans le but de pr\u00e9server le pouvoir\nd\u2019achat des consommateurs guin\u00e9ens<\/p>\n\n\n\n<p>Le\nChef de l\u2019Etat a rappel\u00e9 aux Ministres en charge du Budget et des Finances\nl\u2019urgence de la mise en ex\u00e9cution des textes d\u2019application du Code des March\u00e9s\npublics afin de permettre l\u2019application des nouvelles proc\u00e9dures de passation\ndes march\u00e9s publics<\/p>\n\n\n\n<p><strong>Au\ntitre du deuxi\u00e8me point de l\u2019ordre du jour, Monsieur le Premier Ministre a fait\nle compte rendu des sessions ordinaires du Conseil Interminist\u00e9riel tenues les\n30 avril, 7 mai et 14 mai 2019.<\/strong><\/p>\n\n\n\n<p>Le\nConseil a entendu successivement<\/p>\n\n\n\n<p><strong>Le\nMinistre de l\u2019environnement et des Eaux et For\u00eats qui a soumis pour examen le\nprojet de Loi portant nouveau Code de l\u2019Environnement<\/strong><\/p>\n\n\n\n<p>Le\nMinistre a indiqu\u00e9 que l\u2019objectif de la r\u00e9actualisation du&nbsp;Code de\nl\u2019environnement est d\u2019\u00e9tablir les principes fondamentaux destin\u00e9s \u00e0 promouvoir\nle d\u00e9veloppement durable, g\u00e9rer et prot\u00e9ger l\u2019environnement&nbsp;et le capital\nnaturel&nbsp;contre toute forme de d\u00e9gradation.<\/p>\n\n\n\n<p>Le\nMinistre a pr\u00e9cis\u00e9 que les limites constat\u00e9es du Code en cours datant de 1987\nsont corrig\u00e9es dans le pr\u00e9sent Code et concernent entre autres :Les principes\nde territorialit\u00e9, de pr\u00e9caution, de non-r\u00e9gression ;<br>\nLa prise en compte du transfert des comp\u00e9tences environnementales aux\ncollectivit\u00e9s locales, comme pr\u00e9vu par le Code des collectivit\u00e9s locales\n;&nbsp;<br>\nL\u2019int\u00e9gration des nouveaux enjeux mondiaux tels que les changements\nclimatiques, la bios\u00e9curit\u00e9, les \u00e9nergies renouvelables, l\u2019efficacit\u00e9\n\u00e9nerg\u00e9tique et l\u2019\u00e9conomie verte ;<br>\nLe renforcement de certaines sanctions.<\/p>\n\n\n\n<p>Il\na indiqu\u00e9 que la nouvelle mouture du Code de l\u2019Environnement prend en compte\nles Objectifs du D\u00e9veloppement Durable, les principes environnementaux en\nvigueur \u00e0 l\u2019Union Africaine et \u00e0 la CEDEAO, les directives des Organismes des\nbassins fluviaux dont la Guin\u00e9e est membre actif.<\/p>\n\n\n\n<p>Le\nMinistre a rappel\u00e9 que les droits coutumiers et les pratiques traditionnelles,\nle genre, l\u2019\u00e9cotourisme, la transition vers l\u2019\u00e9conomie circulaire et le capital\nnaturel, ont \u00e9t\u00e9 \u00e9galement prise en compte.<\/p>\n\n\n\n<p><strong>Au\nterme de l\u2019expos\u00e9,<\/strong>&nbsp;le Conseil a adopt\u00e9 le projet de Loi portant\nCode de l\u2019Environnement.<\/p>\n\n\n\n<p><strong>La\nMinistre de l\u2019Action Sociale, de la Promotion F\u00e9minine et de l\u2019Enfance qui a\nsoumis pour examen, en seconde lecture, deux projets de Lois :Le premier\nportant sur la Mutualit\u00e9 Sociale en R\u00e9publique de Guin\u00e9e.<\/strong><\/p>\n\n\n\n<p>Elle\na rappel\u00e9 que depuis 2017, la Guin\u00e9e dispose d\u2019une politique nationale de\nprotection sociale. Celle-ci met l\u2019accent sur la n\u00e9cessit\u00e9 d\u2019en diversifier les\noutils, dont les mutuelles sociales.<\/p>\n\n\n\n<p>La\nMinistre a soulign\u00e9 que de nos jours, il y a une n\u00e9cessit\u00e9 d\u2019harmoniser la\nl\u00e9gislation nationale en mati\u00e8re de Mutualit\u00e9 Sociale avec celles des pays de\nla CEDEAO et de l\u2019Union Africaine en vue d\u2019am\u00e9liorer le taux de couverture\nsociale des populations.<\/p>\n\n\n\n<p>Les\nmutuelles servent \u00e0 assurer&nbsp;: La pr\u00e9vention des risques sociaux li\u00e9s \u00e0 la\npersonne et la r\u00e9paration de leurs cons\u00e9quences&nbsp;;<br>\nLa protection de l\u2019enfance, de la famille, des personnes \u00e2g\u00e9es ou\nhandicap\u00e9es&nbsp;;<br>\nLe d\u00e9veloppement culturel, moral, intellectuel et physique de leurs membres et\nl\u2019am\u00e9lioration de leurs conditions de vie.<\/p>\n\n\n\n<p>Elle\na pr\u00e9cis\u00e9 que le pr\u00e9sent projet de loi fixe les principes fondamentaux\nr\u00e9gissant la mutualit\u00e9 sociale en R\u00e9publique de Guin\u00e9e.<\/p>\n\n\n\n<p><strong>Au\nterme des d\u00e9bats,&nbsp;<\/strong>le Conseil a adopt\u00e9 le projet de Loi tout en demandant\nl\u2019\u00e9laboration de ses textes d\u2019application dans de brefs d\u00e9lais<\/p>\n\n\n\n<p><strong>\u00b0\nLe second portant sur la Promotion et la Protection des droits des personnes\natteintes d\u2019albinisme en R\u00e9publique de Guin\u00e9e.<\/strong><\/p>\n\n\n\n<p>La\nministre a indiqu\u00e9 que certains pr\u00e9jug\u00e9s sociaux emp\u00eachent les personnes\nsouffrant d\u2019albinisme d\u2019acc\u00e9der facilement \u00e0 des soins de sant\u00e9 adapt\u00e9s, aux\nservices sociaux, \u00e0 une protection juridique et \u00e0 la r\u00e9paration en cas de\nviolation de leurs droits.<\/p>\n\n\n\n<p>La\nMinistre a soutenu que face \u00e0 cette situation, le Minist\u00e8re en charge de\nl\u2019Action Sociale en collaboration avec de nombreux autres acteurs, ont\nentrepris plusieurs activit\u00e9s en faveur des victimes. Ces multiples efforts\nsemblent insuffisants face aux besoins exprim\u00e9s et \u00e0 l\u2019absence d\u2019un cadre\njuridique appropri\u00e9.<\/p>\n\n\n\n<p>D\u2019o\u00f9\nle pr\u00e9sent projet de loi qui vise \u00e0 garantir l\u2019inclusion, l\u2019\u00e9galit\u00e9 des chances\nen faveur des personnes atteintes d\u2019albinisme, la protection et la promotion de\nleurs droits contre toutes formes de discrimination et de stigmatisation.<\/p>\n\n\n\n<p><strong>Au\nterme des d\u00e9bats,&nbsp;<\/strong>le Conseil a d\u00e9cid\u00e9 de l\u2019approbation du projet de Loi\net recommand\u00e9 l\u2019\u00e9laboration dans les meilleurs d\u00e9lais de ses textes\nd\u2019application<\/p>\n\n\n\n<p><strong>Le\nMinistre de l\u2019Enseignement Technique, de la Formation Professionnelle et de\nl\u2019Emploi qui a fait une communication relative aux pr\u00e9paratifs de la 108<sup>\u00e8me<\/sup>&nbsp;session\nde la Conf\u00e9rence Internationale du Travail (CIT), du 10 au 21 Juin 2019 \u00e0\nGen\u00e8ve (Suisse).<\/strong><\/p>\n\n\n\n<p>Il\na indiqu\u00e9 que dans le cadre des pr\u00e9paratifs de la 108<sup>\u00e8me<\/sup>&nbsp;session\nde la Conf\u00e9rence Internationale du Travail (CIT), chaque pays membre a \u00e9t\u00e9\ninvit\u00e9 \u00e0 organiser des dialogues tripartites nationaux sur le rapport de la\ncommission mondiale sur l\u2019avenir du travail, avant son adoption par la\nconf\u00e9rence pr\u00e9vue du 10 au 21 Juin 2019 \u00e0 Gen\u00e8ve (Suisse).<\/p>\n\n\n\n<p>Le\nMinistre a annonc\u00e9 que c\u2019est dans cette perspective que le D\u00e9partement en\ncharge du Travail a initi\u00e9 depuis plusieurs semaines des s\u00e9ries de rencontres\navec l\u2019ensemble des partenaires sociaux (Syndicat, Patronats) avec pour\nphilosophie, une d\u00e9marche inclusive.<\/p>\n\n\n\n<p>Il\na enfin inform\u00e9 de la solennit\u00e9 de cet \u00e9v\u00e8nement plan\u00e9taire, en raison du\ncaract\u00e8re exceptionnel de cette session 2019 qui co\u00efncide avec la c\u00e9l\u00e9bration\ndu centenaire de l\u2019OIT \u00e0 laquelle plusieurs Chefs d\u2019Etat prendrons part.<\/p>\n\n\n\n<p>Le\nConseil a soutenu la participation de notre pays \u00e0 cette session de la\nConf\u00e9rence Internationale du Travail (CIT)<\/p>\n\n\n\n<p><strong>Le\nMinistre de l\u2019Economie et des Finances a soumis pour examen en seconde lecture\nle projet de D\u00e9cret portant R\u00e9gime Juridique des Comptables Publics.<\/strong><\/p>\n\n\n\n<p>Il\na soulign\u00e9 qu\u2019\u00e0 date, le r\u00e9gime juridique des comptables publics n\u2019a pas encore\nfait l\u2019objet d\u2019une initiative gouvernementale en mati\u00e8re r\u00e8glementaire en d\u00e9pit\ndes lourdes responsabilit\u00e9s qui caract\u00e9risent l\u2019exercice de la fonction de\ncomptable public.<\/p>\n\n\n\n<p>Le\nMinistre a expliqu\u00e9 que la fonction comptable est fragilis\u00e9e en raison du\nd\u00e9faut de prestation de serment devant la Cour des Comptes et la constitution\ndes cautions avant l\u2019exercice de la profession.<\/p>\n\n\n\n<p>Il\na soutenu que pour corriger et combler le vide, la&nbsp;Loi Organique Relative\naux Lois de Finances de 2012 et&nbsp;le R\u00e8glement G\u00e9n\u00e9ral sur la Gestion\nBudg\u00e9taire et la Comptabilit\u00e9 Publique du 15 janvier 2013 ont rappel\u00e9, dans le\ncadre des r\u00e9formes et de la modernisation de la gestion publique, les\nresponsabilit\u00e9s des comptables publics et les sanctions qu\u2019ils encourent dans\nl\u2019exercice de leurs missions.<\/p>\n\n\n\n<p>Le\nMinistre a d\u00e9clar\u00e9 que le pr\u00e9sent r\u00e9gime juridique prend en compte aussi bien\nles dispositions l\u00e9gislatives et r\u00e9glementaires encadrant la gestion publique\nen Guin\u00e9e que les bonnes pratiques des pays disposant d\u00e9j\u00e0 de r\u00e9gimes\njuridiques.<\/p>\n\n\n\n<p><strong>Au\nterme des d\u00e9bats,&nbsp;<\/strong>le Conseil a adopt\u00e9 le projet de D\u00e9cret portant R\u00e9gime\njuridique des comptables publics<\/p>\n\n\n\n<p><strong>Le\nMinistre des Transports a soumis pour examen deux projets de D\u00e9crets&nbsp;:<\/strong><\/p>\n\n\n\n<p><strong>\u00b0\nLe premier fixant les Statuts de l\u2019Office Guin\u00e9en des Chargeurs.<\/strong><\/p>\n\n\n\n<p>Il\na indiqu\u00e9 que conform\u00e9ment aux Conseils des Chargeurs en Afrique, le Conseil\nGuin\u00e9en des Chargeurs (CGC) a pour objet de contribuer \u00e0 la promotion du commerce\next\u00e9rieur de la Guin\u00e9e en apportant toutes les facilitations et assistances\nmultiformes aux chargeurs dans l\u2019accomplissement de leurs missions.<\/p>\n\n\n\n<p>Le\nMinistre a expliqu\u00e9 que la mission essentielle du Conseil des Chargeurs se\nr\u00e9sume comme suit&nbsp;:La repr\u00e9sentation \u00e9quitable et la d\u00e9fense des int\u00e9r\u00eats\ndes chargeurs&nbsp;publics et priv\u00e9s&nbsp;;<br>\nLes relations avec les intervenants dans la cha\u00eene des transports&nbsp;;<br>\nLa facilitation du suivi des marchandises&nbsp;;<br>\nLa gestion d\u2019une banque de donn\u00e9es sur les transports internationaux et\nnationaux&nbsp;;<br>\nLa mise en place des infrastructures de transport&nbsp;;<br>\nLa promotion de la comp\u00e9titivit\u00e9 des exportations gr\u00e2ce \u00e0 des initiatives\nvisant \u00e0 am\u00e9liorer la cha\u00eene de transport&nbsp;;<br>\nLa tenue des statistiques fiables dans le domaine des importations et\nexportations.<\/p>\n\n\n\n<p>Le\nMinistre a \u00e9galement indiqu\u00e9 que les recettes de l\u2019\u00e9mission du Bordereau\nElectronique de Suivi des Cargaisons (BESC) constituent la principale ressource\nfinanci\u00e8re d\u2019un Conseil des Chargeurs.<\/p>\n\n\n\n<p>\u00b0&nbsp;<strong>Le\nsecond projet de D\u00e9cret fixant les Statuts de l\u2019Agence de la Navigation\nA\u00e9rienne (ANA).<\/strong><\/p>\n\n\n\n<p>Le\nMinistre a inform\u00e9 que depuis environ deux (2) d\u00e9cennies, les Directions de\nl\u2019Aviation Civile rencontrent de nombreux probl\u00e8mes pour la mise en \u0153uvre des\nrecommandations des audits de supervision de la s\u00e9curit\u00e9 de l\u2019OACI, relay\u00e9e par\nles Organismes R\u00e9gionaux s\u2019occupant de l\u2019Aviation Civile.<\/p>\n\n\n\n<p>Le\nMinistre a pr\u00e9cis\u00e9 que l\u2019ANA a pour mission d\u2019assurer la s\u00e9curit\u00e9, la\nr\u00e9gularit\u00e9 et l\u2019efficacit\u00e9 de la circulation a\u00e9rienne ainsi que la gestion et\nl\u2019exploitation des a\u00e9rodromes domestiques, en R\u00e9publique de Guin\u00e9e.<\/p>\n\n\n\n<p>Dans\nson fonctionnement actuel et cela conform\u00e9ment \u00e0 ses statuts, l\u2019ANA n\u2019est pas\nsoumise au r\u00e8glement g\u00e9n\u00e9ral de la comptabilit\u00e9 publique. Sa comptabilit\u00e9 est\ncependant tenue selon les usages commerciaux conform\u00e9ment aux r\u00e8gles du syst\u00e8me\ncomptable OHADA (SYSCOHADA).<\/p>\n\n\n\n<p>Le\nMinistre a not\u00e9 que la principale ressource financi\u00e8re de l\u2019ANA est la\nredevance terminale. Elle repr\u00e9sente plus de 95% de ses revenus. Quant \u00e0 la\nsubvention d\u2019\u00e9quilibre, per\u00e7ue du Budget National de D\u00e9veloppement (BND), elle\nrepr\u00e9sente \u00e0 peine 3% du chiffre d\u2019affaires annuel de l\u2019Agence.<\/p>\n\n\n\n<p>Il\na expliqu\u00e9 que face \u00e0 cette situation, il \u00e9tait n\u00e9cessaire de proc\u00e9der \u00e0 la\nmise en conformit\u00e9 des statuts de l\u2019ANA au regard du cadre l\u00e9gal et r\u00e8glementaire\nr\u00e9gissant l\u2019organisation et le fonctionnement des Organismes publics en\nR\u00e9publique de Guin\u00e9e.<\/p>\n\n\n\n<p>C\u2019est\nen ex\u00e9cution de cet imp\u00e9ratif, que ce pr\u00e9sent projet de statuts harmonis\u00e9s a\n\u00e9t\u00e9 \u00e9labor\u00e9 conform\u00e9ment aux dispositions de la loi L\/2017\/056\/AN du 08\nD\u00e9cembre 2017, portant Gouvernance Financi\u00e8re des Etablissements et Soci\u00e9t\u00e9s\nPublics.<\/p>\n\n\n\n<p><strong>Au\nterme des d\u00e9bats,<\/strong>&nbsp;le conseil a adopt\u00e9 les deux projets de D\u00e9crets\nfixant les Statuts du Conseil Guin\u00e9en des Chargeurs (CGC) et de l\u2019Agence de\nNavigation A\u00e9rienne (ANA).<\/p>\n\n\n\n<p><strong>Le\nMinist\u00e8re de l\u2019Hydraulique et de l\u2019Assainissement a fait une communication\nrelative au Rapport d\u2019\u00e9tape sur l\u2019avancement des op\u00e9rations d\u2019assainissement de\nla Ville de Conakry.<\/strong><\/p>\n\n\n\n<p>Le\nMinistre a inform\u00e9 que dans le cadre de la mise en \u0153uvre de la strat\u00e9gie de\nprofessionnalisation des d\u00e9chets, un appel d\u2019offre international a permis de\nrecruter deux (2) op\u00e9rateurs charg\u00e9es d\u2019une part de la pr\u00e9-collecte jusqu\u2019au\ntransfert des d\u00e9chets sur le site final de la mini\u00e8re, d\u2019autre part de\nl\u2019exploitation de la d\u00e9charge de la Mini\u00e8re.<\/p>\n\n\n\n<p>Il\na annonc\u00e9 que face au constat actuel de la salubrit\u00e9 de la ville de Conakry, le\nD\u00e9partement en charge de l\u2019Assainissement est en manque d\u2019\u00e9quipements divers\ndont l\u2019acquisition est n\u00e9cessaire<\/p>\n\n\n\n<p>Le\nMinistre a affirm\u00e9 que la mobilisation de ces besoins vise \u00e0 :\u00c9liminer\nl\u2019ensemble des d\u00e9p\u00f4ts sauvages dans les 5 communes ;<br>\nProc\u00e9der aux curages des caniveaux et \u00e0 l\u2019enl\u00e8vement des produits de curages ;<br>\nMettre en place l\u2019\u00e9quipe de balayage sur les principaux axes routiers des 4\nautres communes ;<br>\nMobiliser 24H\/24 le parc automobile pour le transport des d\u00e9chets solides ;<br>\nMettre en place une brigade de contr\u00f4le des lieux assainis.<\/p>\n\n\n\n<p>Il\na inform\u00e9 que pour l\u2019atteinte de ces objectifs, un programme int\u00e9rimaire\nd\u2019assainissement int\u00e9gr\u00e9 de la ville de Conakry sur une dur\u00e9e de six (6) mois\nallant de Mai \u00e0 Octobre 2019 a \u00e9t\u00e9 \u00e9labor\u00e9 et budg\u00e9tis\u00e9 par son D\u00e9partement<\/p>\n\n\n\n<p>Le\nMinistre a sollicit\u00e9 l\u2019accord du Gouvernement pour engager dans les meilleurs\nd\u00e9lais, des actions visant la mise en place d\u2019un fonds destin\u00e9 \u00e0 p\u00e9renniser le\nfinancement de la gestion des d\u00e9chets solides pour la ville de Conakry et\ncelles de l\u2019int\u00e9rieur du pays.<\/p>\n\n\n\n<p><strong>Au\nterme de l\u2019expos\u00e9,&nbsp;<\/strong>le Conseil a donn\u00e9 son soutien au Ministre et convoqu\u00e9\nune r\u00e9union du Comit\u00e9 de Pilotage sur la professionnalisation des D\u00e9chets\nsolides avec les Ministres en charge de l\u2019Assainissement, du Plan, de la\nCoop\u00e9ration et de l\u2019Administration du Territoire<\/p>\n\n\n\n<p><strong>Le\nMinistre de l\u2019Economie et des Finances a fait une communication relative \u00e0 la\ntenue des r\u00e9unions statutaires de la Zone Mon\u00e9taire de l\u2019Afrique de l\u2019Ouest\n(ZMAO), du 25 juillet au 02 ao\u00fbt 2019, \u00e0 Conakry.<\/strong><\/p>\n\n\n\n<p>Il\na soulign\u00e9 que les r\u00e9unions statutaires tournantes dans les pays membres\nexaminent principalement l\u2019\u00e9tat de mise en \u0153uvre et les r\u00e9sultats du Programme\nde Coop\u00e9ration Mon\u00e9taire de la CEDEAO (PCM), adopt\u00e9 en 1987 et d\u00e9clin\u00e9 en\n\u00ab&nbsp;Feuille de route du programme de monnaie unique&nbsp;\u00bb en 2009. Elles\nappr\u00e9cient \u00e9galement, la stabilit\u00e9 des secteurs financiers, les syst\u00e8mes de\npaiement de la zone et les taux de change.<\/p>\n\n\n\n<p>Le\nMinistre a pr\u00e9cis\u00e9 que les participants aux r\u00e9unions statutaires sont des\ncadres des minist\u00e8res en charge des questions \u00e9conomiques, de l\u2019int\u00e9gration et\ndu commerce des pays membres ainsi que des Banques Centrales de ces pays. Au\nmoins 150 d\u00e9l\u00e9gations repr\u00e9senteront les pays et institutions de la sous-r\u00e9gion\n\u00e0 l\u2019\u00e9v\u00e9nement.<\/p>\n\n\n\n<p>Il\na indiqu\u00e9 que les rencontres se d\u00e9rouleront chronologiquement en trois\nphases&nbsp;: le Comit\u00e9 technique des experts, le Comit\u00e9 des Gouverneurs des\nBanques Centrales et le conseil de Convergence qui est une r\u00e9union\nMinist\u00e9rielle. Ses rencontres sont pr\u00e9sid\u00e9es par le pays h\u00f4te.<\/p>\n\n\n\n<p>Les\nr\u00e9unions de la ZMAO seront pr\u00e9c\u00e9d\u00e9es de celles de l\u2019Agence Mon\u00e9taire de\nl\u2019Afrique de l\u2019Ouest (AMAO) et du WAIFEM.<\/p>\n\n\n\n<p><strong>Au\nterme de l\u2019expos\u00e9,&nbsp;<\/strong>le Conseil a donn\u00e9 son soutien au Ministre de\nl\u2019Economie et des Finances et au Gouverneur de la Banque centrale pour la tenue\ndes r\u00e9unions statutaires de la ZMAO \u00e0 Conakry, du 25 juillet au 2 Ao\u00fbt 2019.<\/p>\n\n\n\n<p><strong>Le\nMinistre de l\u2019Energie a fait une communication relative \u00e0&nbsp;l\u2019Accord de\nfinancement entre la R\u00e9publique de Guin\u00e9e et l\u2019Association Internationale de\nD\u00e9veloppement (IDA) et la Convention de cr\u00e9dit entre la R\u00e9publique de Guin\u00e9e et\nl\u2019Agence Fran\u00e7aise de D\u00e9veloppement (AFD), relatifs au financement du\n\u00ab&nbsp;Projet d\u2019Am\u00e9lioration de l\u2019Acc\u00e8s \u00e0 l\u2019Electricit\u00e9 en Guin\u00e9e\n(PAEEG)&nbsp;\u00bb.<\/strong><\/p>\n\n\n\n<p>Il\na rappel\u00e9 qu\u2019en plus du PNDES qui couvre tous les secteurs cl\u00e9s de l\u2019\u00e9conomie\nguin\u00e9enne, un prospectus d\u2019investissement a \u00e9t\u00e9 \u00e9labor\u00e9 pour l\u2019acc\u00e8s \u00e0\nl\u2019\u00e9lectricit\u00e9 2016-2020, visant \u00e0 doubler le taux d\u2019acc\u00e8s \u00e0 l\u2019\u00e9lectricit\u00e9 de\n18% actuellement, \u00e0 36% durant les cinq prochaines ann\u00e9es en vue d\u2019atteindre un\nacc\u00e8s universel d\u2019ici \u00e0 2030. A cet effet une table ronde des donateurs a eu\nlieu \u00e0 la mi-novembre 2017 \u00e0 Paris, pour pr\u00e9senter le Prospectus\nd\u2019Investissement et mobiliser environ 380 millions sur 645 millions de dollars\npour la mise en \u0153uvre du programme national d\u2019acc\u00e8s \u00e0 l\u2019\u00e9lectricit\u00e9.<\/p>\n\n\n\n<p>Le\nMinistre a affirm\u00e9 que le projet d\u2019Am\u00e9lioration de l\u2019Acc\u00e8s \u00e0 l\u2019\u00e9lectricit\u00e9 en\nGuin\u00e9e (PAAEG), conjointement financ\u00e9 par la Banque Mondiale et l\u2019Agence\nFran\u00e7aise de D\u00e9veloppement (AFD), consiste \u00e0 mettre en \u0153uvre une partie de ce\nProgramme d\u2019acc\u00e8s \u00e0 l\u2019\u00e9lectricit\u00e9 \u00e0 moindre co\u00fbt de notre pays, sur la base\nd\u2019une approche sectorielle.<\/p>\n\n\n\n<p><strong>Au\nterme de l\u2019expos\u00e9,&nbsp;<\/strong>le Conseil a adopt\u00e9 la Convention de cr\u00e9dit et\nl\u2019Accord de financement relatifs \u00e0 ce projet.<\/p>\n\n\n\n<p><strong>Le\nMinistre de l\u2019Administration du Territoire et de la D\u00e9centralisation a fait un\ncompte rendu sur le programme de lancement des projets d\u2019infrastructures\nfinanc\u00e9s par l\u2019ANAFIC&nbsp;;<\/strong><\/p>\n\n\n\n<p>Il\na rappel\u00e9 que l\u2019av\u00e8nement de la 3<sup>\u00e8me<\/sup>&nbsp;R\u00e9publique en 2010 a\npermis \u00e0 la Guin\u00e9e de mettre au c\u0153ur de ses nombreux projets et programmes une\npolitique de d\u00e9centralisation et de d\u00e9veloppement local \u00e0 la satisfaction\ng\u00e9n\u00e9rale des populations.<\/p>\n\n\n\n<p>Le\nMinistre a soutenu que c\u2019est dans ce contexte que le Gouvernement vient de\nmettre en place un m\u00e9canisme p\u00e9renne de financement de la d\u00e9centralisation en\nvue d\u2019optimiser l\u2019efficacit\u00e9 et de corriger les effets de dispersion des\ndiff\u00e9rents appuis financiers apport\u00e9s aux collectivit\u00e9s locales. D\u2019o\u00f9 la\ncr\u00e9ation de l\u2019ANAFIC par D\u00e9cret du 11 novembre 2017 pour la gestion exclusive\nde ce fonds.<\/p>\n\n\n\n<p>Il\na justifi\u00e9 que cet acquis m\u00e9rite d\u2019\u00eatre connu et port\u00e9 \u00e0 la connaissance des\ncommunaut\u00e9s \u00e0 la base.<\/p>\n\n\n\n<p>C\u2019est\npourquoi, sous l\u2019autorit\u00e9 du Premier Ministre, il a \u00e9t\u00e9 jug\u00e9 n\u00e9cessaire\nd\u2019organiser une mission gouvernementale dans les 4 r\u00e9gions naturelles du pays \u00e0\nl\u2019effet d\u2019informer les populations sur les acquis et les perspectives qui\ns\u2019attachent au projet de d\u00e9veloppement \u00e9conomique et social du Pr\u00e9sident de la\nR\u00e9publique.<\/p>\n\n\n\n<p>Le\nMinistre a expliqu\u00e9 que la mission sera dirig\u00e9e par un pool de Ministres dans\nchaque r\u00e9gion naturelle du pays. Il a inform\u00e9 que l\u2019objectif de la mission\nconsiste \u00e0&nbsp;:Proc\u00e9der au niveau des collectivit\u00e9s locales \u00e0 l\u2019inauguration\ndes infrastructures socio-\u00e9conomiques de base (Sant\u00e9, Education, Agriculture,\nElectricit\u00e9, Hydraulique villageoises etc.), avec l\u2019appui des partenaires au\nd\u00e9veloppement, notamment le PACV3&nbsp;;<br>\nProc\u00e9der \u00e0 la pose de la premi\u00e8re pierre des infrastructures financ\u00e9es par\nl\u2019ANAFIC&nbsp;;<br>\nInformer les citoyens sur les acquis du Gouvernement de la 3\u00e8me\nR\u00e9publique&nbsp;;<br>\nSensibiliser les populations sur l\u2019entretien, la sauvegarde et l\u2019utilisation\nefficiente des infrastructures mises \u00e0 leur disposition&nbsp;;<br>\nFaire passer un message de paix, d\u2019unit\u00e9 nationale, de qui\u00e9tude sociale et de\ns\u00e9curit\u00e9.<\/p>\n\n\n\n<p>Le\nMinistre a annonc\u00e9 qu\u2019\u00e0 la fin de la mission, un rapport synth\u00e8se sera \u00e9labor\u00e9\n\u00e0 la haute attention de Son Excellence Monsieur le Pr\u00e9sident de la R\u00e9publique.<\/p>\n\n\n\n<p><strong>AU\nTITRE DES QUESTIONS DIVERSES<\/strong><\/p>\n\n\n\n<p>Le\nMinistre en charge de l\u2019Enseignement Sup\u00e9rieur a inform\u00e9 que notre compatriote\nDr S\u00e9kou Traor\u00e9, sp\u00e9cialiste en&nbsp;G\u00e9nie chimique \u00e0 l\u2019Universit\u00e9 Gamal Abdel\nNasser, a remport\u00e9 le prix de champion mondial 2019 de la Boue Rouge.<\/p>\n\n\n\n<p>Le\nConseil a appr\u00e9ci\u00e9 cette performance qui consacre le g\u00e9nie guin\u00e9en et adress\u00e9\nses f\u00e9licitations \u00e0 l\u2019int\u00e9ress\u00e9<\/p>\n\n\n\n<p><strong>Avant\nde lever la s\u00e9ance, Monsieur le Pr\u00e9sident de la R\u00e9publique a donn\u00e9 au Conseil\nde larges informations sur la situation nationale, africaine et internationale<\/strong><\/p>\n\n\n\n<p><strong>Le\nConseil des Ministres<\/strong><\/p>\n","protected":false},"excerpt":{"rendered":"<p>Sous la pr\u00e9sidence de son Excellence Monsieur le Pr\u00e9sident de la R\u00e9publique, le Conseil des Ministres a tenu sa session ordinaire ce jeudi, 16 Mai 2019, de 10h \u00e0 12h, selon l\u2019ordre du Jour suivant : I. MESSAGE DE SON EXCELLENCE MONSIEUR LE PRESIDENT DE LA REPUBLIQUE II. COMPTE RENDU DES SESSIONS ORDINAIRES DU CONSEIL [&hellip;]<\/p>\n","protected":false},"author":2,"featured_media":4734,"comment_status":"open","ping_status":"open","sticky":false,"template":"","format":"standard","meta":{"footnotes":""},"categories":[2],"tags":[],"class_list":["post-8550","post","type-post","status-publish","format-standard","has-post-thumbnail","hentry","category-actualites"],"_links":{"self":[{"href":"http:\/\/www.friaguinee.net\/index.php\/wp-json\/wp\/v2\/posts\/8550","targetHints":{"allow":["GET"]}}],"collection":[{"href":"http:\/\/www.friaguinee.net\/index.php\/wp-json\/wp\/v2\/posts"}],"about":[{"href":"http:\/\/www.friaguinee.net\/index.php\/wp-json\/wp\/v2\/types\/post"}],"author":[{"embeddable":true,"href":"http:\/\/www.friaguinee.net\/index.php\/wp-json\/wp\/v2\/users\/2"}],"replies":[{"embeddable":true,"href":"http:\/\/www.friaguinee.net\/index.php\/wp-json\/wp\/v2\/comments?post=8550"}],"version-history":[{"count":1,"href":"http:\/\/www.friaguinee.net\/index.php\/wp-json\/wp\/v2\/posts\/8550\/revisions"}],"predecessor-version":[{"id":8551,"href":"http:\/\/www.friaguinee.net\/index.php\/wp-json\/wp\/v2\/posts\/8550\/revisions\/8551"}],"wp:featuredmedia":[{"embeddable":true,"href":"http:\/\/www.friaguinee.net\/index.php\/wp-json\/wp\/v2\/media\/4734"}],"wp:attachment":[{"href":"http:\/\/www.friaguinee.net\/index.php\/wp-json\/wp\/v2\/media?parent=8550"}],"wp:term":[{"taxonomy":"category","embeddable":true,"href":"http:\/\/www.friaguinee.net\/index.php\/wp-json\/wp\/v2\/categories?post=8550"},{"taxonomy":"post_tag","embeddable":true,"href":"http:\/\/www.friaguinee.net\/index.php\/wp-json\/wp\/v2\/tags?post=8550"}],"curies":[{"name":"wp","href":"https:\/\/api.w.org\/{rel}","templated":true}]}}