{"id":7554,"date":"2019-03-11T15:10:32","date_gmt":"2019-03-11T15:10:32","guid":{"rendered":"http:\/\/www.friaguinee.net\/?p=7554"},"modified":"2019-03-11T15:10:43","modified_gmt":"2019-03-11T15:10:43","slug":"guinee-la-ministre-du-plan-et-du-developpement-economique-fait-le-bilan-de-son-departement","status":"publish","type":"post","link":"http:\/\/www.friaguinee.net\/index.php\/2019\/03\/11\/guinee-la-ministre-du-plan-et-du-developpement-economique-fait-le-bilan-de-son-departement\/","title":{"rendered":"Guin\u00e9e: la ministre du plan et du d\u00e9veloppement \u00e9conomique fait le bilan de son d\u00e9partement"},"content":{"rendered":"\n<p>La Ministre du Plan et du D\u00e9veloppement \u00c9conomique, a anim\u00e9 ce\nlundi un point de presse qui s\u2019inscrit dans le cadre de la s\u00e9rie\nde&nbsp;comptes rendus, conform\u00e9ment \u00e0 la volont\u00e9 du Chef de l&rsquo;\u00c9tat&nbsp;Alpha\nCond\u00e9, qui a mandat\u00e9 l\u2019\u00e9quipe gouvernementale \u00e0 partager et communiquer sur le\nbilan, les acquis depuis 2011 dans chaque secteur, les perspectives et les\ndiff\u00e9rents d\u00e9fis \u00e0 relever avec l&rsquo;ensemble de la population.&nbsp;<\/p>\n\n\n\n<p>Deuxi\u00e8me femme Ministre \u00e0 prendre part, \u00e0 cette conf\u00e9rence de\npresse apr\u00e8s celle de l&rsquo;Agriculture, la&nbsp;ministre&nbsp;Kany Diallo pilote\nun d\u00e9partement strat\u00e9gique dans le processus de d\u00e9veloppement \u00e9conomique,\ndurable et inclusive d&rsquo;un&nbsp;\u00c9tat. Avec les efforts du minist\u00e8re du Plan et\ndu&nbsp;D\u00e9veloppement&nbsp;Economique, il est important de rappeler le contexte\ndans lequel se situait la Guin\u00e9e, au regard de la fragmentation du cadre de\ngestion du d\u00e9veloppement du fait de la dualit\u00e9 qui pr\u00e9valait au niveau des\ninstitutions en charge de la gestion du d\u00e9veloppement. Cela a permis de\nparticiper \u00e0 l\u2019impulsion de la dynamique de transformation durable de\nl&rsquo;\u00e9conomie guin\u00e9enne.<\/p>\n\n\n\n<p>Depuis l&rsquo;av\u00e8nement de la troisi\u00e8me\nR\u00e9publique,&nbsp;plusieurs&nbsp;r\u00e9formes \u00e9conomiques et financi\u00e8res&nbsp;ont\n\u00e9t\u00e9 engag\u00e9es pour stabiliser le cadre macro\u00e9conomique, d&rsquo;am\u00e9liorer le climat\ndes affaires, de renouer les relations avec les partenaires techniques et\nfinanciers et d&rsquo;atteindre le point d&rsquo;ach\u00e8vement de l&rsquo;initiative en faveur des\npays pauvres tr\u00e8s endett\u00e9s (PPTE). Ce qui a \u00e9galement permis d&rsquo;en r\u00e9sulter la\nrelance des programmes de coop\u00e9ration et une reprise de l&rsquo;activit\u00e9 \u00e9conomique\navec un taux de croissance du produit int\u00e9rieur brut qui\ns&rsquo;est&nbsp;\u00e9tabli&nbsp;\u00e0 5,4 % en moyenne sur la p\u00e9riode de 2010 \u00e0 2012.&nbsp;<\/p>\n\n\n\n<p>D\u2019entr\u00e9e de jeu, la Ministre du Plan et\ndu&nbsp;D\u00e9veloppement&nbsp;Economique&nbsp;a rappel\u00e9 que malheureusement, cette\ndynamique a \u00e9t\u00e9 contrari\u00e9e par la baisse des cours des minerais sur le march\u00e9\ninternational, les tensions socio-politiques cons\u00e9cutives aux \u00e9lections\nl\u00e9gislatives de 2013, l\u2019apparition de la maladie \u00e0 virus Ebola, provoquant un\nralentissement de l\u2019activit\u00e9 \u00e9conomique et une d\u00e9c\u00e9l\u00e9ration de la croissance du\nPIB qui s\u2019est \u00e9tablie \u00e0 3,8% en moyenne, sur l\u2019ensemble de la p\u00e9riode\n2013-2015.&nbsp;<\/p>\n\n\n\n<p>Globalement, le cadre macro\u00e9conomique est rest\u00e9 stable\nsous-tendu par : l\u2019impact positif de l\u2019annulation en 2012, de la dette de la\nGuin\u00e9e, au titre de l\u2019initiative&nbsp;PPTE, de l\u2019important appui de la\nCommunaut\u00e9 internationale, de l\u2019ordre de 705 millions de dollars\ndes&nbsp;\u00c9tats-Unis,&nbsp;obtenus&nbsp;dans le cadre de la crise provoqu\u00e9e par\nla Maladie \u00e0 Virus Ebola, \u00e0 la suite des conf\u00e9rences de Bruxelles en mars, de\nWashington en avril et de New York en juillet 2015 explique&nbsp;Kanny Diallo.<\/p>\n\n\n\n<p>Poursuivant, la ministre&nbsp;Kanny Diallo a clairement pr\u00e9cis\u00e9\nque depuis 2016, les actions du Minist\u00e8re ont permis d\u2019am\u00e9liorer la gouvernance\nstatistique en rendant fonctionnel le Conseil National de la&nbsp;statistique,\nconform\u00e9ment \u00e0 la loi statistique r\u00e9vis\u00e9e en 2014, en adoptant la deuxi\u00e8me\ng\u00e9n\u00e9ration de la&nbsp;strat\u00e9gie&nbsp;nationale\nde&nbsp;d\u00e9veloppement&nbsp;statistique&nbsp;(SNDS 2), align\u00e9e sur le PNDES 2016-2020\net en ouvrant une fili\u00e8re de formation de cadres moyens\nen&nbsp;statistiques&nbsp;\u00e0 l\u2019\u00c9cole&nbsp;Nationale d\u2019administration&nbsp;de\nGuin\u00e9e.&nbsp;<\/p>\n\n\n\n<p>\u00c0 cela s&rsquo;ajoute, selon la ministre, le renouveau de la\nplanification du d\u00e9veloppement, avec l\u2019adoption de deux plans de d\u00e9veloppement\n\u00e0 moyen terme : le Plan quinquennal 2011-2015 et le&nbsp;PNDES 2016-2020. Ces\ndeux plans traduisent la volont\u00e9 manifeste des autorit\u00e9s, de renouer avec la\ntradition planificatrice de la Guin\u00e9e marqu\u00e9e sur la p\u00e9riode 1960-1985, par la\nmise en \u0153uvre successive de (4) plans de d\u00e9veloppement.<\/p>\n\n\n\n<p>Plus loin, Kanny Diallo a mentionn\u00e9 que le minist\u00e8re du Plan a\n\u00e9t\u00e9 la cheville ouvri\u00e8re de la pr\u00e9paration et de l\u2019organisation de la R\u00e9union\ndu&nbsp;groupe&nbsp;consultatif. Cette r\u00e9union de haut niveau qui s\u2019est tenue \u00e0\nParis en novembre 2017, a permis d\u2019enregistrer des annonces de contributions\ndes partenaires au d\u00e9veloppement de la Guin\u00e9e, d\u2019environ 21,7 milliards de\ndollars des&nbsp;\u00c9tats-Unis, pour le financement du&nbsp;PNDES qui fut un\nimmense succ\u00e8s et ses r\u00e9sultats ont d\u00e9pass\u00e9 les attentes tant du point de vue de\nla participation, de la consistance des \u00e9changes que des annonces de\ncontributions.<\/p>\n\n\n\n<p>Pour finir, la ministre du Plan et\ndu&nbsp;D\u00e9veloppement&nbsp;Economique&nbsp;dira qu\u2019en&nbsp;mati\u00e8re&nbsp;de\nperspective, l\u2019ambition de son d\u00e9partement est d\u2019acc\u00e9l\u00e9rer le rythme de mise en\n\u0153uvre du&nbsp;PNDES.&nbsp;\u00c0 cet effet, l\u2019accent sera particuli\u00e8rement mis sur\nla mise en place et le fonctionnement\ndu&nbsp;dispositif&nbsp;institutionnel&nbsp;de&nbsp;suivi&nbsp;et\nd\u2019\u00c9valuation&nbsp;du PNDES (DISE), la poursuite de la concr\u00e9tisation des engagements\nfinanciers de Paris, l\u2019op\u00e9rationnalisation de la&nbsp;plate-forme&nbsp;de\ngestion des investissements, la formulation du Programme NAFA, le d\u00e9marrage du\nProgramme National de&nbsp;renforcement&nbsp;des Capacit\u00e9s, (PNRC), la\npromotion de la planification r\u00e9gionale et de l\u2019am\u00e9nagement du territoire, la\nr\u00e9daction d\u2019un manuel de r\u00e9f\u00e9rence pour la gestion du d\u00e9veloppement en\nGuin\u00e9e&nbsp;conclut-elle.<\/p>\n\n\n\n<p><strong>CCG<\/strong><\/p>\n","protected":false},"excerpt":{"rendered":"<p>La Ministre du Plan et du D\u00e9veloppement \u00c9conomique, a anim\u00e9 ce lundi un point de presse qui s\u2019inscrit dans le cadre de la s\u00e9rie de&nbsp;comptes rendus, conform\u00e9ment \u00e0 la volont\u00e9 du Chef de l&rsquo;\u00c9tat&nbsp;Alpha Cond\u00e9, qui a mandat\u00e9 l\u2019\u00e9quipe gouvernementale \u00e0 partager et communiquer sur le bilan, les acquis depuis 2011 dans chaque secteur, les [&hellip;]<\/p>\n","protected":false},"author":2,"featured_media":7555,"comment_status":"open","ping_status":"open","sticky":false,"template":"","format":"standard","meta":{"footnotes":""},"categories":[2],"tags":[],"class_list":["post-7554","post","type-post","status-publish","format-standard","has-post-thumbnail","hentry","category-actualites"],"_links":{"self":[{"href":"http:\/\/www.friaguinee.net\/index.php\/wp-json\/wp\/v2\/posts\/7554","targetHints":{"allow":["GET"]}}],"collection":[{"href":"http:\/\/www.friaguinee.net\/index.php\/wp-json\/wp\/v2\/posts"}],"about":[{"href":"http:\/\/www.friaguinee.net\/index.php\/wp-json\/wp\/v2\/types\/post"}],"author":[{"embeddable":true,"href":"http:\/\/www.friaguinee.net\/index.php\/wp-json\/wp\/v2\/users\/2"}],"replies":[{"embeddable":true,"href":"http:\/\/www.friaguinee.net\/index.php\/wp-json\/wp\/v2\/comments?post=7554"}],"version-history":[{"count":1,"href":"http:\/\/www.friaguinee.net\/index.php\/wp-json\/wp\/v2\/posts\/7554\/revisions"}],"predecessor-version":[{"id":7556,"href":"http:\/\/www.friaguinee.net\/index.php\/wp-json\/wp\/v2\/posts\/7554\/revisions\/7556"}],"wp:featuredmedia":[{"embeddable":true,"href":"http:\/\/www.friaguinee.net\/index.php\/wp-json\/wp\/v2\/media\/7555"}],"wp:attachment":[{"href":"http:\/\/www.friaguinee.net\/index.php\/wp-json\/wp\/v2\/media?parent=7554"}],"wp:term":[{"taxonomy":"category","embeddable":true,"href":"http:\/\/www.friaguinee.net\/index.php\/wp-json\/wp\/v2\/categories?post=7554"},{"taxonomy":"post_tag","embeddable":true,"href":"http:\/\/www.friaguinee.net\/index.php\/wp-json\/wp\/v2\/tags?post=7554"}],"curies":[{"name":"wp","href":"https:\/\/api.w.org\/{rel}","templated":true}]}}