{"id":7481,"date":"2019-03-04T18:01:38","date_gmt":"2019-03-04T18:01:38","guid":{"rendered":"http:\/\/www.friaguinee.net\/?p=7481"},"modified":"2019-03-04T18:01:38","modified_gmt":"2019-03-04T18:01:38","slug":"guinee-penser-equitablement-batir-intelligemment-innover-pour-le-changement-est-le-theme-de-la-journee-du-8-mars","status":"publish","type":"post","link":"http:\/\/www.friaguinee.net\/index.php\/2019\/03\/04\/guinee-penser-equitablement-batir-intelligemment-innover-pour-le-changement-est-le-theme-de-la-journee-du-8-mars\/","title":{"rendered":"Guin\u00e9e: \u00ab Penser \u00e9quitablement, b\u00e2tir intelligemment, innover pour le changement\u00bb est le th\u00e8me de la journ\u00e9e du 8 mars"},"content":{"rendered":"<p>C\u2019est sous le signe d\u2019un certain renouveau que la Guin\u00e9e compte c\u00e9l\u00e9brer la f\u00eate internationale des femmes de cette ann\u00e9e. Pour annoncer les couleurs de la c\u00e9l\u00e9bration de cette ann\u00e9e, la ministre de l&rsquo;Action Sociale, de la\u00a0Promotion\u00a0F\u00e9minine et de l&rsquo;Enfance, a anim\u00e9 ce vendredi un point de presse relatif \u00e0 la campagne de communication relative justement \u00e0 la c\u00e9l\u00e9bration du 08 mars.<\/p>\n<p>Au niveau international, la f\u00eate du 8 mars de cette ann\u00e9e sera c\u00e9l\u00e9br\u00e9e autour du th\u00e8me : \u00ab Penser \u00e9quitablement, b\u00e2tir intelligemment, innover pour le changement\u00bb.\u00a0\u00c0\u00a0ce th\u00e8me central, se greffe celui de la 63\u00e8me session de la Commission des Nations unies sur la\u00a0condition de la femme. Quant au niveau national, l\u2019accent sera mis sur l\u2019autonomisation des femmes \u00e0 travers la th\u00e9matique : \u00ab Autonomisation des femmes en lien avec le d\u00e9veloppement durable : Bilan de 2010 \u00e0 nos jours \u00bb.<\/p>\n<p>D\u2019entr\u00e9e de jeu, la ministre\u00a0Diaby Sylla Mariama a d\u2019abord rappel\u00e9 la gen\u00e8se de la c\u00e9l\u00e9bration de cette f\u00eate \u00e0 l&rsquo;\u00e9chelle internationale avant de mentionner que cette journ\u00e9e est une occasion de mobiliser en faveur des droits des femmes et\u00a0leur participation\u00a0\u00e0 la vie politique et \u00e9conomique. Elle permet \u00e9galement aux \u00c9tats d&rsquo;\u00e9valuer les diff\u00e9rents engagements auxquels ils souscrivent en faveur de l&rsquo;\u00e9mancipation f\u00e9minine pr\u00e9cise-t-elle.<\/p>\n<p>Pour la ministre de l&rsquo;Action Sociale, de la\u00a0Promotion\u00a0F\u00e9minine\u00a0et de l&rsquo;Enfance, les Nations unies\u00a0proposent\u00a0de r\u00e9fl\u00e9chir aux moyens innovants permettant de faire progresser l\u2019\u00e9galit\u00e9 des sexes et l\u2019autonomisation des femmes, notamment dans les domaines des syst\u00e8mes de protection sociale, acc\u00e8s aux services publics et aux infrastructures durables au service de l\u2019\u00e9galit\u00e9 des sexes et l\u2019autonomisation des femmes et des filles.<\/p>\n<p>Selon,\u00a0Diaby Sylla Mariama, au regard des besoins les actions en cours ne suffiront pas pour l\u2019instauration d\u2019une\u00a0plan\u00e8te\u00a050-50 d\u2019ici 2030. Face \u00e0 cette situation, le d\u00e9partement en charge de l\u2019Action Sociale, de la\u00a0Promotion\u00a0F\u00e9minine et de l\u2019Enfance se tourne vers des approches novatrices, capables de rompre avec le statu quo, pour \u00e9liminer les obstacles structurels et faire en sorte qu\u2019en Guin\u00e9e aucune femme ni aucune fille ne soit laiss\u00e9e de c\u00f4t\u00e9 explique-t-elle.<\/p>\n<p>Poursuivant, la ministre dira que la r\u00e9alisation des ambitieux objectifs de d\u00e9veloppement durable (ODD), exige des changements transformateurs, des approches int\u00e9gr\u00e9es et de nouvelles solutions, en particulier lorsqu\u2019il est question de la promotion de l\u2019\u00e9galit\u00e9 des sexes et de l\u2019autonomisation de toutes les femmes et les filles.<\/p>\n<p>CCG<\/p>\n","protected":false},"excerpt":{"rendered":"<p>C\u2019est sous le signe d\u2019un certain renouveau que la Guin\u00e9e compte c\u00e9l\u00e9brer la f\u00eate internationale des femmes de cette ann\u00e9e. Pour annoncer les couleurs de la c\u00e9l\u00e9bration de cette ann\u00e9e, la ministre de l&rsquo;Action Sociale, de la\u00a0Promotion\u00a0F\u00e9minine et de l&rsquo;Enfance, a anim\u00e9 ce vendredi un point de presse relatif \u00e0 la campagne de communication relative [&hellip;]<\/p>\n","protected":false},"author":2,"featured_media":7482,"comment_status":"open","ping_status":"open","sticky":false,"template":"","format":"standard","meta":{"footnotes":""},"categories":[2],"tags":[],"class_list":["post-7481","post","type-post","status-publish","format-standard","has-post-thumbnail","hentry","category-actualites"],"_links":{"self":[{"href":"http:\/\/www.friaguinee.net\/index.php\/wp-json\/wp\/v2\/posts\/7481","targetHints":{"allow":["GET"]}}],"collection":[{"href":"http:\/\/www.friaguinee.net\/index.php\/wp-json\/wp\/v2\/posts"}],"about":[{"href":"http:\/\/www.friaguinee.net\/index.php\/wp-json\/wp\/v2\/types\/post"}],"author":[{"embeddable":true,"href":"http:\/\/www.friaguinee.net\/index.php\/wp-json\/wp\/v2\/users\/2"}],"replies":[{"embeddable":true,"href":"http:\/\/www.friaguinee.net\/index.php\/wp-json\/wp\/v2\/comments?post=7481"}],"version-history":[{"count":1,"href":"http:\/\/www.friaguinee.net\/index.php\/wp-json\/wp\/v2\/posts\/7481\/revisions"}],"predecessor-version":[{"id":7483,"href":"http:\/\/www.friaguinee.net\/index.php\/wp-json\/wp\/v2\/posts\/7481\/revisions\/7483"}],"wp:featuredmedia":[{"embeddable":true,"href":"http:\/\/www.friaguinee.net\/index.php\/wp-json\/wp\/v2\/media\/7482"}],"wp:attachment":[{"href":"http:\/\/www.friaguinee.net\/index.php\/wp-json\/wp\/v2\/media?parent=7481"}],"wp:term":[{"taxonomy":"category","embeddable":true,"href":"http:\/\/www.friaguinee.net\/index.php\/wp-json\/wp\/v2\/categories?post=7481"},{"taxonomy":"post_tag","embeddable":true,"href":"http:\/\/www.friaguinee.net\/index.php\/wp-json\/wp\/v2\/tags?post=7481"}],"curies":[{"name":"wp","href":"https:\/\/api.w.org\/{rel}","templated":true}]}}