{"id":7363,"date":"2019-02-23T16:21:28","date_gmt":"2019-02-23T16:21:28","guid":{"rendered":"http:\/\/www.friaguinee.net\/?p=7363"},"modified":"2019-02-23T16:21:28","modified_gmt":"2019-02-23T16:21:28","slug":"conakry-le-conseil-communal-de-kaloum-adopte-le-budget-de-lexercice-2019","status":"publish","type":"post","link":"http:\/\/www.friaguinee.net\/index.php\/2019\/02\/23\/conakry-le-conseil-communal-de-kaloum-adopte-le-budget-de-lexercice-2019\/","title":{"rendered":"Conakry: le conseil communal de Kaloum adopte le budget de l\u2019exercice 2019"},"content":{"rendered":"<p>Le conseil communal de Kaloum a adopt\u00e9 \u00e0 l\u2019unanimit\u00e9 ce jeudi, 21 f\u00e9vrier 2019, dans la salle de r\u00e9union de ladite commune, le budget de l\u2019exercice 2019 qui s\u2019\u00e9l\u00e8ve \u00e0 (52\u00a0393\u00a0467\u00a0652 GNF) cinquante deux milliards trois cent quatre vingt treize millions quatre cent soixante-sept mille six cent cinquante-deux francs guin\u00e9ens. La session \u00e9tait pr\u00e9sid\u00e9e par la maire, Aminata Tour\u00e9.<br \/>\nLes 29 conseillers qui composent la commune ont tous vot\u00e9 \u00e0 l\u2019unanimit\u00e9 le budget de l\u2019exercice 2019 qui est arr\u00eat\u00e9 en recettes et en d\u00e9penses \u00e0 la somme de 52\u00a0393\u00a0467\u00a0652 Gnf, en pr\u00e9sence de la soci\u00e9t\u00e9 civile, les chefs de quartier et plusieurs services techniques.<br \/>\nLe premier projet de budget primitif 2019 propos\u00e9 par les services d\u00e9concentr\u00e9s et d\u00e9centralis\u00e9s sp\u00e9cialis\u00e9s a suscit\u00e9 des d\u00e9bats autour des questions de d\u00e9veloppement apr\u00e8s sa pr\u00e9sentation. C\u2019est ainsi que la pl\u00e9ni\u00e8re qui a pris en compte plusieurs param\u00e8tres, dont la pertinence des orientations r\u00e9pondant aux objectifs de d\u00e9veloppement de l\u2019ex\u00e9cutif communal, a d\u00e9cid\u00e9 de mettre sur pied une commission constitu\u00e9e des techniciens et conseillers qui ont r\u00e9examin\u00e9 et amend\u00e9 le projet de budget et formul\u00e9 de nouvelles propositions qui y ont \u00e9t\u00e9 int\u00e9gr\u00e9es.<br \/>\nPour la maire de la commune de Kaloum, Aminata Tour\u00e9, le budget adopt\u00e9 est \u00e9quilibr\u00e9 en recettes et d\u00e9penses. \u2018\u2019Le budget est tr\u00e8s ambitieux parce que le chef de l\u2019Etat a pris des mesures salutaires en ce qui concerne l\u2019approche et l\u2019aide aux communaut\u00e9s, mais sachez aussi que nous ne nous arr\u00eaterons pas simplement \u00e0 ce montant, nous irons vers les ambassades, les soci\u00e9t\u00e9s priv\u00e9es qui veulent nous accompagner et pourquoi pas \u00e0 l\u2019ext\u00e9rieur pour r\u00e9colter des fonds et compl\u00e9ter notre budget \u2018\u2019informe-t-elle.<br \/>\nAbordant les axes prioritaires dans l\u2019utilisation du montant adopt\u00e9, la premi\u00e8re responsable de la commune de Kaloum, affirme que tout est prioritaire. \u2018\u2019Je vous dirais que tout est prioritaire mais l\u2019assainissement occupe une place importante dans notre programme, c\u2019est pourquoi nous avons lanc\u00e9 un appel d\u2019offre pour recruter une agence pour la gestion des d\u00e9chets, ensuite nous avons le genre qui est tr\u00e8s important pour nous, la cr\u00e9ation d\u2019emploi pour les jeunes, les sages et les retrait\u00e9s, nous n\u2019occulterons personne\u2019\u2019, rench\u00e9rit la maire.<br \/>\nIl faut noter que dans les dispositions finales de la session, il\u00a0 a \u00e9t\u00e9 adopt\u00e9 \u00e9galement que le pr\u00e9sent budget sera ex\u00e9cut\u00e9 sur la base d\u2019esquisses budg\u00e9taires trimestrielles et sur la gestion ax\u00e9e sur les r\u00e9sultats. Dans la m\u00eame optique, il est aussi pr\u00e9vu que les variations feront objet de remaniement budg\u00e9taire au deuxi\u00e8me semestre de l\u2019ann\u00e9e 2019 conform\u00e9ment aux dispositions l\u00e9gales en vigueur.<\/p>\n<p>ADB<\/p>\n","protected":false},"excerpt":{"rendered":"<p>Le conseil communal de Kaloum a adopt\u00e9 \u00e0 l\u2019unanimit\u00e9 ce jeudi, 21 f\u00e9vrier 2019, dans la salle de r\u00e9union de ladite commune, le budget de l\u2019exercice 2019 qui s\u2019\u00e9l\u00e8ve \u00e0 (52\u00a0393\u00a0467\u00a0652 GNF) cinquante deux milliards trois cent quatre vingt treize millions quatre cent soixante-sept mille six cent cinquante-deux francs guin\u00e9ens. La session \u00e9tait pr\u00e9sid\u00e9e par [&hellip;]<\/p>\n","protected":false},"author":2,"featured_media":7365,"comment_status":"open","ping_status":"open","sticky":false,"template":"","format":"standard","meta":{"footnotes":""},"categories":[2],"tags":[],"class_list":["post-7363","post","type-post","status-publish","format-standard","has-post-thumbnail","hentry","category-actualites"],"_links":{"self":[{"href":"http:\/\/www.friaguinee.net\/index.php\/wp-json\/wp\/v2\/posts\/7363","targetHints":{"allow":["GET"]}}],"collection":[{"href":"http:\/\/www.friaguinee.net\/index.php\/wp-json\/wp\/v2\/posts"}],"about":[{"href":"http:\/\/www.friaguinee.net\/index.php\/wp-json\/wp\/v2\/types\/post"}],"author":[{"embeddable":true,"href":"http:\/\/www.friaguinee.net\/index.php\/wp-json\/wp\/v2\/users\/2"}],"replies":[{"embeddable":true,"href":"http:\/\/www.friaguinee.net\/index.php\/wp-json\/wp\/v2\/comments?post=7363"}],"version-history":[{"count":2,"href":"http:\/\/www.friaguinee.net\/index.php\/wp-json\/wp\/v2\/posts\/7363\/revisions"}],"predecessor-version":[{"id":7367,"href":"http:\/\/www.friaguinee.net\/index.php\/wp-json\/wp\/v2\/posts\/7363\/revisions\/7367"}],"wp:featuredmedia":[{"embeddable":true,"href":"http:\/\/www.friaguinee.net\/index.php\/wp-json\/wp\/v2\/media\/7365"}],"wp:attachment":[{"href":"http:\/\/www.friaguinee.net\/index.php\/wp-json\/wp\/v2\/media?parent=7363"}],"wp:term":[{"taxonomy":"category","embeddable":true,"href":"http:\/\/www.friaguinee.net\/index.php\/wp-json\/wp\/v2\/categories?post=7363"},{"taxonomy":"post_tag","embeddable":true,"href":"http:\/\/www.friaguinee.net\/index.php\/wp-json\/wp\/v2\/tags?post=7363"}],"curies":[{"name":"wp","href":"https:\/\/api.w.org\/{rel}","templated":true}]}}