{"id":7264,"date":"2019-02-21T15:30:43","date_gmt":"2019-02-21T15:30:43","guid":{"rendered":"http:\/\/www.friaguinee.net\/?p=7264"},"modified":"2019-02-21T15:30:43","modified_gmt":"2019-02-21T15:30:43","slug":"nigeria-la-journee-de-vendredi-declaree-feriee","status":"publish","type":"post","link":"http:\/\/www.friaguinee.net\/index.php\/2019\/02\/21\/nigeria-la-journee-de-vendredi-declaree-feriee\/","title":{"rendered":"Nig\u00e9ria: la journ\u00e9e de vendredi d\u00e9clar\u00e9e f\u00e9ri\u00e9e"},"content":{"rendered":"<p>Les autorit\u00e9s nig\u00e9rianes ont d\u00e9cr\u00e9t\u00e9 la journ\u00e9e de vendredi f\u00e9ri\u00e9e sur toute l\u2019\u00e9tendue du territoire, pour permettre aux populations de mieux se pr\u00e9parer aux \u00e9lections pr\u00e9sidentielle et l\u00e9gislatives pr\u00e9vues samedi.<\/p>\n<p>\u00ab\u00a0Le gouvernement f\u00e9d\u00e9ral d\u00e9clare vendredi jour ch\u00f4m\u00e9. Les personnes assurant des t\u00e2ches essentielles et les banquiers ne sont pas concern\u00e9es\u00a0\u00bb, indique un communiqu\u00e9 du minist\u00e8re de l\u2019Int\u00e9rieur.<\/p>\n<p>\u00ab\u00a0Cette journ\u00e9e sans travail permettra aux citoyens de retourner dans leurs bureaux de vote pour participer aux \u00e9lections pr\u00e9sidentielle et l\u00e9gislative\u00a0\u00bb, poursuit le communiqu\u00e9.<\/p>\n<p>La Commission \u00e9lectorale ind\u00e9pendante du Nigeria (INEC) avait d\u00e9cid\u00e9 le report au 23 f\u00e9vrier des \u00e9lections pr\u00e9sidentielles et l\u00e9gislatives cens\u00e9es se tenir le 16 courant, et ce \u00e0 cause de probl\u00e8mes logistiques.<\/p>\n<p>Plus de 84 millions de Nig\u00e9rians sont attendus dans les quelques 120.000 bureaux de vote pour \u00e9lire un nouveau chef d\u2019Etat, ainsi que les 360 si\u00e8ges de la Chambre des repr\u00e9sentants et les 109 du S\u00e9nat.<\/p>\n","protected":false},"excerpt":{"rendered":"<p>Les autorit\u00e9s nig\u00e9rianes ont d\u00e9cr\u00e9t\u00e9 la journ\u00e9e de vendredi f\u00e9ri\u00e9e sur toute l\u2019\u00e9tendue du territoire, pour permettre aux populations de mieux se pr\u00e9parer aux \u00e9lections pr\u00e9sidentielle et l\u00e9gislatives pr\u00e9vues samedi. \u00ab\u00a0Le gouvernement f\u00e9d\u00e9ral d\u00e9clare vendredi jour ch\u00f4m\u00e9. Les personnes assurant des t\u00e2ches essentielles et les banquiers ne sont pas concern\u00e9es\u00a0\u00bb, indique un communiqu\u00e9 du minist\u00e8re [&hellip;]<\/p>\n","protected":false},"author":2,"featured_media":7265,"comment_status":"open","ping_status":"open","sticky":false,"template":"","format":"standard","meta":{"footnotes":""},"categories":[42],"tags":[],"class_list":["post-7264","post","type-post","status-publish","format-standard","has-post-thumbnail","hentry","category-afrique"],"_links":{"self":[{"href":"http:\/\/www.friaguinee.net\/index.php\/wp-json\/wp\/v2\/posts\/7264","targetHints":{"allow":["GET"]}}],"collection":[{"href":"http:\/\/www.friaguinee.net\/index.php\/wp-json\/wp\/v2\/posts"}],"about":[{"href":"http:\/\/www.friaguinee.net\/index.php\/wp-json\/wp\/v2\/types\/post"}],"author":[{"embeddable":true,"href":"http:\/\/www.friaguinee.net\/index.php\/wp-json\/wp\/v2\/users\/2"}],"replies":[{"embeddable":true,"href":"http:\/\/www.friaguinee.net\/index.php\/wp-json\/wp\/v2\/comments?post=7264"}],"version-history":[{"count":1,"href":"http:\/\/www.friaguinee.net\/index.php\/wp-json\/wp\/v2\/posts\/7264\/revisions"}],"predecessor-version":[{"id":7266,"href":"http:\/\/www.friaguinee.net\/index.php\/wp-json\/wp\/v2\/posts\/7264\/revisions\/7266"}],"wp:featuredmedia":[{"embeddable":true,"href":"http:\/\/www.friaguinee.net\/index.php\/wp-json\/wp\/v2\/media\/7265"}],"wp:attachment":[{"href":"http:\/\/www.friaguinee.net\/index.php\/wp-json\/wp\/v2\/media?parent=7264"}],"wp:term":[{"taxonomy":"category","embeddable":true,"href":"http:\/\/www.friaguinee.net\/index.php\/wp-json\/wp\/v2\/categories?post=7264"},{"taxonomy":"post_tag","embeddable":true,"href":"http:\/\/www.friaguinee.net\/index.php\/wp-json\/wp\/v2\/tags?post=7264"}],"curies":[{"name":"wp","href":"https:\/\/api.w.org\/{rel}","templated":true}]}}