{"id":7254,"date":"2019-02-20T15:41:39","date_gmt":"2019-02-20T15:41:39","guid":{"rendered":"http:\/\/www.friaguinee.net\/?p=7254"},"modified":"2019-02-20T15:43:02","modified_gmt":"2019-02-20T15:43:02","slug":"dabola-plusieurs-vehicules-endommages-le-prefet-et-le-missionnaire-de-la-seg-attaques","status":"publish","type":"post","link":"http:\/\/www.friaguinee.net\/index.php\/2019\/02\/20\/dabola-plusieurs-vehicules-endommages-le-prefet-et-le-missionnaire-de-la-seg-attaques\/","title":{"rendered":"Dabola: plusieurs v\u00e9hicules endommag\u00e9s, le pr\u00e9fet et le missionnaire de la SEG attaqu\u00e9s"},"content":{"rendered":"<p>Les sc\u00e8nes de violences gagnent de plus en plus de terrain dans la pr\u00e9fecture de Dabola o\u00f9, des jeunes en furie, se sont attaqu\u00e9s violemment aux missionnaires de la Soci\u00e9t\u00e9 des Eaux dde Guin\u00e9e (SEG) et de l\u2019Electricit\u00e9 de Guin\u00e9e (EDG) ainsi qu\u2019aux autorit\u00e9s administratives.<span id=\"more-6874\"><\/span><\/p>\n<p>Selon une source polici\u00e8re, \u00a0\u00bb les manifestants nous ont attaqu\u00e9s au domicile du patriarche de la ville de Dabola. C\u2019est l\u00e0 o\u00f9 on a \u00e9t\u00e9 envahis. Et m\u00eame le pr\u00e9fet, Ibrahima Sy Savan\u00e9 \u00e9tait dans la d\u00e9l\u00e9gation\u2026\u00a0\u00bb<\/p>\n<p>Les (03) trois v\u00e9hicules endommag\u00e9s par les jeunes en col\u00e8re appartiendraient respectivement selon une source, au secr\u00e9taire g\u00e9n\u00e9ral charg\u00e9 des collectivit\u00e9s d\u00e9centralis\u00e9es, Mohamed Lamine Sako, celui de la commune urbaine de Dabola, Lamine Morodou Diakit\u00e9 et au commissaire central de police, Aboubacar Traor\u00e9.<\/p>\n<p>La m\u00eame source ajoute que\u00a0: \u00a0\u00bb toute la ville est s\u00e9curis\u00e9e par des agents des services de s\u00e9curit\u00e9 venus de Faranah, Mamou, Lab\u00e9. Ceux de Kankan sont en route pour la pr\u00e9fecture de Dabola en \u00e9bullition depuis 72 heures maintenant.\u00a0\u00bb<\/p>\n<p>&nbsp;<\/p>\n<p><strong>AGP<\/strong><\/p>\n","protected":false},"excerpt":{"rendered":"<p>Les sc\u00e8nes de violences gagnent de plus en plus de terrain dans la pr\u00e9fecture de Dabola o\u00f9, des jeunes en furie, se sont attaqu\u00e9s violemment aux missionnaires de la Soci\u00e9t\u00e9 des Eaux dde Guin\u00e9e (SEG) et de l\u2019Electricit\u00e9 de Guin\u00e9e (EDG) ainsi qu\u2019aux autorit\u00e9s administratives. Selon une source polici\u00e8re, \u00a0\u00bb les manifestants nous ont attaqu\u00e9s [&hellip;]<\/p>\n","protected":false},"author":2,"featured_media":7208,"comment_status":"open","ping_status":"open","sticky":false,"template":"","format":"standard","meta":{"footnotes":""},"categories":[2],"tags":[],"class_list":["post-7254","post","type-post","status-publish","format-standard","has-post-thumbnail","hentry","category-actualites"],"_links":{"self":[{"href":"http:\/\/www.friaguinee.net\/index.php\/wp-json\/wp\/v2\/posts\/7254","targetHints":{"allow":["GET"]}}],"collection":[{"href":"http:\/\/www.friaguinee.net\/index.php\/wp-json\/wp\/v2\/posts"}],"about":[{"href":"http:\/\/www.friaguinee.net\/index.php\/wp-json\/wp\/v2\/types\/post"}],"author":[{"embeddable":true,"href":"http:\/\/www.friaguinee.net\/index.php\/wp-json\/wp\/v2\/users\/2"}],"replies":[{"embeddable":true,"href":"http:\/\/www.friaguinee.net\/index.php\/wp-json\/wp\/v2\/comments?post=7254"}],"version-history":[{"count":1,"href":"http:\/\/www.friaguinee.net\/index.php\/wp-json\/wp\/v2\/posts\/7254\/revisions"}],"predecessor-version":[{"id":7257,"href":"http:\/\/www.friaguinee.net\/index.php\/wp-json\/wp\/v2\/posts\/7254\/revisions\/7257"}],"wp:featuredmedia":[{"embeddable":true,"href":"http:\/\/www.friaguinee.net\/index.php\/wp-json\/wp\/v2\/media\/7208"}],"wp:attachment":[{"href":"http:\/\/www.friaguinee.net\/index.php\/wp-json\/wp\/v2\/media?parent=7254"}],"wp:term":[{"taxonomy":"category","embeddable":true,"href":"http:\/\/www.friaguinee.net\/index.php\/wp-json\/wp\/v2\/categories?post=7254"},{"taxonomy":"post_tag","embeddable":true,"href":"http:\/\/www.friaguinee.net\/index.php\/wp-json\/wp\/v2\/tags?post=7254"}],"curies":[{"name":"wp","href":"https:\/\/api.w.org\/{rel}","templated":true}]}}