{"id":6946,"date":"2019-02-12T17:49:18","date_gmt":"2019-02-12T17:49:18","guid":{"rendered":"http:\/\/www.friaguinee.net\/?p=6946"},"modified":"2019-02-12T17:49:18","modified_gmt":"2019-02-12T17:49:18","slug":"fria-lanafic-va-mettre-plus-de-2-milliards-a-la-disposition-de-la-commune-urbaine","status":"publish","type":"post","link":"http:\/\/www.friaguinee.net\/index.php\/2019\/02\/12\/fria-lanafic-va-mettre-plus-de-2-milliards-a-la-disposition-de-la-commune-urbaine\/","title":{"rendered":"Fria : l\u2019ANAFIC va mettre plus de 2 milliards \u00e0 la disposition de la commune urbaine"},"content":{"rendered":"<p style=\"text-align: justify;\">Install\u00e9 le 7 octobre 2019, le conseil communal de la ville de Fria, a tenu ce mardi dans la salle des actes de la mairie, une r\u00e9union de restitution\u00a0 d\u2019un atelier de renforcement de capacit\u00e9s qui a eu lieu \u00e0 Conakry.<\/p>\n<p>L\u2019occasion a \u00e9t\u00e9 mise \u00e0 profit par le maire de la commune urbaine pour annoncer aux \u00e9lus locaux que l\u2019Agence Nationale de Financement des collectivit\u00e9s doit mettre \u00e0 leur disposition un montant de 2.078.840.418 GNF.<\/p>\n<p>C\u2019est une bonne nouvelle pour l\u2019\u00e9quipe du Maire Lansana Boffa Camara qui, \u00e0 travers ce fonds, va mettre en \u0153uvre, son plan de d\u00e9veloppement local.<\/p>\n<p>\u00ab\u00a0<strong><em>L\u2019Agence Nationale de Financement des Collectivit\u00e9s locales nous a fait une dotation de plus de deux milliards. Ils seront orient\u00e9s dans des actions bien cibl\u00e9es qui sont entre autres, la construction de la route Fatala-Fria, la construction des \u00e9coles de six classes avec forages \u00e0 Fatala et \u00e0 Katourou 3 dans la commune urbaine, la construction d\u2019un terrain de football \u00e0 Fria ville , la construction de la cl\u00f4ture de la mairie et la construction d\u2019un march\u00e9 \u00e0 Fria centre<\/em><\/strong>\u00a0\u00bb \u00e9num\u00e8re le Maire de la Commune Urbaine.<\/p>\n<p>Ce montant n\u2019est pour le moment pas vers\u00e9 sur le compte ANAFIC de la mairie, mais le Maire lui, rassure qu\u2019il est bel et bien disponible et sera bient\u00f4t \u00e0 leur disposition.<\/p>\n<p><strong>Dj\u00e9nabou Batco Diallo<\/strong><\/p>\n","protected":false},"excerpt":{"rendered":"<p>Install\u00e9 le 7 octobre 2019, le conseil communal de la ville de Fria, a tenu ce mardi dans la salle des actes de la mairie, une r\u00e9union de restitution\u00a0 d\u2019un atelier de renforcement de capacit\u00e9s qui a eu lieu \u00e0 Conakry. L\u2019occasion a \u00e9t\u00e9 mise \u00e0 profit par le maire de la commune urbaine pour [&hellip;]<\/p>\n","protected":false},"author":2,"featured_media":6947,"comment_status":"open","ping_status":"open","sticky":false,"template":"","format":"standard","meta":{"footnotes":""},"categories":[213],"tags":[701,559,49,700],"class_list":["post-6946","post","type-post","status-publish","format-standard","has-post-thumbnail","hentry","category-developpement","tag-anafic","tag-commune","tag-fria","tag-urbaine"],"_links":{"self":[{"href":"http:\/\/www.friaguinee.net\/index.php\/wp-json\/wp\/v2\/posts\/6946","targetHints":{"allow":["GET"]}}],"collection":[{"href":"http:\/\/www.friaguinee.net\/index.php\/wp-json\/wp\/v2\/posts"}],"about":[{"href":"http:\/\/www.friaguinee.net\/index.php\/wp-json\/wp\/v2\/types\/post"}],"author":[{"embeddable":true,"href":"http:\/\/www.friaguinee.net\/index.php\/wp-json\/wp\/v2\/users\/2"}],"replies":[{"embeddable":true,"href":"http:\/\/www.friaguinee.net\/index.php\/wp-json\/wp\/v2\/comments?post=6946"}],"version-history":[{"count":3,"href":"http:\/\/www.friaguinee.net\/index.php\/wp-json\/wp\/v2\/posts\/6946\/revisions"}],"predecessor-version":[{"id":6950,"href":"http:\/\/www.friaguinee.net\/index.php\/wp-json\/wp\/v2\/posts\/6946\/revisions\/6950"}],"wp:featuredmedia":[{"embeddable":true,"href":"http:\/\/www.friaguinee.net\/index.php\/wp-json\/wp\/v2\/media\/6947"}],"wp:attachment":[{"href":"http:\/\/www.friaguinee.net\/index.php\/wp-json\/wp\/v2\/media?parent=6946"}],"wp:term":[{"taxonomy":"category","embeddable":true,"href":"http:\/\/www.friaguinee.net\/index.php\/wp-json\/wp\/v2\/categories?post=6946"},{"taxonomy":"post_tag","embeddable":true,"href":"http:\/\/www.friaguinee.net\/index.php\/wp-json\/wp\/v2\/tags?post=6946"}],"curies":[{"name":"wp","href":"https:\/\/api.w.org\/{rel}","templated":true}]}}