{"id":6683,"date":"2019-01-24T21:21:41","date_gmt":"2019-01-24T21:21:41","guid":{"rendered":"http:\/\/www.friaguinee.net\/?p=6683"},"modified":"2019-01-24T21:21:41","modified_gmt":"2019-01-24T21:21:41","slug":"conakry-ville-propre-mes-eclaircissements-par-moustapha-naite","status":"publish","type":"post","link":"http:\/\/www.friaguinee.net\/index.php\/2019\/01\/24\/conakry-ville-propre-mes-eclaircissements-par-moustapha-naite\/","title":{"rendered":"\u00ab Conakry Ville Propre \u00bb : Mes \u00e9claircissements (Par Moustapha Na\u00eft\u00e9)"},"content":{"rendered":"<p>A chaque journ\u00e9e \u00ab Conakry Ville Propre \u00bb, des pol\u00e9miques ou interpr\u00e9tations diverses surgissent tant de la part des citoyens, des m\u00e9dias, de la soci\u00e9t\u00e9 civile que des politiques sur l\u2019utilit\u00e9 d\u2019une telle activit\u00e9. Je voudrais en ma double qualit\u00e9 de Ministre des Travaux Publics et Pr\u00e9sident de la Commission interminist\u00e9rielle qui veille \u00e0 l\u2019ex\u00e9cution de la \u00ab Journ\u00e9e de Participation Citoyenne aux Travaux d\u2019Assainissement de la Ville de Conakry d\u00e9nomm\u00e9e \u00ab Conakry Ville Propre \u00bb apporter des \u00e9claircissements d\u2019une part et informer les uns et les autres sur le bien-fond\u00e9 de \u00ab Conakry Ville Propre \u00bb d\u2019autre part.<\/p>\n<p><strong>En quoi consiste la \u00ab Journ\u00e9e de Participation Citoyenne aux Travaux d\u2019Assainissement \u00bb ?<\/strong><\/p>\n<div class=\"td-g-rec td-g-rec-id-content_inlineleft td_uid_13_5c4a25b39cede_rand td_block_template_1 \"><\/div>\n<p>Avant tout, il me sied d\u2019insister que la \u00ab Journ\u00e9e de Participation Citoyenne \u00bb n\u2019est pas THE SOLUTION encore moins LA STRATEGIE du Gouvernement pour l\u2019assainissement de la ville de Conakry.<\/p>\n<p>SUR L\u2019INSTAURATION : Cette journ\u00e9e a \u00e9t\u00e9 institu\u00e9e par le Gouvernement en Conseil des Ministres. Une Commission Interminist\u00e9rielle a \u00e9t\u00e9 mise en place pour l\u2019ex\u00e9cution et le suivi de l\u2019activit\u00e9 tous les derniers samedis du mois de 6h \u00e0 11h. C\u2019est le Ministre des Travaux Publics qui a \u00e9t\u00e9 d\u00e9sign\u00e9 pour assurer la coordination de cette Commission. Ce qui explique mon implication totale et mon omnipr\u00e9sence dans cette activit\u00e9.<\/p>\n<p>SUR LE FOND : la \u00ab Journ\u00e9e de Participation Citoyenne \u00bb comme son appellation l\u2019indique est un moment citoyen. Il s\u2019agit d\u2019un temps de 6h \u00e0 11h, une seule fois par mois, que le citoyen de Conakry est appel\u00e9 \u00e0 mettre \u00e0 profit pour nettoyer son environnement imm\u00e9diat, son quartier, sa commune et s\u2019il en a envie, aller dans d\u2019autres lieux comme les march\u00e9s, les places publiques, pour participer \u00e0 leur nettoyage. C\u2019est un moment collectif pour que le Conakryka pose un acte citoyen directement sur son environnement imm\u00e9diat et rien d\u2019autre !<\/p>\n<p>Du reste, la Guin\u00e9e n\u2019a rien invent\u00e9. Ce type de journ\u00e9e existe un peu partout dans d\u2019autres pays et invite voire oblige les citoyens \u00e0 s\u2019investir pour rendre propre leur territoire.<\/p>\n<p>Nous admirons et comparons tous Kigali \u00e0 notre Capitale. A Kigali par exemple, \u00ab l\u2019Umunga \u00bb est une journ\u00e9e obligatoire d\u00e9di\u00e9e, entre autres, au nettoyage des d\u00e9chets de la ville par les habitants. On peut le faire aussi chez nous !<\/p>\n<p>Si elle est inculqu\u00e9e dans l\u2019esprit de tous et appr\u00e9hend\u00e9e par tous, les forces vives (associations, partis politiques, organisations des travailleurs, jeunes, femmes, personnalit\u00e9s politiques de tous bords etc\u2026.) ne l\u00e9sineraient pas \u00e0 y prendre part. C\u2019est \u00e0 cela que nous devons aboutir.<\/p>\n<p>Une seule fois par mois de 6h \u00e0 11h, ne peut emp\u00eacher la tenue et le bon fonctionnement des Assembl\u00e9es G\u00e9n\u00e9rales de nos partis politiques qui ont lieu 4 fois par mois sauf erreur de ma part. Au contraire, cette journ\u00e9e citoyenne devrait \u00eatre l\u2019occasion pour nos partis de mobiliser davantage leurs militants dans les quartiers pour un acte citoyen.<\/p>\n<p>Pour les autres activit\u00e9s d\u2019ordre professionnel, acad\u00e9mique ou scolaire ou encore social, il n\u2019a jamais \u00e9t\u00e9 question d\u2019interdir aux gens de s\u2019acquitter de leurs devoirs sauf \u00e0 s\u2019organiser en cons\u00e9quence. C\u2019est certainement contraignant mais ce n\u2019est pas impossible. C\u2019est la cit\u00e9 qui en sortirait gagnante !<\/p>\n<p><strong>\u00a0Pourquoi une forte pr\u00e9sence du Minist\u00e8re des Travaux Publics ?<\/strong><\/p>\n<p>Les \u00e9quipes du Minist\u00e8re des Travaux Publics mettent \u00e0 disposition des moyens comme des camions pour enlever les ordures, curer des caniveaux et assainir les emprises des routes qui sont sous sa responsabilit\u00e9. Aux TP, nous essayons de mettre \u00e0 profit aussi cette journ\u00e9e comme d\u2019autres Institutions pourraient ou devraient \u00e9galement le faire.<\/p>\n<p><strong>De l\u2019op\u00e9rationnalisation de la mission d\u2019assainissement :<\/strong><\/p>\n<p>Le Gouvernement \u00e0 travers l\u2019Agence Nationale de Salubrit\u00e9 Publique (ANSP), tutelle du Minist\u00e8re de l\u2019Administration du Territoire et de la D\u00e9centralisation et certainement avec le Gouvernorat, travaille depuis toujours sur les strat\u00e9gies \u00e0 long terme pour permettre un assainissement efficient et efficace de la ville de Conakry.<\/p>\n<p>Un op\u00e9rateur priv\u00e9, sp\u00e9cialis\u00e9 dans le secteur, est en cours d\u2019\u00eatre s\u00e9lectionn\u00e9 pour non seulement la collecte et le traitement des ordures mais aussi pour coordonner l\u2019assainissement avec les \u00e9quipes municipales qui viennent d\u2019\u00eatre install\u00e9es.<\/p>\n<p>La Banque Islamique de D\u00e9veloppement (BID) et l\u2019Union Europ\u00e9enne apporteront un soutien \u00e0 cette d\u00e9marche tant dans la mise \u00e0 disposition de mat\u00e9riels divers \u00e0 l\u2019ANSP qu\u2019aux campagnes de sensibilisation et de renforcement de capacit\u00e9 des Mairies. C\u2019est une question de jours pour que cette op\u00e9rationnalisation soit concr\u00e8te.<\/p>\n<p>La pr\u00e9rogative des Mairies n\u2019est pas usurp\u00e9e. La pr\u00e9rogative du Gouvernorat n\u2019est pas usurp\u00e9e. La Pr\u00e9rogative de l\u2019ANSP ou du MATD n\u2019est pas usurp\u00e9e.<\/p>\n<p><strong>\u00a0Quid apr\u00e8s de la \u00ab Journ\u00e9e de Participation Citoyenne \u00bb ?<\/strong><\/p>\n<p>M\u00eame si l\u2019assainissement est d\u00e9finitivement confi\u00e9 aux Mairies et\/ou \u00e0 des entreprises sp\u00e9cialis\u00e9es, cette journ\u00e9e sera toujours de mise. Elle ne sera pas abolie, en tout cas, pas \u00e0 ma connaissance. Si cette journ\u00e9e prend compl\u00e8tement dans les habitudes \u2013 et c\u2019est mon ardent souhait -, ce sera un accompagnement des efforts que fourniront par exemple les Mairies dans ce domaine.<\/p>\n<p>D\u2019ailleurs, je voudrais, humblement, inviter les leaders politiques de tous bords \u00e0 mobiliser leurs partisans, \u00e0 la prochaine Journ\u00e9e Citoyenne, pour qu\u2019ensemble avec les jeunes, les femmes, les personnalit\u00e9s de la soci\u00e9t\u00e9 civile, les artistes etc., nous nettoyions les quartiers de nos Communes.<\/p>\n<p>Je voudrais \u00e9galement inviter les m\u00e9dias \u00e0 porter le message aupr\u00e8s des populations tant sur le bien-fond\u00e9 de la Journ\u00e9e Citoyenne que sur l\u2019appel \u00e0 prendre part \u00e0 cette activit\u00e9 tous les derniers samedis du mois, de 6h \u00e0 11h.<\/p>\n<p>Nous pouvons participer \u00e0 rendre Conakry propre.<\/p>\n<p>Nous pouvons le faire\u2026<\/p>\n<p><strong>MOUSTAPHA NA\u00cfTE<\/strong><\/p>\n<p>Ministre des Travaux Publics et Pr\u00e9sident de la Commission interminist\u00e9rielle de la \u00ab Journ\u00e9e de Participation Citoyenne aux Travaux d\u2019Assainissement de la Ville de Conakry d\u00e9nomm\u00e9e \u00ab Conakry Ville Propre \u00bb<\/p>\n<div class=\"printfriendly pf-alignleft\"><\/div>\n","protected":false},"excerpt":{"rendered":"<p>A chaque journ\u00e9e \u00ab Conakry Ville Propre \u00bb, des pol\u00e9miques ou interpr\u00e9tations diverses surgissent tant de la part des citoyens, des m\u00e9dias, de la soci\u00e9t\u00e9 civile que des politiques sur l\u2019utilit\u00e9 d\u2019une telle activit\u00e9. Je voudrais en ma double qualit\u00e9 de Ministre des Travaux Publics et Pr\u00e9sident de la Commission interminist\u00e9rielle qui veille \u00e0 l\u2019ex\u00e9cution [&hellip;]<\/p>\n","protected":false},"author":2,"featured_media":6684,"comment_status":"open","ping_status":"open","sticky":false,"template":"","format":"standard","meta":{"footnotes":""},"categories":[9],"tags":[],"class_list":["post-6683","post","type-post","status-publish","format-standard","has-post-thumbnail","hentry","category-publireportage"],"_links":{"self":[{"href":"http:\/\/www.friaguinee.net\/index.php\/wp-json\/wp\/v2\/posts\/6683","targetHints":{"allow":["GET"]}}],"collection":[{"href":"http:\/\/www.friaguinee.net\/index.php\/wp-json\/wp\/v2\/posts"}],"about":[{"href":"http:\/\/www.friaguinee.net\/index.php\/wp-json\/wp\/v2\/types\/post"}],"author":[{"embeddable":true,"href":"http:\/\/www.friaguinee.net\/index.php\/wp-json\/wp\/v2\/users\/2"}],"replies":[{"embeddable":true,"href":"http:\/\/www.friaguinee.net\/index.php\/wp-json\/wp\/v2\/comments?post=6683"}],"version-history":[{"count":1,"href":"http:\/\/www.friaguinee.net\/index.php\/wp-json\/wp\/v2\/posts\/6683\/revisions"}],"predecessor-version":[{"id":6685,"href":"http:\/\/www.friaguinee.net\/index.php\/wp-json\/wp\/v2\/posts\/6683\/revisions\/6685"}],"wp:featuredmedia":[{"embeddable":true,"href":"http:\/\/www.friaguinee.net\/index.php\/wp-json\/wp\/v2\/media\/6684"}],"wp:attachment":[{"href":"http:\/\/www.friaguinee.net\/index.php\/wp-json\/wp\/v2\/media?parent=6683"}],"wp:term":[{"taxonomy":"category","embeddable":true,"href":"http:\/\/www.friaguinee.net\/index.php\/wp-json\/wp\/v2\/categories?post=6683"},{"taxonomy":"post_tag","embeddable":true,"href":"http:\/\/www.friaguinee.net\/index.php\/wp-json\/wp\/v2\/tags?post=6683"}],"curies":[{"name":"wp","href":"https:\/\/api.w.org\/{rel}","templated":true}]}}