{"id":610,"date":"2017-12-28T22:07:43","date_gmt":"2017-12-28T21:07:43","guid":{"rendered":"http:\/\/www.friaguinee.net\/?p=610"},"modified":"2017-12-29T02:34:02","modified_gmt":"2017-12-29T01:34:02","slug":"fria-occupation-anarchique-de-larriere-de-bicigui-responsables-marche-haussent","status":"publish","type":"post","link":"http:\/\/www.friaguinee.net\/index.php\/2017\/12\/28\/fria-occupation-anarchique-de-larriere-de-bicigui-responsables-marche-haussent\/","title":{"rendered":"Fria\u00a0: Occupation anarchique de l&rsquo;arri\u00e8re de la Bicigui\u00a0, les responsables du march\u00e9 haussent le ton"},"content":{"rendered":"<p>Plusieurs femmes vendeuses de Fria ont abandonn\u00e9 l\u2019int\u00e9rieur du march\u00e9 pour s\u2019installer derriere la Bicigui, un espace am\u00e9nag\u00e9 pour servir de parking. Cette occupation anarchique a plusieurs fois \u00e9t\u00e9 \u00a0d\u00e9nonc\u00e9e par les citoyens et les responsables du march\u00e9, mais les responsables de la commune urbaine se sont toujours montr\u00e9s impuissants face \u00e0 la situation. Des dispositions sont souvent annonc\u00e9es mais n\u2019ont jamais \u00e9t\u00e9 appliqu\u00e9es.<\/p>\n<p><img loading=\"lazy\" decoding=\"async\" class=\" wp-image-612 alignleft\" src=\"http:\/\/www.friaguinee.net\/wp-content\/uploads\/2017\/12\/26175263_1982525452003891_871762346_n-225x300.jpg\" alt=\"\" width=\"190\" height=\"253\" srcset=\"http:\/\/www.friaguinee.net\/wp-content\/uploads\/2017\/12\/26175263_1982525452003891_871762346_n-225x300.jpg 225w, http:\/\/www.friaguinee.net\/wp-content\/uploads\/2017\/12\/26175263_1982525452003891_871762346_n-696x928.jpg 696w, http:\/\/www.friaguinee.net\/wp-content\/uploads\/2017\/12\/26175263_1982525452003891_871762346_n-315x420.jpg 315w, http:\/\/www.friaguinee.net\/wp-content\/uploads\/2017\/12\/26175263_1982525452003891_871762346_n.jpg 720w\" sizes=\"auto, (max-width: 190px) 100vw, 190px\" \/><\/p>\n<p>Interrog\u00e9es par Friaguinee.net, certaines vendeuses ont \u00e9voqu\u00e9 les raisons pour lesquelles elles pr\u00e9f\u00e8rent cet endroit\u00a0: \u00ab\u00a0 moi je suis l\u00e0 parce que je n\u2019ai pas eu de place dans le march\u00e9 et puisque je ne veux pas rester \u00e0 la maison sans faire le commerce parce que j\u2019ai des enfants, je suis venue m\u2019installer ici\u00a0\u00bb a dit Aissatou Diallo.<\/p>\n<p>\u00ab\u00a0Actuellement \u00e0 Fria, plusieurs femmes qui viennent acheter des condiments viennent sur les motos-taxis et c\u2019est ici que ces motos s\u2019arr\u00eatent. Ces femmes ont la paresse de rentrer dans le march\u00e9, donc\u00a0 on a remarqu\u00e9 que c\u2019est ici que \u00e7a marche bien, c\u2019est pourquoi on est l\u00e0\u00a0\u00bb a martel\u00e9 Kadiatou Sylla.<\/p>\n<p>Conscients des dangers auxquels ces femmes sont expos\u00e9es, les responsables du bureau du march\u00e9 ont d\u00e9cid\u00e9 de passer \u00e0 la vitesse sup\u00e9rieure\u00a0:\u00a0\u00ab pour\u00a0celles qui occupent derri\u00e8re la Bicigui, nous avons pris nos dispositions, \u00e0 partir de l&rsquo;instant quiconque on trouvera l\u00e0-bas, nous appliquerons la loi sur lui. Elles sont venues s\u2019installer comme elles veulent alors qu\u2019elles sont expos\u00e9es \u00e0 des dangers. On avait m\u00eame mis des limites pour pouvoir laisser un peu d&rsquo;espace pour le passage des v\u00e9hicules \u00a0mais elles ne comprennent pas et d\u00e9bordent toujours\u00a0\u00bb a averti Abdoulaye Path\u00e9 Diallo, s\u00e9cretaire \u00a0g\u00e9n\u00e9ral charg\u00e9 de l\u2019insalubrit\u00e9.<\/p>\n<p><img loading=\"lazy\" decoding=\"async\" class=\"wp-image-613 aligncenter\" src=\"http:\/\/www.friaguinee.net\/wp-content\/uploads\/2017\/12\/26105588_1982525548670548_864643568_n-300x225.jpg\" alt=\"\" width=\"260\" height=\"195\" srcset=\"http:\/\/www.friaguinee.net\/wp-content\/uploads\/2017\/12\/26105588_1982525548670548_864643568_n-300x225.jpg 300w, http:\/\/www.friaguinee.net\/wp-content\/uploads\/2017\/12\/26105588_1982525548670548_864643568_n-768x576.jpg 768w, http:\/\/www.friaguinee.net\/wp-content\/uploads\/2017\/12\/26105588_1982525548670548_864643568_n-80x60.jpg 80w, http:\/\/www.friaguinee.net\/wp-content\/uploads\/2017\/12\/26105588_1982525548670548_864643568_n-265x198.jpg 265w, http:\/\/www.friaguinee.net\/wp-content\/uploads\/2017\/12\/26105588_1982525548670548_864643568_n-696x522.jpg 696w, http:\/\/www.friaguinee.net\/wp-content\/uploads\/2017\/12\/26105588_1982525548670548_864643568_n-560x420.jpg 560w, http:\/\/www.friaguinee.net\/wp-content\/uploads\/2017\/12\/26105588_1982525548670548_864643568_n.jpg 960w\" sizes=\"auto, (max-width: 260px) 100vw, 260px\" \/><\/p>\n<p>A rappeler qu\u2019au mois de F\u00e9vrier dernier un accident mortel y a \u00e9t\u00e9 \u00e9vit\u00e9 de justesse . Le chauffeur d\u2019un camion rempli de marchandises avait perdu le contr\u00f4le de son engin qui avait caus\u00e9 un important d\u00e9g\u00e2t mat\u00e9riel.<\/p>\n<p>Oumou Hawa Kant\u00e9<\/p>\n<p><img loading=\"lazy\" decoding=\"async\" class=\"wp-image-491 alignleft\" src=\"http:\/\/www.friaguinee.net\/wp-content\/uploads\/2017\/12\/received_1979925165597253-221x300.jpeg\" alt=\"\" width=\"59\" height=\"80\" srcset=\"http:\/\/www.friaguinee.net\/wp-content\/uploads\/2017\/12\/received_1979925165597253-221x300.jpeg 221w, http:\/\/www.friaguinee.net\/wp-content\/uploads\/2017\/12\/received_1979925165597253-768x1044.jpeg 768w, http:\/\/www.friaguinee.net\/wp-content\/uploads\/2017\/12\/received_1979925165597253-754x1024.jpeg 754w, http:\/\/www.friaguinee.net\/wp-content\/uploads\/2017\/12\/received_1979925165597253-696x946.jpeg 696w, http:\/\/www.friaguinee.net\/wp-content\/uploads\/2017\/12\/received_1979925165597253-309x420.jpeg 309w, http:\/\/www.friaguinee.net\/wp-content\/uploads\/2017\/12\/received_1979925165597253.jpeg 942w\" sizes=\"auto, (max-width: 59px) 100vw, 59px\" \/>Tel:624 38 63 21<\/p>\n","protected":false},"excerpt":{"rendered":"<p>Plusieurs femmes vendeuses de Fria ont abandonn\u00e9 l\u2019int\u00e9rieur du march\u00e9 pour s\u2019installer derriere la Bicigui, un espace am\u00e9nag\u00e9 pour servir de parking. Cette occupation anarchique a plusieurs fois \u00e9t\u00e9 \u00a0d\u00e9nonc\u00e9e par les citoyens et les responsables du march\u00e9, mais les responsables de la commune urbaine se sont toujours montr\u00e9s impuissants face \u00e0 la situation. Des [&hellip;]<\/p>\n","protected":false},"author":2,"featured_media":611,"comment_status":"open","ping_status":"open","sticky":false,"template":"","format":"standard","meta":{"footnotes":""},"categories":[3],"tags":[],"class_list":["post-610","post","type-post","status-publish","format-standard","has-post-thumbnail","hentry","category-societe"],"_links":{"self":[{"href":"http:\/\/www.friaguinee.net\/index.php\/wp-json\/wp\/v2\/posts\/610","targetHints":{"allow":["GET"]}}],"collection":[{"href":"http:\/\/www.friaguinee.net\/index.php\/wp-json\/wp\/v2\/posts"}],"about":[{"href":"http:\/\/www.friaguinee.net\/index.php\/wp-json\/wp\/v2\/types\/post"}],"author":[{"embeddable":true,"href":"http:\/\/www.friaguinee.net\/index.php\/wp-json\/wp\/v2\/users\/2"}],"replies":[{"embeddable":true,"href":"http:\/\/www.friaguinee.net\/index.php\/wp-json\/wp\/v2\/comments?post=610"}],"version-history":[{"count":0,"href":"http:\/\/www.friaguinee.net\/index.php\/wp-json\/wp\/v2\/posts\/610\/revisions"}],"wp:featuredmedia":[{"embeddable":true,"href":"http:\/\/www.friaguinee.net\/index.php\/wp-json\/wp\/v2\/media\/611"}],"wp:attachment":[{"href":"http:\/\/www.friaguinee.net\/index.php\/wp-json\/wp\/v2\/media?parent=610"}],"wp:term":[{"taxonomy":"category","embeddable":true,"href":"http:\/\/www.friaguinee.net\/index.php\/wp-json\/wp\/v2\/categories?post=610"},{"taxonomy":"post_tag","embeddable":true,"href":"http:\/\/www.friaguinee.net\/index.php\/wp-json\/wp\/v2\/tags?post=610"}],"curies":[{"name":"wp","href":"https:\/\/api.w.org\/{rel}","templated":true}]}}