{"id":6064,"date":"2018-12-01T14:01:30","date_gmt":"2018-12-01T14:01:30","guid":{"rendered":"http:\/\/www.friaguinee.net\/?p=6064"},"modified":"2018-12-01T14:30:34","modified_gmt":"2018-12-01T14:30:34","slug":"fria-sida-les-statistiques-sont-alarmantes","status":"publish","type":"post","link":"http:\/\/www.friaguinee.net\/index.php\/2018\/12\/01\/fria-sida-les-statistiques-sont-alarmantes\/","title":{"rendered":"Fria\/ Sida: les statistiques sont alarmantes !"},"content":{"rendered":"<div id=\"m427\" class=\"mail-message expanded\">\n<p>Le 1er d\u00e9cembre de chaque ann\u00e9e, est c\u00e9l\u00e9br\u00e9e la journ\u00e9e mondiale de lutte contre le Sida.<img loading=\"lazy\" decoding=\"async\" class=\"aligncenter size-medium wp-image-6070\" src=\"http:\/\/www.friaguinee.net\/wp-content\/uploads\/2018\/12\/IMG_20181201_103840-300x225.jpg\" alt=\"\" width=\"300\" height=\"225\" srcset=\"http:\/\/www.friaguinee.net\/wp-content\/uploads\/2018\/12\/IMG_20181201_103840-300x225.jpg 300w, http:\/\/www.friaguinee.net\/wp-content\/uploads\/2018\/12\/IMG_20181201_103840-768x576.jpg 768w, http:\/\/www.friaguinee.net\/wp-content\/uploads\/2018\/12\/IMG_20181201_103840-1024x768.jpg 1024w, http:\/\/www.friaguinee.net\/wp-content\/uploads\/2018\/12\/IMG_20181201_103840-80x60.jpg 80w, http:\/\/www.friaguinee.net\/wp-content\/uploads\/2018\/12\/IMG_20181201_103840-265x198.jpg 265w, http:\/\/www.friaguinee.net\/wp-content\/uploads\/2018\/12\/IMG_20181201_103840-696x522.jpg 696w, http:\/\/www.friaguinee.net\/wp-content\/uploads\/2018\/12\/IMG_20181201_103840-1068x801.jpg 1068w, http:\/\/www.friaguinee.net\/wp-content\/uploads\/2018\/12\/IMG_20181201_103840-560x420.jpg 560w\" sizes=\"auto, (max-width: 300px) 100vw, 300px\" \/><\/p>\n<div style=\"text-align: justify;\">La ville mini\u00e8re de Fria n&rsquo;est jamais en marge de cette c\u00e9l\u00e9bration, c&rsquo;est pourquoi le RESIDAF a r\u00e9uni au centre d&rsquo;autonomisation et de promotion des femmes, les autorit\u00e9s pr\u00e9fectorales, communales, les services de s\u00e9curit\u00e9, la soci\u00e9t\u00e9 civile et les partenaires techniques et financiers pour proc\u00e9der au lancement officiel des activit\u00e9s de sensibilisation en vue de d\u00e9finitivement \u00e9radiquer ce fl\u00e9au dans la cit\u00e9.<img loading=\"lazy\" decoding=\"async\" class=\"aligncenter size-medium wp-image-6066\" src=\"http:\/\/www.friaguinee.net\/wp-content\/uploads\/2018\/12\/IMG_20181201_103855-225x300.jpg\" alt=\"\" width=\"225\" height=\"300\" srcset=\"http:\/\/www.friaguinee.net\/wp-content\/uploads\/2018\/12\/IMG_20181201_103855-225x300.jpg 225w, http:\/\/www.friaguinee.net\/wp-content\/uploads\/2018\/12\/IMG_20181201_103855-768x1024.jpg 768w, http:\/\/www.friaguinee.net\/wp-content\/uploads\/2018\/12\/IMG_20181201_103855-696x928.jpg 696w, http:\/\/www.friaguinee.net\/wp-content\/uploads\/2018\/12\/IMG_20181201_103855-1068x1424.jpg 1068w, http:\/\/www.friaguinee.net\/wp-content\/uploads\/2018\/12\/IMG_20181201_103855-315x420.jpg 315w, http:\/\/www.friaguinee.net\/wp-content\/uploads\/2018\/12\/IMG_20181201_103855.jpg 1920w\" sizes=\"auto, (max-width: 225px) 100vw, 225px\" \/><\/div>\n<div class=\"mail-message-content collapsible zoom-normal mail-show-images \">\n<div class=\"clear\">\n<div dir=\"auto\">\n<div dir=\"auto\">A l&rsquo;entame, c&rsquo;est la coordinatrice du r\u00e9seau sida action de Fria qui a souhait\u00e9 la bienvenue aux autorit\u00e9s et citoyens pr\u00e9sents dans la salle, avant de revenir sur les objectifs du RESIDAF.<\/div>\n<div dir=\"auto\">&lt;&lt;&#8230; Le r\u00e9seau SIDA ACTION de Fria qui a l&rsquo;honneur de vous recevoir est n\u00e9 de la volont\u00e9 manifeste de quinze associations et ONG intervenant dans la lutte contre le sida sous l&rsquo;encadrement de la direction pr\u00e9fectorale de la sant\u00e9&#8230; N\u00e9 en d\u00e9cembre 2008, ce r\u00e9seau a pour objectif de concevoir et de mettre en \u0153uvre les projets communs \u00e0 toutes les associations et organisations membres du r\u00e9seau; assurer la couverture de toute la pr\u00e9fecture ; soutenir les projets individuels; d\u00e9velopper des relations de partenariat avec d&rsquo;autres r\u00e9seaux et ONG nationales et internationales; renforcer les capacit\u00e9s des membres; rechercher des partenaires techniques et financiers ; produire et diffuser des supports didactiques sur les IST\/VIH Sida&#8230;&gt;&gt; a \u00e9num\u00e9r\u00e9 Dr Ramata Doukour\u00e9.<\/div>\n<div dir=\"auto\"><img loading=\"lazy\" decoding=\"async\" class=\"aligncenter size-medium wp-image-6067\" src=\"http:\/\/www.friaguinee.net\/wp-content\/uploads\/2018\/12\/IMG_20181201_104543-225x300.jpg\" alt=\"\" width=\"225\" height=\"300\" srcset=\"http:\/\/www.friaguinee.net\/wp-content\/uploads\/2018\/12\/IMG_20181201_104543-225x300.jpg 225w, http:\/\/www.friaguinee.net\/wp-content\/uploads\/2018\/12\/IMG_20181201_104543-768x1024.jpg 768w, http:\/\/www.friaguinee.net\/wp-content\/uploads\/2018\/12\/IMG_20181201_104543-696x928.jpg 696w, http:\/\/www.friaguinee.net\/wp-content\/uploads\/2018\/12\/IMG_20181201_104543-1068x1424.jpg 1068w, http:\/\/www.friaguinee.net\/wp-content\/uploads\/2018\/12\/IMG_20181201_104543-315x420.jpg 315w, http:\/\/www.friaguinee.net\/wp-content\/uploads\/2018\/12\/IMG_20181201_104543.jpg 1920w\" sizes=\"auto, (max-width: 225px) 100vw, 225px\" \/><\/div>\n<div dir=\"auto\">Parlant du th\u00e8me retenu cette ann\u00e9e, la coordinatrice a signifi\u00e9 qu&rsquo;il est une suite logique des th\u00e8mes des ann\u00e9es pr\u00e9c\u00e9dentes notamment 2015 qui avait pour objectif les trois fois quatre vingt dix, qui signifie qu&rsquo;en 2020, 90% des personnes vivants avec le VIH conna\u00eetront leur statut s\u00e9rologique, 90% de ces personnes auront acc\u00e8s aux antir\u00e9troviraux, 90% sous traitement auront une charge virale ind\u00e9tectable. C&rsquo;est ce qui dit-elle, nous conduira, dans un bref d\u00e9lai, \u00e0 l&rsquo;\u00e9radication du VIH Sida de la plan\u00e8te.<img loading=\"lazy\" decoding=\"async\" class=\"aligncenter size-medium wp-image-6068\" src=\"http:\/\/www.friaguinee.net\/wp-content\/uploads\/2018\/12\/IMG_20181201_105825-300x225.jpg\" alt=\"\" width=\"300\" height=\"225\" srcset=\"http:\/\/www.friaguinee.net\/wp-content\/uploads\/2018\/12\/IMG_20181201_105825-300x225.jpg 300w, http:\/\/www.friaguinee.net\/wp-content\/uploads\/2018\/12\/IMG_20181201_105825-768x576.jpg 768w, http:\/\/www.friaguinee.net\/wp-content\/uploads\/2018\/12\/IMG_20181201_105825-1024x768.jpg 1024w, http:\/\/www.friaguinee.net\/wp-content\/uploads\/2018\/12\/IMG_20181201_105825-80x60.jpg 80w, http:\/\/www.friaguinee.net\/wp-content\/uploads\/2018\/12\/IMG_20181201_105825-265x198.jpg 265w, http:\/\/www.friaguinee.net\/wp-content\/uploads\/2018\/12\/IMG_20181201_105825-696x522.jpg 696w, http:\/\/www.friaguinee.net\/wp-content\/uploads\/2018\/12\/IMG_20181201_105825-1068x801.jpg 1068w, http:\/\/www.friaguinee.net\/wp-content\/uploads\/2018\/12\/IMG_20181201_105825-560x420.jpg 560w\" sizes=\"auto, (max-width: 300px) 100vw, 300px\" \/><\/div>\n<div dir=\"auto\">Si ce 1er d\u00e9cembre est une occasion d&rsquo;interpeller les autorit\u00e9s et les citoyens sur l&rsquo;ampleur du VIH Sida, c&rsquo;est aussi le lieu de mettre \u00e0 la disposition de tous, les statistiques inqui\u00e9tantes dont dispose le r\u00e9seau. A titre d&rsquo;exemple, du 1er juillet 2018 au 30 novembre 2018, sur 246 tests r\u00e9alis\u00e9s \u00e0 l&rsquo;h\u00f4pital pr\u00e9fectoral, 73 \u00e9taient positifs au VIH, dont 22 femmes et deux enfants.<\/div>\n<div dir=\"auto\">Dans sa prise de parole, le charg\u00e9 de communication de la direction pr\u00e9fectorale de la sant\u00e9, a pour sa part, donn\u00e9 les statistiques g\u00e9n\u00e9rales de personnes atteintes du VIH dans la pr\u00e9fecture de Fria et a invit\u00e9 chacun \u00e0 conna\u00eetre son statut s\u00e9rologique.<\/div>\n<div dir=\"auto\">&lt;&lt; &#8230; Malgr\u00e9 les efforts des associations et ONG, du gouvernement et des partenaires, du 1er janvier au 3 octobre 2018, 230 cas de VIH ont \u00e9t\u00e9 enregistr\u00e9s dans la pr\u00e9fecture de Fria&#8230;les r\u00e9sultats sont inqui\u00e9tants, nous vous invitons \u00e0 aller vers les centres de d\u00e9pistage pour conna\u00eetre votre statut, c&rsquo;est confidentiel. Si vous \u00eates atteints, sachez que les m\u00e9dicaments sont gratuitement disponibles dans nos deux h\u00f4pitaux&#8230;&gt;&gt; a indiqu\u00e9 Dr Ibrahima Kankalab\u00e9 Diallo.<img loading=\"lazy\" decoding=\"async\" class=\"aligncenter size-medium wp-image-6069\" src=\"http:\/\/www.friaguinee.net\/wp-content\/uploads\/2018\/12\/IMG_20181201_105349-225x300.jpg\" alt=\"\" width=\"225\" height=\"300\" srcset=\"http:\/\/www.friaguinee.net\/wp-content\/uploads\/2018\/12\/IMG_20181201_105349-225x300.jpg 225w, http:\/\/www.friaguinee.net\/wp-content\/uploads\/2018\/12\/IMG_20181201_105349-768x1024.jpg 768w, http:\/\/www.friaguinee.net\/wp-content\/uploads\/2018\/12\/IMG_20181201_105349-696x928.jpg 696w, http:\/\/www.friaguinee.net\/wp-content\/uploads\/2018\/12\/IMG_20181201_105349-1068x1424.jpg 1068w, http:\/\/www.friaguinee.net\/wp-content\/uploads\/2018\/12\/IMG_20181201_105349-315x420.jpg 315w, http:\/\/www.friaguinee.net\/wp-content\/uploads\/2018\/12\/IMG_20181201_105349.jpg 1920w\" sizes=\"auto, (max-width: 225px) 100vw, 225px\" \/><\/div>\n<div dir=\"auto\">Le maire de la commune urbaine et le madame le Pr\u00e9fet ont chacun \u00e0 son tour, prodiguer des conseils \u00e0 l&rsquo;auditoire, afin de parvenir \u00e0 l&rsquo;objectif que se sont assign\u00e9s le gouvernement et les partenaires, pour \u00e9radiquer le VIH.<\/div>\n<div dir=\"auto\">A rappeler que c&rsquo;est sous le th\u00e8me \u00a0\u00bb Connais ton statut et fait en sorte que les autres sachent autant\u00a0\u00bb que la journ\u00e9e du 1er d\u00e9cembre 2018 est c\u00e9l\u00e9br\u00e9e.<\/div>\n<div dir=\"auto\"><\/div>\n<div dir=\"auto\">Dj\u00e9nabou Batco Diallo<\/div>\n<div dir=\"auto\"><\/div>\n<div dir=\"auto\"><\/div>\n<\/div>\n<\/div>\n<\/div>\n<div class=\"mail-message-footer spacer collapsible\"><\/div>\n<\/div>\n<div id=\"conversation-footer\" class=\"spacer\"><\/div>\n","protected":false},"excerpt":{"rendered":"<p>Le 1er d\u00e9cembre de chaque ann\u00e9e, est c\u00e9l\u00e9br\u00e9e la journ\u00e9e mondiale de lutte contre le Sida. La ville mini\u00e8re de Fria n&rsquo;est jamais en marge de cette c\u00e9l\u00e9bration, c&rsquo;est pourquoi le RESIDAF a r\u00e9uni au centre d&rsquo;autonomisation et de promotion des femmes, les autorit\u00e9s pr\u00e9fectorales, communales, les services de s\u00e9curit\u00e9, la soci\u00e9t\u00e9 civile et les [&hellip;]<\/p>\n","protected":false},"author":2,"featured_media":6071,"comment_status":"open","ping_status":"open","sticky":false,"template":"","format":"standard","meta":{"footnotes":""},"categories":[4],"tags":[49,636,637],"class_list":["post-6064","post","type-post","status-publish","format-standard","has-post-thumbnail","hentry","category-sante","tag-fria","tag-sida","tag-statistiques"],"_links":{"self":[{"href":"http:\/\/www.friaguinee.net\/index.php\/wp-json\/wp\/v2\/posts\/6064","targetHints":{"allow":["GET"]}}],"collection":[{"href":"http:\/\/www.friaguinee.net\/index.php\/wp-json\/wp\/v2\/posts"}],"about":[{"href":"http:\/\/www.friaguinee.net\/index.php\/wp-json\/wp\/v2\/types\/post"}],"author":[{"embeddable":true,"href":"http:\/\/www.friaguinee.net\/index.php\/wp-json\/wp\/v2\/users\/2"}],"replies":[{"embeddable":true,"href":"http:\/\/www.friaguinee.net\/index.php\/wp-json\/wp\/v2\/comments?post=6064"}],"version-history":[{"count":3,"href":"http:\/\/www.friaguinee.net\/index.php\/wp-json\/wp\/v2\/posts\/6064\/revisions"}],"predecessor-version":[{"id":6077,"href":"http:\/\/www.friaguinee.net\/index.php\/wp-json\/wp\/v2\/posts\/6064\/revisions\/6077"}],"wp:featuredmedia":[{"embeddable":true,"href":"http:\/\/www.friaguinee.net\/index.php\/wp-json\/wp\/v2\/media\/6071"}],"wp:attachment":[{"href":"http:\/\/www.friaguinee.net\/index.php\/wp-json\/wp\/v2\/media?parent=6064"}],"wp:term":[{"taxonomy":"category","embeddable":true,"href":"http:\/\/www.friaguinee.net\/index.php\/wp-json\/wp\/v2\/categories?post=6064"},{"taxonomy":"post_tag","embeddable":true,"href":"http:\/\/www.friaguinee.net\/index.php\/wp-json\/wp\/v2\/tags?post=6064"}],"curies":[{"name":"wp","href":"https:\/\/api.w.org\/{rel}","templated":true}]}}