{"id":5942,"date":"2018-11-13T07:28:19","date_gmt":"2018-11-13T07:28:19","guid":{"rendered":"http:\/\/www.friaguinee.net\/?p=5942"},"modified":"2018-11-13T08:14:45","modified_gmt":"2018-11-13T08:14:45","slug":"amnesty-international-a-annonce-lundi-quelle-retire-a-aung-san-suu-kyi-sa-distinction-la-plus-prestigieuse-le-prix-dambassadeur-de-la-conscience-au-motif-que-la-dirigeante-du-myanmar-a-trahi-h","status":"publish","type":"post","link":"http:\/\/www.friaguinee.net\/index.php\/2018\/11\/13\/amnesty-international-a-annonce-lundi-quelle-retire-a-aung-san-suu-kyi-sa-distinction-la-plus-prestigieuse-le-prix-dambassadeur-de-la-conscience-au-motif-que-la-dirigeante-du-myanmar-a-trahi-h\/","title":{"rendered":"Amnesty retire son prix d&rsquo;Ambassadeur de la conscience \u00e0 Aung San Suu Kyi"},"content":{"rendered":"<p>Amnesty International a annonc\u00e9 lundi qu&rsquo;elle retire \u00e0 Aung San Suu Kyi sa distinction la plus prestigieuse, le prix d&rsquo;Ambassadeur de la conscience, au motif que \u00ab\u00a0<em>la dirigeante du Myanmar a trahi honteusement les valeurs qu&rsquo;elle a longtemps d\u00e9fendu<\/em>\u00ab\u00a0, selon l&rsquo;organisation de d\u00e9fense des droits humains.<\/p>\n<p>\u00ab\u00a0<em>Aujourd&rsquo;hui, nous sommes profond\u00e9ment d\u00e9\u00e7us que vous ne soyez plus un symbole d&rsquo;espoir, de courage et de d\u00e9fense inlassable des droits humains. Amnesty International ne peut pas justifier le maintien de votre statut de laur\u00e9ate du prix d&rsquo;Ambassadrice de la conscience et c&rsquo;est avec une grande tristesse que nous vous le retirons<\/em>\u00ab\u00a0, a indiqu\u00e9 son secr\u00e9taire g\u00e9n\u00e9ral Kumi Naidoo.<\/p>\n<p><strong>Indiff\u00e9rence face au massacre des Rohingyas<\/strong><\/p>\n<p>Le chef de l&rsquo;organisation a \u00e9crit dimanche \u00e0 Aung San Suu Kyi pour l&rsquo;informer que l&rsquo;organisation lui retire le prix qu&rsquo;elle lui avait d\u00e9cern\u00e9 en 2009. Alors que la dirigeante birmane arrive \u00e0 mi-mandat, huit ans apr\u00e8s sa lib\u00e9ration de r\u00e9sidence surveill\u00e9e, Kumi Naidoo a exprim\u00e9 la d\u00e9ception de constater qu&rsquo;elle n&rsquo;a pas us\u00e9 de son autorit\u00e9 politique et morale pour prot\u00e9ger les droits humains, la justice ou l&rsquo;\u00e9galit\u00e9 au Myanmar, \u00e9voquant son indiff\u00e9rence manifeste face aux atrocit\u00e9s commises par l&rsquo;arm\u00e9e birmane et \u00e0 l&rsquo;intol\u00e9rance croissante vis-\u00e0-vis de la libert\u00e9 d&rsquo;expression.<\/p>\n<p>Amnesty d\u00e9nonce en effet le silence de la dirigeante et de son gouvernement face aux faits commis par l&rsquo;arm\u00e9e contre la minorit\u00e9 musulmane des Rohingyas, qui vivent depuis des ann\u00e9es sous un r\u00e9gime de s\u00e9gr\u00e9gation et de discrimination constituant une forme d&rsquo;apartheid.<\/p>\n<p>Depuis deux ans que le gouvernement d&rsquo;Aung San Suu Kyi est aux manettes, des d\u00e9fenseurs des droits humains, des militants pacifiques et des journalistes ont \u00e9t\u00e9 arr\u00eat\u00e9s et emprisonn\u00e9s, tandis que d&rsquo;autres sont en butte aux menaces, au harc\u00e8lement et \u00e0 l&rsquo;intimidation en raison de leur travail, d\u00e9nonce l&rsquo;organisation.<\/p>\n<p>\u00ab\u00a0<em>Nous continuerons de lutter pour la justice et les droits fondamentaux au Myanmar, avec ou sans son soutien<\/em>\u00ab\u00a0, conclut le secr\u00e9taire g\u00e9n\u00e9ral d&rsquo;Amnesty.<\/p>\n<p>Source\u00a0: RTBF<\/p>\n","protected":false},"excerpt":{"rendered":"<p>Amnesty International a annonc\u00e9 lundi qu&rsquo;elle retire \u00e0 Aung San Suu Kyi sa distinction la plus prestigieuse, le prix d&rsquo;Ambassadeur de la conscience, au motif que \u00ab\u00a0la dirigeante du Myanmar a trahi honteusement les valeurs qu&rsquo;elle a longtemps d\u00e9fendu\u00ab\u00a0, selon l&rsquo;organisation de d\u00e9fense des droits humains. \u00ab\u00a0Aujourd&rsquo;hui, nous sommes profond\u00e9ment d\u00e9\u00e7us que vous ne soyez [&hellip;]<\/p>\n","protected":false},"author":2,"featured_media":5943,"comment_status":"open","ping_status":"open","sticky":false,"template":"","format":"standard","meta":{"footnotes":""},"categories":[43],"tags":[],"class_list":["post-5942","post","type-post","status-publish","format-standard","has-post-thumbnail","hentry","category-monde"],"_links":{"self":[{"href":"http:\/\/www.friaguinee.net\/index.php\/wp-json\/wp\/v2\/posts\/5942","targetHints":{"allow":["GET"]}}],"collection":[{"href":"http:\/\/www.friaguinee.net\/index.php\/wp-json\/wp\/v2\/posts"}],"about":[{"href":"http:\/\/www.friaguinee.net\/index.php\/wp-json\/wp\/v2\/types\/post"}],"author":[{"embeddable":true,"href":"http:\/\/www.friaguinee.net\/index.php\/wp-json\/wp\/v2\/users\/2"}],"replies":[{"embeddable":true,"href":"http:\/\/www.friaguinee.net\/index.php\/wp-json\/wp\/v2\/comments?post=5942"}],"version-history":[{"count":3,"href":"http:\/\/www.friaguinee.net\/index.php\/wp-json\/wp\/v2\/posts\/5942\/revisions"}],"predecessor-version":[{"id":5948,"href":"http:\/\/www.friaguinee.net\/index.php\/wp-json\/wp\/v2\/posts\/5942\/revisions\/5948"}],"wp:featuredmedia":[{"embeddable":true,"href":"http:\/\/www.friaguinee.net\/index.php\/wp-json\/wp\/v2\/media\/5943"}],"wp:attachment":[{"href":"http:\/\/www.friaguinee.net\/index.php\/wp-json\/wp\/v2\/media?parent=5942"}],"wp:term":[{"taxonomy":"category","embeddable":true,"href":"http:\/\/www.friaguinee.net\/index.php\/wp-json\/wp\/v2\/categories?post=5942"},{"taxonomy":"post_tag","embeddable":true,"href":"http:\/\/www.friaguinee.net\/index.php\/wp-json\/wp\/v2\/tags?post=5942"}],"curies":[{"name":"wp","href":"https:\/\/api.w.org\/{rel}","templated":true}]}}